{"id":175246,"date":"2020-11-27T00:04:55","date_gmt":"2020-11-26T23:04:55","guid":{"rendered":"http:\/\/www.leccecronaca.it\/?p=175246"},"modified":"2020-12-04T09:07:31","modified_gmt":"2020-12-04T08:07:31","slug":"via-dalla-pizzica-business-la-riscoperta-dello-spirito-comunitario-della-taranta-in-un-saggio-di-tullia-conte-che-a-leccecronaca-it-denuncia-senza-mezzi-termini-le-falsificazioni-a-piu-livelli-te","status":"publish","type":"post","link":"https:\/\/www.leccecronaca.it\/index.php\/2020\/11\/27\/via-dalla-pizzica-business-la-riscoperta-dello-spirito-comunitario-della-taranta-in-un-saggio-di-tullia-conte-che-a-leccecronaca-it-denuncia-senza-mezzi-termini-le-falsificazioni-a-piu-livelli-te\/","title":{"rendered":"VIA DALLA PIZZICA-BUSINESS!"},"content":{"rendered":"<p><img decoding=\"async\" loading=\"lazy\" class=\"alignnone size-full wp-image-175247\" src=\"https:\/\/www.leccecronaca.it\/wordpress\/wp-content\/uploads\/2020\/11\/tc.jpg\" alt=\"\" width=\"1400\" height=\"400\" srcset=\"https:\/\/www.leccecronaca.it\/wordpress\/wp-content\/uploads\/2020\/11\/tc.jpg 1400w, https:\/\/www.leccecronaca.it\/wordpress\/wp-content\/uploads\/2020\/11\/tc-300x86.jpg 300w, https:\/\/www.leccecronaca.it\/wordpress\/wp-content\/uploads\/2020\/11\/tc-1024x293.jpg 1024w, https:\/\/www.leccecronaca.it\/wordpress\/wp-content\/uploads\/2020\/11\/tc-768x219.jpg 768w\" sizes=\"(max-width: 1400px) 100vw, 1400px\" \/><\/p>\n<p><strong>LA RISCOPERTA DELLO SPIRITO COMUNITARIO DELLA TARANTA IN UN SAGGIO DI TULLIA CONTE. CHE A leccecronaca.it DENUNCIA \u201cle falsificazioni a pi\u00f9 livelli, terribili, della Tradizione\u201d. E POI ANZI SPARA A ZERO SU MELPIGNANO E DINTORNI: \u201cci sono scopi commerciali e politici che non si possono ignorare\u201d<\/strong><\/p>\n<div id=\"post-main-175281\" class=\"post clearfix\">\u00a0<strong>di Mariangela Rosato<\/strong>______<\/div>\n<p><em>\u201cLa Taranta dice (\u2026) &#8216;noi siamo tutte sorelle&#8217;, ma non solo perch\u00e9 la tarantella \u00e8 una danza per tutti\u201d.<\/em><\/p>\n<p><strong>Tullia Conte <\/strong>(nella foto di copertina)<strong>\u00a0<\/strong>&#8211; danzatrice, scrittrice e fondatrice napoletana dell\u2019associazione SuDanzare con sede a Parigi- inquadra la taranta in un\u2019ottica circolare, scevra da stigmatizzazioni di genere ed utilizzazioni commerciali.<\/p>\n<p>Anche lei \u00e8 un\u2019espatriata, lo scambio \u00e8 deciso e subito mi racconta della sua pazzia di lasciare Napoli alla volta di quella Parigi che tutti osano venerare con ardore e che \u00e8 capace di generare gli impeti pi\u00f9 accesi in chi va alla ricerca di un luogo dove germogliare la propria arte.<\/p>\n<p>Tullia Conte ha sancito un sodalizio che dura, ormai, da dieci anni con la capitale transalpina attraverso cui ha concretizzato il desiderio di portare la taranta in luoghi a lei, per tradizione, sconosciuti e di renderla strumento di condivisione culturale.<\/p>\n<p>E\u2019 in quest\u2019ottica di abbattimento delle frontiere geografiche che si inserisce il secondo testo della performer dal titolo <strong><em>\u201cDiacronia Minima del tarantismo\u201d<\/em>\u00a0<\/strong>uscito da pochi giorni<strong>\u00a0<\/strong>per le edizioni SuDanzare (128 pagg. 24 euro)\u00a0corredato dalle immagini altamente simboliche della fotografa\u00a0 Francesca Grispello, anche lei coinvolta nel progetto.<\/p>\n<p>&nbsp;<\/p>\n<p>Tullia Conte mi parla del percorso intrapreso di ricerca sociologica sulla nascita e la storia della tarantella dal 1064 al 2018.<\/p>\n<p>Uno studio da cui si rendono evidenti la vastit\u00e0 del fenomeno del tarantismo, non esclusivamente legato al circolo salentino, e un protagonismo non solo all\u2019insegna dell\u2019elemento femminile.<\/p>\n<p>&nbsp;<\/p>\n<p>La taranta conosce negli ultimi decenni un successo mediatico di portata ineguale sia a livello nazionale che internazionale- di cui la stessa Tullia Conte ne \u00e8 esempio- e non posso che virare la discussione sulla \u201cpizzica salentina\u201d, tema caro a chi proviene dai luoghi meridionali della Puglia.<\/p>\n<p>Penso a come la pizzica stia diventando sempre di pi\u00f9 oggetto di desiderio e conversioni amorose di molti, anche da parte di chi non ne aveva mai sentito parlare e poco rappresenta lo spirito contadino che la anima.<\/p>\n<p>Penso a come questa danza sia stata sdoganata nel tempo ed a quanto abbia perso il suo senso comunitario di fondo.<\/p>\n<p>Tullia Conte me ne parla cos\u00ec:<\/p>\n<p><em><strong>\u201cLa pizzica diventa uno strumento di esposizione a motivi promozionali di un prodotto che, nonostante il suo positivo apporto turistico per il territorio, conduce alla falsificazione della tradizione. Sarebbe meglio avvicinarsi alla pizzica con pi\u00f9 onest\u00e0 e non cercare di produrre una versione marketizzata della stessa.\u201d <\/strong><\/em><\/p>\n<p>&nbsp;<\/p>\n<p>Un\u2019evoluzione che conduce la pizzica ad una sorta di snaturalizzazione in cui le passioni del rito si offuscano lasciando spazio a tentazioni capitalistiche.<\/p>\n<p><strong><em>\u201cNon credo e non mi piace che strategie di marketing che appartengono ad uno specifico potere economico vengano ad impossessarsi di un\u2019atmosfera e di una specifica tradizione spacciandosi per reali. Questo falsificare la tradizione a pi\u00f9 livelli \u00e8 terribile\u201d.<\/em><\/strong><\/p>\n<p>&nbsp;<\/p>\n<p>Riporto alla mente l\u2019immagine di Madonna che balla la pizzica vestita con abiti di Gucci, lontani mille miglia dalla povert\u00e0 di coloro i quali, uscendo dalla dicotomia maschile\/femminile, concepivano la danza come un\u2019occasione per mettere a freno il loro senso di impotenza economica.<\/p>\n<p>Un momento rituale che si inseriva in una sorta di appiattimento del tempo e dello spazio che si faceva dimentico delle suddivisioni sociali creando, negli instanti del rito, ricongiungimenti concepibili solo in quelle forme di stasi temporale.<\/p>\n<p><strong><em>\u201cCi\u00f2 che va osteggiata \u00e8 la falsificazione perch\u00e9 questa non ci permette di salvare le cose importanti insite nella tradizione prima fra tutte la dimensione comunitaria. <\/em><\/strong><\/p>\n<p>&nbsp;<\/p>\n<p><strong><em>La pizzica non ha un marchio, ma, ad esempio, dietro la Manifestazione della Notte della Taranta di Melpignano ci sono scopi commerciali e politici che non si possono ignorare. La negativit\u00e0 non sta nella volont\u00e0 di promuovere un territorio, ma piuttosto nella plastificazione che si fa della tradizione. Questa, in alcuni casi, risulta spogliata soprattutto della voce degli interpreti non dando, in questo modo, giustizia alle radici di un popolo\u201d.<\/em><\/strong><\/p>\n<p>&nbsp;<\/p>\n<p>La taranta e la pizzica in particolare, nonostante la provenienza contadina, non sono immuni dal fenomeno della globalizzazione che se da una parte ha permesso loro di entrare in contatto con altri generi artistici in un movimento di ibridazione culturale positivo e destinato a creare nuovi spazi di sviluppo, dall\u2019altra parte si sono lasciate contaminare dallo stigma creato a fini commerciali della donna morsa dalla taranta.<\/p>\n<p><strong><em>\u201cAnche l\u2019utilizzo di denaro pubblico per l\u2019organizzazione di questi eventi non va sottovalutato. Il tema, infatti, \u00e8 stato oggetto di studio di vari intellettuali in Italia, ma anche in Francia dove si \u00e8 parlato addirittura di Pizzica Business, un\u2019espressione che ben evidenzia le proporzioni di determinati eventi.\u201d<\/em> <\/strong><\/p>\n<p>&nbsp;<\/p>\n<p>A dispetto di questo apporto votato al marketing<strong><em> \u201cci\u00f2 che si deve raccontare \u00e8 che dietro queste danze c\u2019era una comunit\u00e0 che aveva bisogno di esprimere un problema e lo faceva proprio tramite il ballo. E\u2019 questo il tarantismo!\u201d<\/em><\/strong><\/p>\n<p>&nbsp;<\/p>\n<p>Tullia Conte mi parla della necessit\u00e0 di recuperare l\u2019essenza della taranta, la tradizione di rinascita che questa vuole veicolare e ci\u00f2 che viene fuori \u00e8 un forte senso di speranza. Una speranza che vede l\u2019arte non soltanto come qualcosa destinata alla sopravvivenza, ma anche come il pi\u00f9 importante antidoto contro l\u2019isolamento fisico e la precariet\u00e0 delle relazioni vissute in questi lunghi mesi di pandemia in cui l\u2019incontro con l\u2019altro \u00e8 diventato raro e, allo stesso tempo, generatore di pericolo.<\/p>\n<p><em><strong>\u201cLa taranta pu\u00f2 farci riscoprire il senso di comunit\u00e0 perduto, curare le ferite e al contempo farci rimanere umani\u201d.<\/strong><\/em><\/p>\n<p>E chiss\u00e0 se in questo processo di ritorno all\u2019umano anche l\u2019aspetto comunitario della pizzica non possa essere pi\u00f9 forte degli scopi commerciali e politici con cui, invece, ora convive proponendosi di nuovo come \u201cla danza della comunit\u00e0\u201d.______<\/p>\n<p><img decoding=\"async\" loading=\"lazy\" class=\"alignnone size-full wp-image-175248\" src=\"https:\/\/www.leccecronaca.it\/wordpress\/wp-content\/uploads\/2020\/11\/cover.jpg\" alt=\"\" width=\"333\" height=\"499\" srcset=\"https:\/\/www.leccecronaca.it\/wordpress\/wp-content\/uploads\/2020\/11\/cover.jpg 333w, https:\/\/www.leccecronaca.it\/wordpress\/wp-content\/uploads\/2020\/11\/cover-200x300.jpg 200w\" sizes=\"(max-width: 333px) 100vw, 333px\" \/><\/p>\n<p>Per ordini on line, su questo link:<\/p>\n<p><a href=\"https:\/\/danzetradizionali.wordpress.com\/2020\/02\/24\/diacronia\/\">Diacronia minima del&nbsp;tarantismo<\/a><\/p>\n<p>&nbsp;<\/p>\n<p>&nbsp;<\/p>\n<fb:like href='https:\/\/www.leccecronaca.it\/index.php\/2020\/11\/27\/via-dalla-pizzica-business-la-riscoperta-dello-spirito-comunitario-della-taranta-in-un-saggio-di-tullia-conte-che-a-leccecronaca-it-denuncia-senza-mezzi-termini-le-falsificazioni-a-piu-livelli-te\/' send='true' layout='button_count' show_faces='true' width='450' height='65' action='recommend' colorscheme='light' font='lucida grande'><\/fb:like><span class=\"fb_share\"><fb:like href=\"https:\/\/www.leccecronaca.it\/index.php\/2020\/11\/27\/via-dalla-pizzica-business-la-riscoperta-dello-spirito-comunitario-della-taranta-in-un-saggio-di-tullia-conte-che-a-leccecronaca-it-denuncia-senza-mezzi-termini-le-falsificazioni-a-piu-livelli-te\/\" layout=\"button_count\"><\/fb:like><\/span>","protected":false},"excerpt":{"rendered":"<p>LA RISCOPERTA DELLO SPIRITO COMUNITARIO DELLA TARANTA IN UN SAGGIO DI TULLIA CONTE. CHE A leccecronaca.it DENUNCIA \u201cle falsificazioni a pi\u00f9 livelli, terribili, della Tradizione\u201d. E POI ANZI SPARA A ZERO SU MELPIGNANO E DINTORNI: \u201cci sono scopi commerciali e politici che non si possono ignorare\u201d \u00a0di Mariangela Rosato______ \u201cLa Taranta dice (\u2026) &#8216;noi siamo [&hellip;]<\/p>\n","protected":false},"author":4,"featured_media":175313,"comment_status":"open","ping_status":"closed","sticky":false,"template":"","format":"standard","meta":[],"categories":[1,69,31,75,57,76],"tags":[],"_links":{"self":[{"href":"https:\/\/www.leccecronaca.it\/index.php\/wp-json\/wp\/v2\/posts\/175246"}],"collection":[{"href":"https:\/\/www.leccecronaca.it\/index.php\/wp-json\/wp\/v2\/posts"}],"about":[{"href":"https:\/\/www.leccecronaca.it\/index.php\/wp-json\/wp\/v2\/types\/post"}],"author":[{"embeddable":true,"href":"https:\/\/www.leccecronaca.it\/index.php\/wp-json\/wp\/v2\/users\/4"}],"replies":[{"embeddable":true,"href":"https:\/\/www.leccecronaca.it\/index.php\/wp-json\/wp\/v2\/comments?post=175246"}],"version-history":[{"count":11,"href":"https:\/\/www.leccecronaca.it\/index.php\/wp-json\/wp\/v2\/posts\/175246\/revisions"}],"predecessor-version":[{"id":175545,"href":"https:\/\/www.leccecronaca.it\/index.php\/wp-json\/wp\/v2\/posts\/175246\/revisions\/175545"}],"wp:featuredmedia":[{"embeddable":true,"href":"https:\/\/www.leccecronaca.it\/index.php\/wp-json\/wp\/v2\/media\/175313"}],"wp:attachment":[{"href":"https:\/\/www.leccecronaca.it\/index.php\/wp-json\/wp\/v2\/media?parent=175246"}],"wp:term":[{"taxonomy":"category","embeddable":true,"href":"https:\/\/www.leccecronaca.it\/index.php\/wp-json\/wp\/v2\/categories?post=175246"},{"taxonomy":"post_tag","embeddable":true,"href":"https:\/\/www.leccecronaca.it\/index.php\/wp-json\/wp\/v2\/tags?post=175246"}],"curies":[{"name":"wp","href":"https:\/\/api.w.org\/{rel}","templated":true}]}}