{"id":175486,"date":"2020-12-03T11:18:56","date_gmt":"2020-12-03T10:18:56","guid":{"rendered":"http:\/\/www.leccecronaca.it\/?p=175486"},"modified":"2020-12-11T10:33:14","modified_gmt":"2020-12-11T09:33:14","slug":"una-lettura-piacevole-con-un-gesto-di-solidarieta","status":"publish","type":"post","link":"https:\/\/www.leccecronaca.it\/index.php\/2020\/12\/03\/una-lettura-piacevole-con-un-gesto-di-solidarieta\/","title":{"rendered":"UNA LETTURA PIACEVOLE CON UN GESTO DI SOLIDARIETA&#8217;"},"content":{"rendered":"<p><img decoding=\"async\" loading=\"lazy\" class=\"alignnone size-full wp-image-175488\" src=\"https:\/\/www.leccecronaca.it\/wordpress\/wp-content\/uploads\/2020\/12\/foto-consegna-assegno-2.jpg\" alt=\"\" width=\"980\" height=\"1024\" srcset=\"https:\/\/www.leccecronaca.it\/wordpress\/wp-content\/uploads\/2020\/12\/foto-consegna-assegno-2.jpg 980w, https:\/\/www.leccecronaca.it\/wordpress\/wp-content\/uploads\/2020\/12\/foto-consegna-assegno-2-287x300.jpg 287w, https:\/\/www.leccecronaca.it\/wordpress\/wp-content\/uploads\/2020\/12\/foto-consegna-assegno-2-768x802.jpg 768w\" sizes=\"(max-width: 980px) 100vw, 980px\" \/><strong>&#8220;Facce da Lecce&#8221; DI CARMEN TOMMASI A FAVORE DELL&#8217;AIL<\/strong><\/p>\n<p>di <strong>Isabel Tramacere______<\/strong><\/p>\n<p>\u00c8 arrivata la prima donazione &#8220;natalizia&#8221; di gran parte del ricavato di <strong><em>&#8220;Facce da Lecce: 12 ritratti<\/em> <em>dall&#8217;era<\/em><\/strong> <em><strong>Semeraro a oggi&#8221;<\/strong><\/em> di <strong>Carmen Tommasi.<\/strong><\/p>\n<p>Ma la raccolta fondi non si fermer\u00e0 qui, anzi continuer\u00e0 ad ogni vendita. Ogni libro sar\u00e0, sempre, un gesto d&#8217;amore verso l&#8217;Ail, Associazione Italiana contro le Leucemie.<\/p>\n<p>Libro in vendita in tutti i Leccestore Salentinamente, su Amazon e nelle piazze della Provincia accanto ad ogni &#8220;Buona Stella&#8221; Ail.<\/p>\n<p>L&#8217;autrice, come comunicato in fase di lancio del &#8220;diario di bordo&#8221;, ha donato parte del ricavato all&#8217;Ail (nella foto). Il primo segno tangibile, questo, di un percorso tracciato dall&#8217;amore.<\/p>\n<p>&nbsp;<\/p>\n<p>Il mese di dicembre, quello del Santo Natale, \u00e8 un periodo molto particolare ed affascinante dell&#8217;anno: dolce, romantico, pieno di ricordi e ricco di buone speranze per alcuni e maledettamente intriso di dolore, tristezza e di difficolt\u00e0 per altri. Identificato, a volte, con delle perdite profonde, con delle &#8220;malattie&#8221; sempre presenti e che lasciano il segno. In questa doppia chiave che, comunque, deve essere di speranza e di buoni propositi, si inserisce la prima donazione dell&#8217;autrice.<\/p>\n<p>&nbsp;<\/p>\n<p><em>&#8220;Avrei voluto tenere tutto questo in forma privata, la donazione \u00e8 un aspetto intimo, profondo e delicato. Il pi\u00f9 delle volte &#8211;<\/em> spiega Carmen Tommasi &#8211; <em>ha un&#8217;accesa motivazione personale. La mia \u00e8 molto forte. Ho perso mamma per questa maledetta &#8216;bestia&#8217;, come ho detto in pi\u00f9 occasioni. Ecco perch\u00e8, ci tengo a pubblicizzare, uso questo termine non a caso, questo mio gesto. Voglio sensibilizzare i pi\u00f9 a donare e il mio lavoro, e la mia piccola creatura, me lo stanno permettendo&#8221;.<\/em><\/p>\n<p>&nbsp;<\/p>\n<p>In occasione dell\u2019incontro, in Via Don Minzoni 11, con i vertici dell\u2019Ail Salento, il presidente Mario Tarricone ha voluto ringraziare sentitamente Carmen Tommasi per la decisione di devolvere una parte del ricavato della vendita del suo libro ad AIL Lecce:<em>\u201cIl suo gesto \u00e8 particolarmente significativo, per noi, in un periodo come questo, nel quale a causa dell\u2019emergenza Covid \u00e8 pi\u00f9 difficile continuare a sostenere economicamente gli interventi di aiuto che AIL Lecce realizza sia sostegno dei pazienti della provincia di Lecce affetti da emopatie sia a sostegno dei due reparti di Ematologia operanti a Lecce e Tricase. <\/em><\/p>\n<p><em>A questo grazie si aggiunge un plauso alla dottoressa Tommasi per aver pubblicato un libro che non solo documenta la storia del Lecce attraverso le voci dei suoi protagonisti, ma ne tratteggia la partecipazione &#8216;emotiva&#8217;: per noi dell\u2019AIL, che siamo abituati all\u2019attenzione agli aspetti umani di ogni storia, questo gesto produce anche una felice assonanza di intenti\u201c.______<\/em><\/p>\n<p>&nbsp;<\/p>\n<p><em>\u00a0<\/em>Il libro \u00e8 in vendita in tutti i Leccestore Salentinamente, rivenditore ufficiale dell&#8217;U.S. Lecce ed anche su Amazon, in formato ebook e cartaceo. Questo il link per poterlo acquistare:<\/p>\n<p><a href=\"https:\/\/www.amazon.it\/dp\/B08LG792ZH\">https:\/\/www.amazon.it\/dp\/B08LG792ZH<\/a><\/p>\n<p>&nbsp;<\/p>\n<p>Il prezzo di copertina \u00e8 di 10 euro.<\/p>\n<p>&nbsp;<\/p>\n<p>Pubblicato da Placebook Publishing, il sito della casa editrice:<\/p>\n<p><a href=\"https:\/\/www.placebookpublishing.it\/\">https:\/\/www.placebookpublishing.it\/<\/a><\/p>\n<p><img decoding=\"async\" loading=\"lazy\" class=\"alignnone size-full wp-image-175489\" src=\"https:\/\/www.leccecronaca.it\/wordpress\/wp-content\/uploads\/2020\/12\/cover.jpg\" alt=\"\" width=\"746\" height=\"1200\" srcset=\"https:\/\/www.leccecronaca.it\/wordpress\/wp-content\/uploads\/2020\/12\/cover.jpg 746w, https:\/\/www.leccecronaca.it\/wordpress\/wp-content\/uploads\/2020\/12\/cover-187x300.jpg 187w, https:\/\/www.leccecronaca.it\/wordpress\/wp-content\/uploads\/2020\/12\/cover-637x1024.jpg 637w\" sizes=\"(max-width: 746px) 100vw, 746px\" \/><\/p>\n<fb:like href='https:\/\/www.leccecronaca.it\/index.php\/2020\/12\/03\/una-lettura-piacevole-con-un-gesto-di-solidarieta\/' send='true' layout='button_count' show_faces='true' width='450' height='65' action='recommend' colorscheme='light' font='lucida grande'><\/fb:like><span class=\"fb_share\"><fb:like href=\"https:\/\/www.leccecronaca.it\/index.php\/2020\/12\/03\/una-lettura-piacevole-con-un-gesto-di-solidarieta\/\" layout=\"button_count\"><\/fb:like><\/span>","protected":false},"excerpt":{"rendered":"<p>&#8220;Facce da Lecce&#8221; DI CARMEN TOMMASI A FAVORE DELL&#8217;AIL di Isabel Tramacere______ \u00c8 arrivata la prima donazione &#8220;natalizia&#8221; di gran parte del ricavato di &#8220;Facce da Lecce: 12 ritratti dall&#8217;era Semeraro a oggi&#8221; di Carmen Tommasi. Ma la raccolta fondi non si fermer\u00e0 qui, anzi continuer\u00e0 ad ogni vendita. Ogni libro sar\u00e0, sempre, un gesto [&hellip;]<\/p>\n","protected":false},"author":4,"featured_media":175488,"comment_status":"open","ping_status":"closed","sticky":false,"template":"","format":"standard","meta":[],"categories":[69,31,57,98,28],"tags":[],"_links":{"self":[{"href":"https:\/\/www.leccecronaca.it\/index.php\/wp-json\/wp\/v2\/posts\/175486"}],"collection":[{"href":"https:\/\/www.leccecronaca.it\/index.php\/wp-json\/wp\/v2\/posts"}],"about":[{"href":"https:\/\/www.leccecronaca.it\/index.php\/wp-json\/wp\/v2\/types\/post"}],"author":[{"embeddable":true,"href":"https:\/\/www.leccecronaca.it\/index.php\/wp-json\/wp\/v2\/users\/4"}],"replies":[{"embeddable":true,"href":"https:\/\/www.leccecronaca.it\/index.php\/wp-json\/wp\/v2\/comments?post=175486"}],"version-history":[{"count":5,"href":"https:\/\/www.leccecronaca.it\/index.php\/wp-json\/wp\/v2\/posts\/175486\/revisions"}],"predecessor-version":[{"id":175546,"href":"https:\/\/www.leccecronaca.it\/index.php\/wp-json\/wp\/v2\/posts\/175486\/revisions\/175546"}],"wp:featuredmedia":[{"embeddable":true,"href":"https:\/\/www.leccecronaca.it\/index.php\/wp-json\/wp\/v2\/media\/175488"}],"wp:attachment":[{"href":"https:\/\/www.leccecronaca.it\/index.php\/wp-json\/wp\/v2\/media?parent=175486"}],"wp:term":[{"taxonomy":"category","embeddable":true,"href":"https:\/\/www.leccecronaca.it\/index.php\/wp-json\/wp\/v2\/categories?post=175486"},{"taxonomy":"post_tag","embeddable":true,"href":"https:\/\/www.leccecronaca.it\/index.php\/wp-json\/wp\/v2\/tags?post=175486"}],"curies":[{"name":"wp","href":"https:\/\/api.w.org\/{rel}","templated":true}]}}