{"id":175701,"date":"2020-12-07T00:02:26","date_gmt":"2020-12-06T23:02:26","guid":{"rendered":"http:\/\/www.leccecronaca.it\/?p=175701"},"modified":"2020-12-06T17:26:29","modified_gmt":"2020-12-06T16:26:29","slug":"le-idee-apocalypse-now","status":"publish","type":"post","link":"https:\/\/www.leccecronaca.it\/index.php\/2020\/12\/07\/le-idee-apocalypse-now\/","title":{"rendered":"LE IDEE \/ APOCALYPSE NOW"},"content":{"rendered":"<p><img decoding=\"async\" loading=\"lazy\" class=\"alignnone size-full wp-image-175702\" src=\"https:\/\/www.leccecronaca.it\/wordpress\/wp-content\/uploads\/2020\/12\/F.jpg\" alt=\"\" width=\"1280\" height=\"720\" srcset=\"https:\/\/www.leccecronaca.it\/wordpress\/wp-content\/uploads\/2020\/12\/F.jpg 1280w, https:\/\/www.leccecronaca.it\/wordpress\/wp-content\/uploads\/2020\/12\/F-300x169.jpg 300w, https:\/\/www.leccecronaca.it\/wordpress\/wp-content\/uploads\/2020\/12\/F-1024x576.jpg 1024w, https:\/\/www.leccecronaca.it\/wordpress\/wp-content\/uploads\/2020\/12\/F-768x432.jpg 768w\" sizes=\"(max-width: 1280px) 100vw, 1280px\" \/>(Rdl)______Da tempo il romanziere, scrittore e saggista statunitense Jonathan Franzen, 61 anni (nella foto) \u00e8 appassionato alle tematiche dei cambiamenti climatici.<\/p>\n<p>La novit\u00e0 \u00e8 che ora considera possibilit\u00e0 che l&#8217;apocalisse climatica avvenga nel corso della sua vita.<\/p>\n<p>A suo avviso, l&#8217;interesse del movimento ambientalista per tale cambiamento aveva senso negli anni Novanta, quando sembrava ancora possibile impedirlo.<\/p>\n<p>Dal 2015, tuttavia, \u00e8 chiaro che l&#8217;azione collettiva ha fallito.<\/p>\n<p>Da appassionato ambientalista, Franzen \u00e8 frustrato dal fatto che il cambiamento climatico, in modo futile, monopolizzi il discorso pubblico.<\/p>\n<p>E&#8217; appena uscito in Italia da Einaudi il suo pamphlet <em>&#8220;E se smettessimo di fingere?&#8221;<\/em> (64 pagg. &#8211; 10 euro).<\/p>\n<p>Qui sostiene che la guerra ai cambiamenti climatici \u00e8 perduta.<\/p>\n<p>E&#8217; troppo tardi per porci rimedio: &#8220;<em>impossibile convincere la gente a mettere da parte nazionalismo, classismo, odio razziale, convincerla a fare sacrifici per Nazioni lontane e generazioni future&#8221;.<\/em><\/p>\n<p>&nbsp;<\/p>\n<p>Non resta che prenderne atti e prepararci per quanto possibile ad affrontare con le nostre democrazie occidentali, quel che ne rester\u00e0<em> &#8220;carestie su vasta scala, incendi apocalittici, implosione di intere economie, immani inondazioni, centinaia di milioni di rifugiati in fuga da regioni rese inabitabili dal caldo estremo, o dalla siccit\u00e0 permanente&#8221;.<\/em>______<\/p>\n<p>LA RICERCA nel nostro articolo dell&#8217;altro giorno<\/p>\n<blockquote class=\"wp-embedded-content\" data-secret=\"XqoZ27XQRQ\"><p><a href=\"https:\/\/www.leccecronaca.it\/index.php\/2020\/12\/05\/le-idee-ci-stiamo-autodistruggendo\/\">LE IDEE \/ CI STIAMO AUTODISTRUGGENDO<\/a><\/p><\/blockquote>\n<p><iframe class=\"wp-embedded-content\" sandbox=\"allow-scripts\" security=\"restricted\" style=\"position: absolute; clip: rect(1px, 1px, 1px, 1px);\" src=\"https:\/\/www.leccecronaca.it\/index.php\/2020\/12\/05\/le-idee-ci-stiamo-autodistruggendo\/embed\/#?secret=XqoZ27XQRQ\" data-secret=\"XqoZ27XQRQ\" width=\"500\" height=\"282\" title=\"&#8220;LE IDEE \/ CI STIAMO AUTODISTRUGGENDO&#8221; &#8212; LecceCronaca.it\" frameborder=\"0\" marginwidth=\"0\" marginheight=\"0\" scrolling=\"no\"><\/iframe><\/p>\n<p>&nbsp;<\/p>\n<fb:like href='https:\/\/www.leccecronaca.it\/index.php\/2020\/12\/07\/le-idee-apocalypse-now\/' send='true' layout='button_count' show_faces='true' width='450' height='65' action='recommend' colorscheme='light' font='lucida grande'><\/fb:like><span class=\"fb_share\"><fb:like href=\"https:\/\/www.leccecronaca.it\/index.php\/2020\/12\/07\/le-idee-apocalypse-now\/\" layout=\"button_count\"><\/fb:like><\/span>","protected":false},"excerpt":{"rendered":"<p>(Rdl)______Da tempo il romanziere, scrittore e saggista statunitense Jonathan Franzen, 61 anni (nella foto) \u00e8 appassionato alle tematiche dei cambiamenti climatici. La novit\u00e0 \u00e8 che ora considera possibilit\u00e0 che l&#8217;apocalisse climatica avvenga nel corso della sua vita. A suo avviso, l&#8217;interesse del movimento ambientalista per tale cambiamento aveva senso negli anni Novanta, quando sembrava ancora [&hellip;]<\/p>\n","protected":false},"author":4,"featured_media":175702,"comment_status":"open","ping_status":"closed","sticky":false,"template":"","format":"standard","meta":[],"categories":[31,76],"tags":[],"_links":{"self":[{"href":"https:\/\/www.leccecronaca.it\/index.php\/wp-json\/wp\/v2\/posts\/175701"}],"collection":[{"href":"https:\/\/www.leccecronaca.it\/index.php\/wp-json\/wp\/v2\/posts"}],"about":[{"href":"https:\/\/www.leccecronaca.it\/index.php\/wp-json\/wp\/v2\/types\/post"}],"author":[{"embeddable":true,"href":"https:\/\/www.leccecronaca.it\/index.php\/wp-json\/wp\/v2\/users\/4"}],"replies":[{"embeddable":true,"href":"https:\/\/www.leccecronaca.it\/index.php\/wp-json\/wp\/v2\/comments?post=175701"}],"version-history":[{"count":2,"href":"https:\/\/www.leccecronaca.it\/index.php\/wp-json\/wp\/v2\/posts\/175701\/revisions"}],"predecessor-version":[{"id":175704,"href":"https:\/\/www.leccecronaca.it\/index.php\/wp-json\/wp\/v2\/posts\/175701\/revisions\/175704"}],"wp:featuredmedia":[{"embeddable":true,"href":"https:\/\/www.leccecronaca.it\/index.php\/wp-json\/wp\/v2\/media\/175702"}],"wp:attachment":[{"href":"https:\/\/www.leccecronaca.it\/index.php\/wp-json\/wp\/v2\/media?parent=175701"}],"wp:term":[{"taxonomy":"category","embeddable":true,"href":"https:\/\/www.leccecronaca.it\/index.php\/wp-json\/wp\/v2\/categories?post=175701"},{"taxonomy":"post_tag","embeddable":true,"href":"https:\/\/www.leccecronaca.it\/index.php\/wp-json\/wp\/v2\/tags?post=175701"}],"curies":[{"name":"wp","href":"https:\/\/api.w.org\/{rel}","templated":true}]}}