{"id":176199,"date":"2020-12-17T12:18:52","date_gmt":"2020-12-17T11:18:52","guid":{"rendered":"http:\/\/www.leccecronaca.it\/?p=176199"},"modified":"2020-12-17T19:06:35","modified_gmt":"2020-12-17T18:06:35","slug":"navette-gratuite-per-il-centro-a-lecce-citta","status":"publish","type":"post","link":"https:\/\/www.leccecronaca.it\/index.php\/2020\/12\/17\/navette-gratuite-per-il-centro-a-lecce-citta\/","title":{"rendered":"NAVETTE GRATUITE PER IL CENTRO A LECCE CITTA&#8217;"},"content":{"rendered":"<p><img decoding=\"async\" loading=\"lazy\" class=\"alignnone size-full wp-image-176200\" src=\"https:\/\/www.leccecronaca.it\/wordpress\/wp-content\/uploads\/2020\/12\/unnamed-20.jpg\" alt=\"\" width=\"512\" height=\"384\" srcset=\"https:\/\/www.leccecronaca.it\/wordpress\/wp-content\/uploads\/2020\/12\/unnamed-20.jpg 512w, https:\/\/www.leccecronaca.it\/wordpress\/wp-content\/uploads\/2020\/12\/unnamed-20-300x225.jpg 300w, https:\/\/www.leccecronaca.it\/wordpress\/wp-content\/uploads\/2020\/12\/unnamed-20-400x300.jpg 400w\" sizes=\"(max-width: 512px) 100vw, 512px\" \/>Riceviamo e volentieri pubblichiamo. L&#8217;ufficio stampa del Comune di Lecce ci manda il seguente comunicato______<\/p>\n<p>Dalla giornata di\u00a0<a class=\"matchTooltip\">domani<\/a>\u00a018 dicembre, al fine di ridurre il flusso veicolare, il Comune mette a disposizione il servizio navetta gratuito dal parcheggio Foro Boario verso il centro citt\u00e0. La navetta sar\u00e0 attiva fino al 6 gennaio dalle 15.00 alle 21.30 con frequenza 15 minuti e fermer\u00e0 in XXV luglio e Cesare Battisti.<\/p>\n<div class=\"moz-forward-container\">\n<p>Nei fine settimana (a partire dalle 18 del venerd\u00ec fino alle ore 03.00 del luned\u00ec successivo) sono aperti i parcheggi gratuiti del Principe Umberto (di fronte alla Questura) e di Via Adua, grazie alla convenzione sottoscritta con l\u2019Universit\u00e0 del Salento.<\/p>\n<p>Al fine di agevolare gli acquisti in citt\u00e0, le aziende di sharing attive in citt\u00e0, BitMobility (monopattini elettrici) e Reby (monopattini e bicilette elettriche) garantiranno uno sconto fino al 6 gennaio azzerando il costo di sblocco dei mezzi dalle ore 15 alle 22.<\/p>\n<p>\u201c<i>I servizi alla mobilit\u00e0 servono a prevenire, anche in questo periodo di festivit\u00e0 cos\u00ec diverso dagli anni scorsi, il traffico automobilistico nelle vie del centro e dunque a contribuire a ridurre l\u2019inquinamento atmosferico<\/i>\u00a0\u2013 dichiara l\u2019assessore alla mobilit\u00e0 sostenibile\u00a0<b>Marco De Matteis\u00a0<\/b>\u2013\u00a0<i>ringrazio le ditte fornitrici dei servizi di sharing che hanno voluto anche loro fare la propria parte per fornire a condizioni economicamente migliori una alternativa all\u2019utilizzo dell\u2019automobile. Sar\u00e0 un Natale diverso ma, in ogni caso, chi vorr\u00e0 parcheggiare l\u2019auto fuori dal centro potr\u00e0 raggiungere in pochi minuti l\u2019area commerciale della citt\u00e0 gratuitamente in bus<\/i>\u201d.<\/p>\n<\/div>\n<fb:like href='https:\/\/www.leccecronaca.it\/index.php\/2020\/12\/17\/navette-gratuite-per-il-centro-a-lecce-citta\/' send='true' layout='button_count' show_faces='true' width='450' height='65' action='recommend' colorscheme='light' font='lucida grande'><\/fb:like><span class=\"fb_share\"><fb:like href=\"https:\/\/www.leccecronaca.it\/index.php\/2020\/12\/17\/navette-gratuite-per-il-centro-a-lecce-citta\/\" layout=\"button_count\"><\/fb:like><\/span>","protected":false},"excerpt":{"rendered":"<p>Riceviamo e volentieri pubblichiamo. L&#8217;ufficio stampa del Comune di Lecce ci manda il seguente comunicato______ Dalla giornata di\u00a0domani\u00a018 dicembre, al fine di ridurre il flusso veicolare, il Comune mette a disposizione il servizio navetta gratuito dal parcheggio Foro Boario verso il centro citt\u00e0. La navetta sar\u00e0 attiva fino al 6 gennaio dalle 15.00 alle 21.30 [&hellip;]<\/p>\n","protected":false},"author":4,"featured_media":176200,"comment_status":"open","ping_status":"closed","sticky":false,"template":"","format":"standard","meta":[],"categories":[69,36],"tags":[],"_links":{"self":[{"href":"https:\/\/www.leccecronaca.it\/index.php\/wp-json\/wp\/v2\/posts\/176199"}],"collection":[{"href":"https:\/\/www.leccecronaca.it\/index.php\/wp-json\/wp\/v2\/posts"}],"about":[{"href":"https:\/\/www.leccecronaca.it\/index.php\/wp-json\/wp\/v2\/types\/post"}],"author":[{"embeddable":true,"href":"https:\/\/www.leccecronaca.it\/index.php\/wp-json\/wp\/v2\/users\/4"}],"replies":[{"embeddable":true,"href":"https:\/\/www.leccecronaca.it\/index.php\/wp-json\/wp\/v2\/comments?post=176199"}],"version-history":[{"count":1,"href":"https:\/\/www.leccecronaca.it\/index.php\/wp-json\/wp\/v2\/posts\/176199\/revisions"}],"predecessor-version":[{"id":176201,"href":"https:\/\/www.leccecronaca.it\/index.php\/wp-json\/wp\/v2\/posts\/176199\/revisions\/176201"}],"wp:featuredmedia":[{"embeddable":true,"href":"https:\/\/www.leccecronaca.it\/index.php\/wp-json\/wp\/v2\/media\/176200"}],"wp:attachment":[{"href":"https:\/\/www.leccecronaca.it\/index.php\/wp-json\/wp\/v2\/media?parent=176199"}],"wp:term":[{"taxonomy":"category","embeddable":true,"href":"https:\/\/www.leccecronaca.it\/index.php\/wp-json\/wp\/v2\/categories?post=176199"},{"taxonomy":"post_tag","embeddable":true,"href":"https:\/\/www.leccecronaca.it\/index.php\/wp-json\/wp\/v2\/tags?post=176199"}],"curies":[{"name":"wp","href":"https:\/\/api.w.org\/{rel}","templated":true}]}}