{"id":176254,"date":"2020-12-18T18:25:09","date_gmt":"2020-12-18T17:25:09","guid":{"rendered":"http:\/\/www.leccecronaca.it\/?p=176254"},"modified":"2020-12-19T10:30:56","modified_gmt":"2020-12-19T09:30:56","slug":"giuseppe-conte-nun-te-reggae-piu-e-a-natale-pure-la-presidente-del-sanato-la-seconda-carica-dello-stato-perde-la-pazienza-e-attacca-pesantemente-il-governo-basta-dpcm-basta-comitati-basta","status":"publish","type":"post","link":"https:\/\/www.leccecronaca.it\/index.php\/2020\/12\/18\/giuseppe-conte-nun-te-reggae-piu-e-a-natale-pure-la-presidente-del-sanato-la-seconda-carica-dello-stato-perde-la-pazienza-e-attacca-pesantemente-il-governo-basta-dpcm-basta-comitati-basta\/","title":{"rendered":"Giuseppe Conte, nun te reggae pi\u00f9!!! E A NATALE PURE LA PRESIDENTE DEL SENATO, LA SECONDA CARICA DELLO STATO, PERDE LA PAZIENZA E ATTACCA PESANTEMENTE L&#8217;ESECUTIVO: &#8216;BASTA DPCM, BASTA COMITATI, VIROLOGI, RITARDI, INADEMPIENZE E INCAPACITA&#8217; DI QUESTO GOVERNO&#8217;"},"content":{"rendered":"<p><img decoding=\"async\" loading=\"lazy\" class=\"wp-image-176255 size-large\" src=\"https:\/\/www.leccecronaca.it\/wordpress\/wp-content\/uploads\/2020\/12\/20201218_IncontroStampa_AdL_5187_hd-1024x683.jpg\" alt=\"\" width=\"1024\" height=\"683\" \/><\/p>\n<p>(g.p.)______<strong><span style=\"color: #ff0000;\"><em>&#8220;&#8230;Il Santo Natale per tradizione \u00e8 la festa delle famiglie, il momento degli affetti che si riuniscono. Le famiglie non sanno ad oggi se, quando e con chi potranno viverlo.<\/em><\/span><\/strong><\/p>\n<p><strong><span style=\"color: #ff0000;\"><em>\u00c8 incomprensibile che gli italiani non sappiano come comportarsi. Regole anche ferree, ma certe, perch\u00e9 \u00e8 inimmaginabile che ci si trovi all&#8217;ultimo momento di fronte al fatto di non potere portare un augurio ad un genitore anziano, solo e magari anche malato&#8221;.<\/em><\/span><\/strong><\/p>\n<p>&nbsp;<\/p>\n<p>Compita cerimonia questa mattina a Palazzo Madama (nella foto) dello scambio di auguri fra il presidente del Senato e i giornalisti parlamentari, una tradizione che si ripete ogni anno e che \u00e8 diventata un appuntamento fisso dell&#8217;agenda politica italiana.<\/p>\n<p>Ma quest&#8217;anno, a differenza della tranquilla tradizione, il discorso della presidente<span style=\"color: #ff0000;\"><strong>\u00a0Maria Elisabetta Alberti Casellati<\/strong><\/span> &#8211; che, lo ricordiamo, in base al nostro ordinamento \u00e8 la seconda carica dello Stato, dietro solamente al presidente della Repubblica &#8211; \u00e8 stato assai poco conciliante, o cerimoniale, e si \u00e8 trasformato in un pesantissimo atto di accusa propriamente politico al governo di Giuseppe Conte, per di pi\u00f9 in una sede istituzionale e da un altissimo esponente delle Istituzioni.<\/p>\n<p>&nbsp;<\/p>\n<p>L&#8217;incipit sopra riportato \u00e8 memorabile, ed il bello \u00e8 che, qualunque sia l&#8217;orientamento di chi l&#8217;ascolti o la legga, \u00e8 difficile darle torto.<\/p>\n<p>Ma la presidente Casellati non si \u00e8 fermata a questo, nella sua vera e propria requisitoria accusatoria.<\/p>\n<p>Qui di seguito, riportiamo integralmente altri passaggi significativi del suo intervento.<\/p>\n<p>&nbsp;<\/p>\n<p><span style=\"color: #ff0000;\"><em>&#8220;A dieci mesi dall&#8217;inizio della pandemia, troppi sono i ritardi, le indeterminatezze e le disomogeneit\u00e0 nella riorganizzazione sanitaria.<\/em><\/span><\/p>\n<p><span style=\"color: #ff0000;\"><em>Sono errori che non possiamo permetterci di ripetere rispetto alla grande sfida che tutti attendiamo dalla distribuzione dei vaccini anti-CoVid.<\/em><\/span><br \/>\n<span style=\"color: #ff0000;\"><em>Altri Paesi sono gi\u00e0 operativi, mentre l&#8217;Italia ha ancora difficolt\u00e0 sui vaccini anti-influenzali.<\/em><\/span><\/p>\n<p><span style=\"color: #ff0000;\"><em>In tanti settori, non solo nella sanit\u00e0, l&#8217;incertezza con cui il Paese si muove \u00e8 ci\u00f2 che preoccupa di pi\u00f9 i cittadini.Penso alla scuola riaperta a singhiozzo tra banchi con le rotelle e una rete di trasporti pubblici insufficienti.<\/em><\/span><br \/>\n<span style=\"color: #ff0000;\"><em>Penso all&#8217;economia, alle dinamiche occupazionali, ai redditi delle famiglie.<\/em><\/span><br \/>\n<span style=\"color: #ff0000;\"><em>Una &#8220;finanza di emergenza&#8221; basata su interventi assistenziali a pioggia non \u00e8 la risposta che il Paese si attende&#8230;.Serve piuttosto lavorare ad un Progetto Italia che guardi al futuro, garantendo prospettive reali di\u00a0crescita e sviluppo&#8230;<\/em><\/span><\/p>\n<p><span style=\"color: #ff0000;\"><em>&#8230;Il lavoro agile pu\u00f2 essere utile in circostanze straordinarie.<\/em><\/span><br \/>\n<span style=\"color: #ff0000;\"><em>Ma non pu\u00f2 essere usato come nuova regola universale nell&#8217;organizzazione del lavoro. Cos\u00ec diventa un boomerang.<\/em><\/span><br \/>\n<span style=\"color: #ff0000;\"><em>Non solo perch\u00e9 &#8220;ricaccia&#8221; le donne in casa e getta alle ortiche pi\u00f9 di 50 anni di emancipazione femminile. Ma anche perch\u00e9 svuota e impoverisce i centri urbani, cambia il volto delle citt\u00e0, fa crollare interi settori dell&#8217;economia e del commercio.<\/em><\/span><\/p>\n<p><span style=\"color: #ff0000;\"><em>Di fronte alle tante saracinesche chiuse, alle famiglie che non riescono ad arrivare alla fine del mese, non pu\u00f2 poi essere sottovalutato il rischio di un disagio sociale fuori controllo&#8230;.<\/em><\/span><br \/>\n<span style=\"color: #ff0000;\"><em>\u00c8 un rischio che possiamo prevenire solo evitando che le diseguaglianze si acuiscano ulteriormente, tutelando le fasce deboli della popolazione. Diversamente, sar\u00e0 la criminalit\u00e0 organizzata a fungere da banca e da ufficio di collocamento.<\/em><\/span><\/p>\n<p>&nbsp;<\/p>\n<p><span style=\"color: #ff0000;\"><em>&#8230;Il Parlamento deve tornare ad essere centro reale per la definizione delle scelte programmatiche e legislative.<\/em><\/span><br \/>\n<span style=\"color: #ff0000;\"><em>Non credo che nessuna cabina di regia o nessun gruppo di esperti possa sostituirsi alle necessarie decisioni del Parlamento.<\/em><\/span><\/p>\n<p>&nbsp;<\/p>\n<p><span style=\"color: #ff0000;\"><em>Sono consapevole che stiamo attraversando una situazione eccezionale, ma mi auguro che non si proceda pi\u00f9 nel legiferare come nel decreto-legge Ristori. Abbiamo vissuto una concatenazione di ben quattro provvedimenti a contenuto plurimo confluiti in un unico testo attraverso emendamenti e subemendamenti governativi. Non solo la lettura \u00e8 stata difficile, ma anche il vaglio di ammissibilit\u00e0 degli emendamenti&#8230;.<\/em><\/span><\/p>\n<p><span style=\"color: #ff0000;\"><em>&#8230;Rispetto poi alla comunicazione, in tutti questi mesi la stampa ha avuto un ruolo ancora pi\u00f9 centrale che in passato.<\/em><\/span><br \/>\n<span style=\"color: #ff0000;\"><em>I media sono stati l&#8217;unico collegamento tra i cittadini confinati in casa e la realt\u00e0 esterna.<\/em><\/span><\/p>\n<p><span style=\"color: #ff0000;\"><em>E per questo voglio dire il mio grazie ai tanti professionisti che anche in questi mesi difficili ci hanno garantito un servizio davvero essenziale.<\/em><\/span><br \/>\n<span style=\"color: #ff0000;\"><em>Una funzione delicata, che richiama voi operatori alla grande responsabilit\u00e0 di informare e fornire notizie con costanza e tempestivit\u00e0. Al compito di veicolare messaggi che siano utili e attendibili per i cittadini.<\/em><\/span><\/p>\n<p><span style=\"color: #ff0000;\"><em>A questo riguardo, le continue e martellanti opinioni di virologi e di alcuni esperti diffuse dai media, non di rado contraddittorie fra di loro, hanno ingenerato un grave disorientamento e confusione nell&#8217;opinione pubblica sulla gestione dell&#8217;emergenza sanitaria.<\/em><\/span><\/p>\n<p><span style=\"color: #ff0000;\"><em>&#8230;Non smettere mai di credere e lottare per un futuro concreto di speranza e prospettive.<\/em><\/span><br \/>\n<span style=\"color: #ff0000;\"><em>Questo \u00e8 il vero messaggio che il Santo Natale deve trasmetterci&#8221;.<\/em><\/span><\/p>\n<p><span style=\"color: #ff0000;\"><em>\u00a0<\/em><\/span><br \/>\n<span style=\"color: #ff0000;\"><em>\u00a0<\/em><\/span><\/p>\n<fb:like href='https:\/\/www.leccecronaca.it\/index.php\/2020\/12\/18\/giuseppe-conte-nun-te-reggae-piu-e-a-natale-pure-la-presidente-del-sanato-la-seconda-carica-dello-stato-perde-la-pazienza-e-attacca-pesantemente-il-governo-basta-dpcm-basta-comitati-basta\/' send='true' layout='button_count' show_faces='true' width='450' height='65' action='recommend' colorscheme='light' font='lucida grande'><\/fb:like><span class=\"fb_share\"><fb:like href=\"https:\/\/www.leccecronaca.it\/index.php\/2020\/12\/18\/giuseppe-conte-nun-te-reggae-piu-e-a-natale-pure-la-presidente-del-sanato-la-seconda-carica-dello-stato-perde-la-pazienza-e-attacca-pesantemente-il-governo-basta-dpcm-basta-comitati-basta\/\" layout=\"button_count\"><\/fb:like><\/span>","protected":false},"excerpt":{"rendered":"<p>(g.p.)______&#8220;&#8230;Il Santo Natale per tradizione \u00e8 la festa delle famiglie, il momento degli affetti che si riuniscono. Le famiglie non sanno ad oggi se, quando e con chi potranno viverlo. \u00c8 incomprensibile che gli italiani non sappiano come comportarsi. Regole anche ferree, ma certe, perch\u00e9 \u00e8 inimmaginabile che ci si trovi all&#8217;ultimo momento di fronte [&hellip;]<\/p>\n","protected":false},"author":4,"featured_media":176255,"comment_status":"open","ping_status":"closed","sticky":false,"template":"","format":"standard","meta":[],"categories":[69,76],"tags":[],"_links":{"self":[{"href":"https:\/\/www.leccecronaca.it\/index.php\/wp-json\/wp\/v2\/posts\/176254"}],"collection":[{"href":"https:\/\/www.leccecronaca.it\/index.php\/wp-json\/wp\/v2\/posts"}],"about":[{"href":"https:\/\/www.leccecronaca.it\/index.php\/wp-json\/wp\/v2\/types\/post"}],"author":[{"embeddable":true,"href":"https:\/\/www.leccecronaca.it\/index.php\/wp-json\/wp\/v2\/users\/4"}],"replies":[{"embeddable":true,"href":"https:\/\/www.leccecronaca.it\/index.php\/wp-json\/wp\/v2\/comments?post=176254"}],"version-history":[{"count":13,"href":"https:\/\/www.leccecronaca.it\/index.php\/wp-json\/wp\/v2\/posts\/176254\/revisions"}],"predecessor-version":[{"id":176272,"href":"https:\/\/www.leccecronaca.it\/index.php\/wp-json\/wp\/v2\/posts\/176254\/revisions\/176272"}],"wp:featuredmedia":[{"embeddable":true,"href":"https:\/\/www.leccecronaca.it\/index.php\/wp-json\/wp\/v2\/media\/176255"}],"wp:attachment":[{"href":"https:\/\/www.leccecronaca.it\/index.php\/wp-json\/wp\/v2\/media?parent=176254"}],"wp:term":[{"taxonomy":"category","embeddable":true,"href":"https:\/\/www.leccecronaca.it\/index.php\/wp-json\/wp\/v2\/categories?post=176254"},{"taxonomy":"post_tag","embeddable":true,"href":"https:\/\/www.leccecronaca.it\/index.php\/wp-json\/wp\/v2\/tags?post=176254"}],"curies":[{"name":"wp","href":"https:\/\/api.w.org\/{rel}","templated":true}]}}