{"id":176422,"date":"2020-12-22T00:02:55","date_gmt":"2020-12-21T23:02:55","guid":{"rendered":"http:\/\/www.leccecronaca.it\/?p=176422"},"modified":"2020-12-21T16:34:23","modified_gmt":"2020-12-21T15:34:23","slug":"176422","status":"publish","type":"post","link":"https:\/\/www.leccecronaca.it\/index.php\/2020\/12\/22\/176422\/","title":{"rendered":"NOVITA&#8217; EDITORIALI \/ E&#8217; APPENA USCITA LA RACCOLTA DI VERSI IN VERNACOLO &#8220;Quandu autru nu tteni&#8230;Cu lla puesia te squari\u00a0 &#8221; DI CARLO VINCENZO GRECO"},"content":{"rendered":"<p><img decoding=\"async\" loading=\"lazy\" class=\"alignnone size-full wp-image-176426\" src=\"https:\/\/www.leccecronaca.it\/wordpress\/wp-content\/uploads\/2020\/12\/cvg.jpg\" alt=\"\" width=\"1280\" height=\"720\" srcset=\"https:\/\/www.leccecronaca.it\/wordpress\/wp-content\/uploads\/2020\/12\/cvg.jpg 1280w, https:\/\/www.leccecronaca.it\/wordpress\/wp-content\/uploads\/2020\/12\/cvg-300x169.jpg 300w, https:\/\/www.leccecronaca.it\/wordpress\/wp-content\/uploads\/2020\/12\/cvg-1024x576.jpg 1024w, https:\/\/www.leccecronaca.it\/wordpress\/wp-content\/uploads\/2020\/12\/cvg-768x432.jpg 768w\" sizes=\"(max-width: 1280px) 100vw, 1280px\" \/>di <strong>Raffaele Polo<\/strong>______<\/p>\n<p><strong>Carlo Vincenzo Greco <\/strong>(nella foto), ovvero Vi cerco largo (come si ottiene anagrammando in parte il suo nome e cognome e costringendo un risultato che prevede solo l&#8217;utilizzo di una parte delle lettere&#8230;) \u00e8 un poeta innamorato del dialetto salentino. E, da buon leccese, ama svisceratamente tutto quello che riguarda le tradizioni della sua terra, tuffandosi a capofitto nel difficile ruolo di &#8216;poeta vernacolare&#8217; che gli piace e non gli lesina soddisfazioni.<\/p>\n<p>&nbsp;<\/p>\n<p>Da sempre presente in tante, tantissime occasioni legate alla versificazione ed alla proclamazione delle rime dialettali, Carlo ha dalla sua anche la realizzazione del calendario &#8216;l&#8217;Addhuzzu te Santu Ronzu&#8217; che \u00e8 diventato una sorta di almanacco che comprende un po&#8217; di tutto: non solo poesie, quindi, ma anche aneddoti, curiosit\u00e0 storiche, ricordi di personaggi salentini e i tradizionali &#8216;culacchi&#8217;, ovvero fatti e misfatti sospesi tra realt\u00e0 e fantasia ma conditi dalla verve squisitamente salentina. E questa simpatica pubblicazione \u00e8 un po&#8217; lo specchio dell&#8217;animo del nostro poeta: che con la sua specchiata semplicit\u00e0, \u00e8 sempre pronto a percorrere le conosciute strade del dialetto popolare e dei &#8216;topoi&#8217; ad esso collegato.<\/p>\n<p>Greco, in realt\u00e0, \u00e8 un divulgatore, un appassionato cantastorie, un infaticabile ricercatore di storie e sensazioni legate alle tradizioni pi\u00f9 conosciute, nel tentativo lodevolissimo di non farle morire o dimenticare.<\/p>\n<p>&nbsp;<\/p>\n<p>Non \u00e8 un poeta colto o introspettivo. \u00c8, al contrario, la quintessenza della schiettezza che viene dal popolino che c&#8217;\u00e8 ancora ed \u00e8 sempre pi\u00f9 dimenticato o trascurato perch\u00e9 il suo tessuto, fatto di uomini e donne che hanno superato agevolmente il mezzo secolo d&#8217;et\u00e0, \u00e8 ineluttabilmente in progressivo disfacimento.<\/p>\n<p>Potremmo dire che Carlo \u00e8 il cantore del dialetto e degli argomenti che sono all&#8217;ordine del giorno quando si fa la fila alla Posta oppure si cerca, al mercato rionale, di acquistare rape e cicorie ad un prezzo inferiore a quello del fornitissimo supermercato&#8230;<\/p>\n<p>Ecco, anche la scelta poetica, il procedere in versi di Greco \u00e8 scevro di barocchismi o meditate circonlocuzioni. Per Carlo, come osservava argutamente Donato Valli,\u00a0 &#8216;la rima \u00e8 dentro il verso, nella ripetizione del suo ritmo affabile, orecchiabile&#8217;.<\/p>\n<p>Poeta prettamente e semplicisticamente legato alla realt\u00e0 di tutti i giorni, non disdegna una punta di umorismo e, soprattutto, s&#8217;incanta davanti ai grandi temi del Creato, raffrontandoli con la nostra quotidianit\u00e0 grigia e senza sapore. Echi dei grandi poeti salentini (Bozzi, De Dominicis ma anche don Franco Lupo e soprattutto Niny Rucco) si risentono piacevolmente nelle sue composizioni\u00a0 e ci piace segnalare la recente pubblicazione edita e dedicata al periodo infausto della Pandemia, dal titolo <strong><em>Quandu autru nu tteni&#8230;Cu lla puesia te squari\u00a0<\/em> <\/strong>(Puesei a ritmu te&#8230;&#8217;Curona virus&#8217; tra Marzo, Aprile, Maggiu, Giugnu 2020. Stampagrafica, euro 5)<\/p>\n<p>La scelta dell&#8217;autore \u00e8 quella di pubblicare, per ogni poesia in dialetto, la traduzione in italiano e, a conclusione delle circa 80 pagine, preannunciare una prossima pubblicazione; perch\u00e8, nonostante quello che afferma nella sua composizione &#8216;Lu estru miu&#8217;, lo vediamo sempre ricco di verve e brillanti intuizioni.<\/p>\n<p><strong><em>Lu estru miu sta scantuna\/ e nu mbole cchiu cu canta\/ te l&#8217;aceddhu ca mmasuna\/ te la fimmena ca &#8216;ncanta.\/ Stae a reposu e nu lu sentu,\/ nu respunde a llu cumandu;\/ puru ca lu bba cimentu,\/ nu me sente cchiui de tantu.\/ E la malesciana sale;\/ sale e scinde comu ole\/ e nu riescu cu lla fermu.\/ Intru e fore me sta mmore.\/ Aggiu perse le palore\/ e cu iddhe&#8230;puru l&#8217;ale.<\/em><\/strong><\/p>\n<p><img decoding=\"async\" loading=\"lazy\" class=\"alignnone size-full wp-image-176461\" src=\"https:\/\/www.leccecronaca.it\/wordpress\/wp-content\/uploads\/2020\/12\/Digitalizzato_20201221.jpg\" alt=\"\" width=\"850\" height=\"1170\" srcset=\"https:\/\/www.leccecronaca.it\/wordpress\/wp-content\/uploads\/2020\/12\/Digitalizzato_20201221.jpg 850w, https:\/\/www.leccecronaca.it\/wordpress\/wp-content\/uploads\/2020\/12\/Digitalizzato_20201221-218x300.jpg 218w, https:\/\/www.leccecronaca.it\/wordpress\/wp-content\/uploads\/2020\/12\/Digitalizzato_20201221-744x1024.jpg 744w, https:\/\/www.leccecronaca.it\/wordpress\/wp-content\/uploads\/2020\/12\/Digitalizzato_20201221-768x1057.jpg 768w\" sizes=\"(max-width: 850px) 100vw, 850px\" \/><\/p>\n<p>&nbsp;<\/p>\n<fb:like href='https:\/\/www.leccecronaca.it\/index.php\/2020\/12\/22\/176422\/' send='true' layout='button_count' show_faces='true' width='450' height='65' action='recommend' colorscheme='light' font='lucida grande'><\/fb:like><span class=\"fb_share\"><fb:like href=\"https:\/\/www.leccecronaca.it\/index.php\/2020\/12\/22\/176422\/\" layout=\"button_count\"><\/fb:like><\/span>","protected":false},"excerpt":{"rendered":"<p>di Raffaele Polo______ Carlo Vincenzo Greco (nella foto), ovvero Vi cerco largo (come si ottiene anagrammando in parte il suo nome e cognome e costringendo un risultato che prevede solo l&#8217;utilizzo di una parte delle lettere&#8230;) \u00e8 un poeta innamorato del dialetto salentino. E, da buon leccese, ama svisceratamente tutto quello che riguarda le tradizioni [&hellip;]<\/p>\n","protected":false},"author":4,"featured_media":176426,"comment_status":"open","ping_status":"closed","sticky":false,"template":"","format":"standard","meta":[],"categories":[31,57],"tags":[],"_links":{"self":[{"href":"https:\/\/www.leccecronaca.it\/index.php\/wp-json\/wp\/v2\/posts\/176422"}],"collection":[{"href":"https:\/\/www.leccecronaca.it\/index.php\/wp-json\/wp\/v2\/posts"}],"about":[{"href":"https:\/\/www.leccecronaca.it\/index.php\/wp-json\/wp\/v2\/types\/post"}],"author":[{"embeddable":true,"href":"https:\/\/www.leccecronaca.it\/index.php\/wp-json\/wp\/v2\/users\/4"}],"replies":[{"embeddable":true,"href":"https:\/\/www.leccecronaca.it\/index.php\/wp-json\/wp\/v2\/comments?post=176422"}],"version-history":[{"count":5,"href":"https:\/\/www.leccecronaca.it\/index.php\/wp-json\/wp\/v2\/posts\/176422\/revisions"}],"predecessor-version":[{"id":176462,"href":"https:\/\/www.leccecronaca.it\/index.php\/wp-json\/wp\/v2\/posts\/176422\/revisions\/176462"}],"wp:featuredmedia":[{"embeddable":true,"href":"https:\/\/www.leccecronaca.it\/index.php\/wp-json\/wp\/v2\/media\/176426"}],"wp:attachment":[{"href":"https:\/\/www.leccecronaca.it\/index.php\/wp-json\/wp\/v2\/media?parent=176422"}],"wp:term":[{"taxonomy":"category","embeddable":true,"href":"https:\/\/www.leccecronaca.it\/index.php\/wp-json\/wp\/v2\/categories?post=176422"},{"taxonomy":"post_tag","embeddable":true,"href":"https:\/\/www.leccecronaca.it\/index.php\/wp-json\/wp\/v2\/tags?post=176422"}],"curies":[{"name":"wp","href":"https:\/\/api.w.org\/{rel}","templated":true}]}}