{"id":176547,"date":"2020-12-23T13:07:27","date_gmt":"2020-12-23T12:07:27","guid":{"rendered":"http:\/\/www.leccecronaca.it\/?p=176547"},"modified":"2021-01-06T11:00:32","modified_gmt":"2021-01-06T10:00:32","slug":"temporary-store-since-2013-un-sito-allavanguardia-internazionale-per-promuovere-efficacemente-in-rete-attivita-e-prodotti-delle-aziende-salentine-a-leccecronaca-it-il-suo-ideatore-stefano-donn","status":"publish","type":"post","link":"https:\/\/www.leccecronaca.it\/index.php\/2020\/12\/23\/temporary-store-since-2013-un-sito-allavanguardia-internazionale-per-promuovere-efficacemente-in-rete-attivita-e-prodotti-delle-aziende-salentine-a-leccecronaca-it-il-suo-ideatore-stefano-donn\/","title":{"rendered":"TEMPORARY STORE SINCE 2013, UN SITO ALL&#8217;AVANGUARDIA INTERNAZIONALE"},"content":{"rendered":"<p style=\"font-weight: 400;\"><span style=\"color: #000080;\"><span style=\"color: #000000;\"><strong><img decoding=\"async\" loading=\"lazy\" class=\"alignnone size-full wp-image-176548\" src=\"https:\/\/www.leccecronaca.it\/wordpress\/wp-content\/uploads\/2020\/12\/sd.jpg\" alt=\"\" width=\"1728\" height=\"1152\" srcset=\"https:\/\/www.leccecronaca.it\/wordpress\/wp-content\/uploads\/2020\/12\/sd.jpg 1728w, https:\/\/www.leccecronaca.it\/wordpress\/wp-content\/uploads\/2020\/12\/sd-300x200.jpg 300w, https:\/\/www.leccecronaca.it\/wordpress\/wp-content\/uploads\/2020\/12\/sd-1024x683.jpg 1024w, https:\/\/www.leccecronaca.it\/wordpress\/wp-content\/uploads\/2020\/12\/sd-768x512.jpg 768w, https:\/\/www.leccecronaca.it\/wordpress\/wp-content\/uploads\/2020\/12\/sd-1536x1024.jpg 1536w\" sizes=\"(max-width: 1728px) 100vw, 1728px\" \/><\/strong><\/span><\/span><\/p>\n<p><strong> PER PROMUOVERE EFFICACEMENTE IN RETE ATTIVITA&#8217; E PRODOTTI DELLE AZIENDE SALENTINE. A leccecronaca.it IL SUO IDEATORE STEFANO DONNO NE SPIEGA L&#8217;IMPORTANZA E ANNUNCIA DI VOLERLO CONDIVIDERE: <em>&#8220;Voglio aiutare a crescere insieme&#8221;<\/em><\/strong><\/p>\n<p style=\"font-weight: 400;\"><span style=\"color: #000080;\"><span style=\"color: #000000;\">di<strong> Maria Antonietta Vacca<\/strong>______<\/span><em><strong>\u201cPosso aiutare nel mio piccolo le aziende salentine e pugliesi (ma non solo) inserendo e promuovendo sul mio sito i loro prodotti\u201d.<\/strong><\/em><\/span><\/p>\n<p style=\"font-weight: 400;\">Cos\u00ec l&#8217;editore salentino <span style=\"color: #000080;\"><strong>Stefano Donno\u00a0 <span style=\"color: #000000;\">(nella foto)<\/span><\/strong><\/span>, responsabile della casa editrice i Quaderni del Bardo, ha annunciato la sua nuova iniziativa, <span style=\"color: #ff0000;\"><strong>TEMPORARY STORE SINCE 2013<\/strong><\/span>, gi\u00e0 on line con le prime, significative segnalazioni.<\/p>\n<p>A leccecronaca.it lo ha spiegato lo stesso Stefano Donno; sentiamolo, perch\u00e9 oltre a tutto il resto nel merito, \u00e8 pure comunque una lucida disamina della situazione del cos\u00ec detto e-commerce, che sta diventando giorno dopo giorno sempre pi\u00f9 importante, se noin addiittura fondamentale.<\/p>\n<p>&nbsp;<\/p>\n<p style=\"font-weight: 400;\"><span style=\"color: #000080;\"><strong><em>&#8220;Nei due anni trascorsi a tenere sott\u2019occhio la strategia digitale nel mondo dell\u2019editoria e della comunicazione, sono arrivato alla conclusione che sono successe molte, troppe cose. <\/em><\/strong><\/span><\/p>\n<p style=\"font-weight: 400;\"><span style=\"color: #000080;\"><strong><em>L&#8217;agenda digitale del mondo \u00e8 cambiata, si sono imposte nuove routine di consumo, i social hanno rivoluzionato ancora una volta i loro modelli di business. <\/em><\/strong><\/span><\/p>\n<p style=\"font-weight: 400;\"><span style=\"color: #000080;\"><strong><em>Su tutto questo \u00e8 importante fare chiarezza. Perch\u00e9 ormai sono sempre pi\u00f9 lontani i giorni in cui si poteva semplicemente aprire una pagina Facebook per un\u2019azienda editoriale e si cominciava a fare marketing. La definizione &#8216;digitale&#8217; \u00e8 sempre pi\u00f9 liquida, perch\u00e9 la comunicazione e il marketing devono muoversi in un universo multi\/informativo, ma \u00e8 ancora necessario fornire gli strumenti per la costruzione della PRESENZA di un qualsivoglia brand sulla rete in maniera efficace. <\/em><\/strong><\/span><\/p>\n<p>&nbsp;<\/p>\n<p style=\"font-weight: 400;\"><em><span style=\"color: #000080;\">Con la pandemia del COVID 19 il comparto dei libri (editori, librerie, distributori etc) non se la sta passando bene: addirittura un pezzo della storia dell\u2019editoria italiana come UTET Grandi Opere, chiude sotto molteplici silenzi. <\/span><\/em><\/p>\n<p style=\"font-weight: 400;\"><em><span style=\"color: #000080;\">La parola chiave per rinnovarsi in un contesto sociale, economico e politico di grande incertezza come questo, per una casa editrice come i Quaderni del Bardo Edizioni, non poteva essere che rischiare e diversificarsi. <\/span><\/em><\/p>\n<p style=\"font-weight: 400;\"><span style=\"color: #000080;\"><em>Una diversificazione che passa attraverso la creazione di un sit<strong>o <\/strong><\/em><span style=\"color: #ff0000;\"><strong>\u201cTemporary Store since 2013\u201d <\/strong><\/span><em>all\u2019indirizzo<\/em><\/span><\/p>\n<p style=\"font-weight: 400;\"><a href=\"http:\/\/www.stefanodonno.com\/\">http:\/\/www.stefanodonno.com\/<\/a><\/p>\n<p style=\"font-weight: 400;\"><span style=\"color: #000080;\"><em>con un doppio programma di affiliazione. <\/em><\/span><\/p>\n<p>&nbsp;<\/p>\n<p style=\"font-weight: 400;\"><em><span style=\"color: #000080;\">Il primo all\u2019e-commerce di Macrolibrarsi che nasce da un\u2019idea di Giorgio Gustavo Rosso e Ivana Iovino fondatori di Macro Edizioni, con l\u2019obiettivo di dare il proprio contributo concreto per creare un nuovo mondo pi\u00f9 sano ed ecologico e che ha trasformato una piccola azienda di Cesena nel primo e-commerce in Italia nella vendita di libri e prodotti alternativi per il benessere di corpo, mente e spirito. <\/span><\/em><\/p>\n<p style=\"font-weight: 400;\"><em><span style=\"color: #000080;\">Il secondo con Amazon, di Jeff Bezos, che mi permetter\u00e0 anche la vendita e la promozione sul sito di tutte le aziende che si affidano ad Amazon per la promozione e distribuzione dei loro prodotti&#8221;<\/span>.<\/em><\/p>\n<p>&nbsp;<\/p>\n<p style=\"font-weight: 400;\"><strong>La scelta dell\u2019editore salentino dunque mira non solo ad ampliare le possibilit\u00e0 di commercializzazione dei propri prodotti, ma anche quelli dei suoi colleghi e di tutte le aziende pugliesi presenti su Amazo<\/strong>n, oltre ovviamente a tutti i grandi brand da Nike, ad Adidas, Samsung, Huawei, Timberland, Mondadori Feltrinelli, Besa, Manni, Kurumuny e cos\u00ec via.<\/p>\n<p>&nbsp;<\/p>\n<p style=\"font-weight: 400;\"><span style=\"color: #000080;\"><strong><em>\u201cLa logica<\/em><\/strong><\/span> \u2013 aggiunge ancora Stefano Donno \u2013<strong><span style=\"color: #000080;\"><em> \u00e8 quella del classico Temporary Store, ovvero un negozio temporaneo, dalla durata variabile, che pu\u00f2 essere aperto e chiuso nel giro di pochi giorni o nell&#8217;arco di qualche mese. \u00c8 uno spazio che consente all&#8217;azienda di connettersi con i consumatori in maniera diversa, pi\u00f9 originale, pi\u00f9 rapida e personalizzata, rispetto agli altri store della marca di riferimento. Infatti ogni giorno a partire dalle 18,00 il sito si aggiorner\u00e0 con una vasta offerta di segnalazioni su prodotti di varia natura originali al 100%\u201d.<\/em><\/span><\/strong><\/p>\n<p>&nbsp;<\/p>\n<p style=\"font-weight: 400;\">\u00a0Cosa si pu\u00f2 trovare su TEMPORARY STORE SINCE 2013?<\/p>\n<p style=\"font-weight: 400;\">Abbigliamento, Alimentari e cura della casa, Amazon Launchpad, App e Giochi, Bellezza, CD e Vinili, Dispositivi Amazon &amp; Accessori, Elettronica, Fai da te, Film e TV, Giardino e giardinaggio, Giochi e giocattoli, Gioielli, Grandi elettrodomestici, Illuminazione, Informatica, Kindle Store, Libri, Libri in altre lingue, Musica Digitale, Orologi, Salute e cura della persona, Scarpe e borse, Sport e tempo libero, Strumenti Musicali, Valigeria, Videogiochi<\/p>\n<p style=\"font-weight: 400;\">Per quanti volessero segnalare i loro prodotti basta scrivere alla mail<\/p>\n<p style=\"font-weight: 400;\">stefano.donno75@gmail.com<\/p>\n<p style=\"font-weight: 400;\">Il link per collegarsi a <span style=\"color: #ff0000;\"><strong>Temporary Store since 2013<\/strong><\/span> \u00e8<\/p>\n<p style=\"font-weight: 400;\"><a href=\"http:\/\/www.stefanodonno.com\/\">http:\/\/www.stefanodonno.com\/<\/a><\/p>\n<p>&nbsp;<\/p>\n<p><img decoding=\"async\" loading=\"lazy\" class=\"alignnone size-full wp-image-176540\" src=\"https:\/\/www.leccecronaca.it\/wordpress\/wp-content\/uploads\/2020\/12\/TemporaryStore300x220OK.png\" alt=\"\" width=\"300\" height=\"220\" \/><\/p>\n<fb:like href='https:\/\/www.leccecronaca.it\/index.php\/2020\/12\/23\/temporary-store-since-2013-un-sito-allavanguardia-internazionale-per-promuovere-efficacemente-in-rete-attivita-e-prodotti-delle-aziende-salentine-a-leccecronaca-it-il-suo-ideatore-stefano-donn\/' send='true' layout='button_count' show_faces='true' width='450' height='65' action='recommend' colorscheme='light' font='lucida grande'><\/fb:like><span class=\"fb_share\"><fb:like href=\"https:\/\/www.leccecronaca.it\/index.php\/2020\/12\/23\/temporary-store-since-2013-un-sito-allavanguardia-internazionale-per-promuovere-efficacemente-in-rete-attivita-e-prodotti-delle-aziende-salentine-a-leccecronaca-it-il-suo-ideatore-stefano-donn\/\" layout=\"button_count\"><\/fb:like><\/span>","protected":false},"excerpt":{"rendered":"<p>PER PROMUOVERE EFFICACEMENTE IN RETE ATTIVITA&#8217; E PRODOTTI DELLE AZIENDE SALENTINE. A leccecronaca.it IL SUO IDEATORE STEFANO DONNO NE SPIEGA L&#8217;IMPORTANZA E ANNUNCIA DI VOLERLO CONDIVIDERE: &#8220;Voglio aiutare a crescere insieme&#8221; di Maria Antonietta Vacca______\u201cPosso aiutare nel mio piccolo le aziende salentine e pugliesi (ma non solo) inserendo e promuovendo sul mio sito i loro [&hellip;]<\/p>\n","protected":false},"author":4,"featured_media":176548,"comment_status":"open","ping_status":"closed","sticky":false,"template":"","format":"standard","meta":[],"categories":[1,69,31,75],"tags":[],"_links":{"self":[{"href":"https:\/\/www.leccecronaca.it\/index.php\/wp-json\/wp\/v2\/posts\/176547"}],"collection":[{"href":"https:\/\/www.leccecronaca.it\/index.php\/wp-json\/wp\/v2\/posts"}],"about":[{"href":"https:\/\/www.leccecronaca.it\/index.php\/wp-json\/wp\/v2\/types\/post"}],"author":[{"embeddable":true,"href":"https:\/\/www.leccecronaca.it\/index.php\/wp-json\/wp\/v2\/users\/4"}],"replies":[{"embeddable":true,"href":"https:\/\/www.leccecronaca.it\/index.php\/wp-json\/wp\/v2\/comments?post=176547"}],"version-history":[{"count":4,"href":"https:\/\/www.leccecronaca.it\/index.php\/wp-json\/wp\/v2\/posts\/176547\/revisions"}],"predecessor-version":[{"id":176865,"href":"https:\/\/www.leccecronaca.it\/index.php\/wp-json\/wp\/v2\/posts\/176547\/revisions\/176865"}],"wp:featuredmedia":[{"embeddable":true,"href":"https:\/\/www.leccecronaca.it\/index.php\/wp-json\/wp\/v2\/media\/176548"}],"wp:attachment":[{"href":"https:\/\/www.leccecronaca.it\/index.php\/wp-json\/wp\/v2\/media?parent=176547"}],"wp:term":[{"taxonomy":"category","embeddable":true,"href":"https:\/\/www.leccecronaca.it\/index.php\/wp-json\/wp\/v2\/categories?post=176547"},{"taxonomy":"post_tag","embeddable":true,"href":"https:\/\/www.leccecronaca.it\/index.php\/wp-json\/wp\/v2\/tags?post=176547"}],"curies":[{"name":"wp","href":"https:\/\/api.w.org\/{rel}","templated":true}]}}