{"id":176565,"date":"2021-01-01T00:03:05","date_gmt":"2020-12-31T23:03:05","guid":{"rendered":"http:\/\/www.leccecronaca.it\/?p=176565"},"modified":"2020-12-30T12:19:10","modified_gmt":"2020-12-30T11:19:10","slug":"oggi-primo-dellanno-benvenuto-2021","status":"publish","type":"post","link":"https:\/\/www.leccecronaca.it\/index.php\/2021\/01\/01\/oggi-primo-dellanno-benvenuto-2021\/","title":{"rendered":"OGGI, PRIMO DELL&#8217;ANNO \/ PROFUMO DI VITA"},"content":{"rendered":"<p><img decoding=\"async\" loading=\"lazy\" class=\"alignnone size-full wp-image-176875\" src=\"https:\/\/www.leccecronaca.it\/wordpress\/wp-content\/uploads\/2021\/01\/defi.jpg\" alt=\"\" width=\"403\" height=\"600\" srcset=\"https:\/\/www.leccecronaca.it\/wordpress\/wp-content\/uploads\/2021\/01\/defi.jpg 403w, https:\/\/www.leccecronaca.it\/wordpress\/wp-content\/uploads\/2021\/01\/defi-202x300.jpg 202w\" sizes=\"(max-width: 403px) 100vw, 403px\" \/>di <span style=\"color: #008000;\"><strong>Anna Leo<\/strong><\/span>______<\/p>\n<p>\u00c9 scesa la sera del 31 dicembre 2020, attraverso i vetri vedo accese le lampade di luce rossastra, mi affaccio alla finestra e nel silenzio velato di nostalgia la notte di San Silvestro avvolge l&#8217;universo.<\/p>\n<p>Controllo l&#8217;orologio: mancano un paio di ore alla mezzanotte per brindare al nuovo anno, mentre un dolore con lama tagliente trapassa l&#8217;aria di questo spazio aperto, senza pareti, completamente vuoto, ricordo gli anni precedenti dove frastuoni, voci allegria e musica coloravano il tempo di magia.<\/p>\n<p>&nbsp;<\/p>\n<p>Sono cambiati scenari, cose e persone. Il Covid-19, l&#8217;inaspettata pandemia ha portato sofferenze, morte e paura. L&#8217;umanit\u00e0 intera \u00e8 impegnata a contrastarne la diffusione e a limitarne il pi\u00f9 possibile le conseguenze sulle persone.<\/p>\n<p>Le priorit\u00e0 per ciascuno di noi per le famiglie, per le imprese, per gli stati sono mutate, siamo terribilmente disarmati e feriti da questa freccia avvelenata del virus che ci priva della quotidianit\u00e0 e degli affetti pi\u00f9 cari.<\/p>\n<p>&nbsp;<\/p>\n<p>Nel disorientamento generale \u00e8 indispensabile,sentirci uniti e avere fiducia oltre che nella scienza che incessantemente studia come immunizzarci e proteggerci dal virus, anche negli aiuti necessari da parte delle Istituzioni per la ricostruzione di una nuova collettivit\u00e0.<\/p>\n<p>&nbsp;<\/p>\n<p>L&#8217;umanit\u00e0 attende decisioni adeguate con il forte desiderio di guarire per ricostruire quanto si \u00e8 perduto per ricominciare a vivere.<\/p>\n<p>&nbsp;<\/p>\n<p>Il 2021 arriva in una condizione tale da rendere preziosa ogni possibilit\u00e0 di trasformazione tra le quali la necessit\u00e0 di dare ai giovani nuove prospettive di inserimento sociale, predisponendo nuove fonti di lavoro e guadagno.<\/p>\n<p>Realizzare nuove strategie di mercato per sostenere le famiglie pi\u00f9 bisognose per dar loro il modo di concretizzare progetti di vita, auspicando anche assistenza alle fasce pi\u00f9 deboli come quelle degli anziani.<\/p>\n<p>&nbsp;<\/p>\n<p>Il 2021 \u00e8 l&#8217;anno in cui speriamo di riappropriarci di valori, relazioni, dialogo e poter riuscire ad attingere dalla nostra anima spiritualit\u00e0 e bellezza, da donare a coloro che sono stati maggiormente colpiti.<\/p>\n<p>&nbsp;<\/p>\n<p>Il Covid-19 \u00e8 stato un trauma unanime, quanto \u00e8 successo era inimmaginabile, ha portato in una situazione di abbandono, ma il senso civico di tutti noi e la responsabilit\u00e0 dell&#8217;isolamento ci ha salvato.<\/p>\n<p>&nbsp;<\/p>\n<p>Il confinamento non \u00e8 stato la privazione della libert\u00e0, come da tanti definito, ma la forma pi\u00f9 alta di solidariet\u00e0 e fratellanza. Osservando le regole abbiamo protetto la propria e altrui vita da un contagio subdolo e senza volto.<\/p>\n<p>&nbsp;<\/p>\n<p>Pochi minuti e saremo nel nuovo anno.<\/p>\n<p>Auguro a tutti di affrontare il presente con coraggio, di non smettere di vedere nel buio la luce e di curare le ferite con poesia.<\/p>\n<p>In questo momento la centralit\u00e0 di noi sopravvissuti \u00e8 di completare ci\u00f2 che nel 2020 \u00e8 rimasto incompiuto e rendere il resto vivente.<\/p>\n<p>Il nostro futuro \u00e8 adesso. Da qui dobbiamo ricominciare!<\/p>\n<p>Benvenuto 2021!<\/p>\n<p>Buon anno a tutti!<\/p>\n<p>Che sia l&#8217;inizio di una nuova rinascita globale.______<\/p>\n<p>CREDITS: nella foto di copertina,\u00a0Edvard Munch, &#8220;Ragazza alla finestra&#8221;, 1893, olio su tela, The Art Institut, Chicago.______<\/p>\n<p>&nbsp;<\/p>\n<p><span style=\"color: #008000;\"><strong>Anna Leo<\/strong><\/span>\u00a0 laureata in Sociologia e Studi Geopolitici Internazionali presso l&#8217;Universit\u00e0 del Salento, ha pubblicato le raccolte di poesie \u201cSpazi d&#8217;azzurro\u201d (Casa Editrice Terre d&#8217;olivo), \u201cAi margini dell&#8217;anima\u201d (Edizioni Esperidi), \u201cSulla sabbia il profumo d&#8217;inverno\u201d (Edizioni il Raggio Verde).<\/p>\n<p>Con il racconto \u201cUna stella sul casale\u201d, edito da Citt\u00e0 Futura, emerge la sua passione per la prosa. Segue il romanzo \u201cGraffi di polvere nell&#8217;eco delle tue parole\u201d (edito da Kimerik).<\/p>\n<p>Con il monologo \u201cUna nuova Aurora\u201d d\u00e0 vita al progetto riguardante l&#8217;educazione alla non violenza, come prevenzione al femminicidio.<\/p>\n<p>Attualmente collabora al\u00a0 progetto \u201cQuaderni Salentini\u201d ideato e coordinato dal professore Enrico Cuccodoro presso la facolt\u00e0 di Scienze Giuridiche dell&#8217; Unisalento.<\/p>\n<p>La ringraziamo per aver accettato l\u2019invito di leccecronaca.it a regalare ai nostri amici e lettori una sua riflessione per la ricorrenza odierna.<\/p>\n<p><img decoding=\"async\" loading=\"lazy\" class=\"alignnone size-full wp-image-176867\" src=\"https:\/\/www.leccecronaca.it\/wordpress\/wp-content\/uploads\/2021\/01\/Image.jpeg\" alt=\"\" width=\"946\" height=\"1393\" srcset=\"https:\/\/www.leccecronaca.it\/wordpress\/wp-content\/uploads\/2021\/01\/Image.jpeg 946w, https:\/\/www.leccecronaca.it\/wordpress\/wp-content\/uploads\/2021\/01\/Image-204x300.jpeg 204w, https:\/\/www.leccecronaca.it\/wordpress\/wp-content\/uploads\/2021\/01\/Image-695x1024.jpeg 695w, https:\/\/www.leccecronaca.it\/wordpress\/wp-content\/uploads\/2021\/01\/Image-768x1131.jpeg 768w\" sizes=\"(max-width: 946px) 100vw, 946px\" \/><\/p>\n<p>&nbsp;<\/p>\n<p>&nbsp;<\/p>\n<p>&nbsp;<\/p>\n<p>&nbsp;<\/p>\n<p>&nbsp;<\/p>\n<p>&nbsp;<\/p>\n<p>&nbsp;<\/p>\n<fb:like href='https:\/\/www.leccecronaca.it\/index.php\/2021\/01\/01\/oggi-primo-dellanno-benvenuto-2021\/' send='true' layout='button_count' show_faces='true' width='450' height='65' action='recommend' colorscheme='light' font='lucida grande'><\/fb:like><span class=\"fb_share\"><fb:like href=\"https:\/\/www.leccecronaca.it\/index.php\/2021\/01\/01\/oggi-primo-dellanno-benvenuto-2021\/\" layout=\"button_count\"><\/fb:like><\/span>","protected":false},"excerpt":{"rendered":"<p>di Anna Leo______ \u00c9 scesa la sera del 31 dicembre 2020, attraverso i vetri vedo accese le lampade di luce rossastra, mi affaccio alla finestra e nel silenzio velato di nostalgia la notte di San Silvestro avvolge l&#8217;universo. Controllo l&#8217;orologio: mancano un paio di ore alla mezzanotte per brindare al nuovo anno, mentre un dolore [&hellip;]<\/p>\n","protected":false},"author":4,"featured_media":176875,"comment_status":"open","ping_status":"closed","sticky":false,"template":"","format":"standard","meta":[],"categories":[1,69,31,75],"tags":[],"_links":{"self":[{"href":"https:\/\/www.leccecronaca.it\/index.php\/wp-json\/wp\/v2\/posts\/176565"}],"collection":[{"href":"https:\/\/www.leccecronaca.it\/index.php\/wp-json\/wp\/v2\/posts"}],"about":[{"href":"https:\/\/www.leccecronaca.it\/index.php\/wp-json\/wp\/v2\/types\/post"}],"author":[{"embeddable":true,"href":"https:\/\/www.leccecronaca.it\/index.php\/wp-json\/wp\/v2\/users\/4"}],"replies":[{"embeddable":true,"href":"https:\/\/www.leccecronaca.it\/index.php\/wp-json\/wp\/v2\/comments?post=176565"}],"version-history":[{"count":5,"href":"https:\/\/www.leccecronaca.it\/index.php\/wp-json\/wp\/v2\/posts\/176565\/revisions"}],"predecessor-version":[{"id":176877,"href":"https:\/\/www.leccecronaca.it\/index.php\/wp-json\/wp\/v2\/posts\/176565\/revisions\/176877"}],"wp:featuredmedia":[{"embeddable":true,"href":"https:\/\/www.leccecronaca.it\/index.php\/wp-json\/wp\/v2\/media\/176875"}],"wp:attachment":[{"href":"https:\/\/www.leccecronaca.it\/index.php\/wp-json\/wp\/v2\/media?parent=176565"}],"wp:term":[{"taxonomy":"category","embeddable":true,"href":"https:\/\/www.leccecronaca.it\/index.php\/wp-json\/wp\/v2\/categories?post=176565"},{"taxonomy":"post_tag","embeddable":true,"href":"https:\/\/www.leccecronaca.it\/index.php\/wp-json\/wp\/v2\/tags?post=176565"}],"curies":[{"name":"wp","href":"https:\/\/api.w.org\/{rel}","templated":true}]}}