{"id":177047,"date":"2021-01-03T09:09:18","date_gmt":"2021-01-03T08:09:18","guid":{"rendered":"http:\/\/www.leccecronaca.it\/?p=177047"},"modified":"2021-01-03T09:09:18","modified_gmt":"2021-01-03T08:09:18","slug":"lecce-il-tecnico-corini-negativo-al-covid","status":"publish","type":"post","link":"https:\/\/www.leccecronaca.it\/index.php\/2021\/01\/03\/lecce-il-tecnico-corini-negativo-al-covid\/","title":{"rendered":"LECCE, IL TECNICO CORINI NEGATIVO AL COVID"},"content":{"rendered":"<p>&nbsp;<\/p>\n<p><img decoding=\"async\" loading=\"lazy\" class=\"alignnone size-full wp-image-172598\" src=\"https:\/\/www.leccecronaca.it\/wordpress\/wp-content\/uploads\/2020\/09\/5484762_1256_corini_eu.jpg\" alt=\"\" width=\"990\" height=\"743\" srcset=\"https:\/\/www.leccecronaca.it\/wordpress\/wp-content\/uploads\/2020\/09\/5484762_1256_corini_eu.jpg 990w, https:\/\/www.leccecronaca.it\/wordpress\/wp-content\/uploads\/2020\/09\/5484762_1256_corini_eu-300x225.jpg 300w, https:\/\/www.leccecronaca.it\/wordpress\/wp-content\/uploads\/2020\/09\/5484762_1256_corini_eu-768x576.jpg 768w, https:\/\/www.leccecronaca.it\/wordpress\/wp-content\/uploads\/2020\/09\/5484762_1256_corini_eu-400x300.jpg 400w\" sizes=\"(max-width: 990px) 100vw, 990px\" \/>di <strong>Mattia Ala______<\/strong><\/p>\n<p>Ottime notizie in casa Lecce. Mister <strong>Eugenio Corini<\/strong>(nella foto) dopo il tampone effettuato nella giornata di ieri, \u00e8 risultato finalmente negativo al Covid-19.<\/p>\n<p>Nella mattinata di oggi, il tecnico di Bagnolo Mella, come da prassi, si sottoporr\u00e0 ad un ulteriore test molecolare, e qualora fosse confermata la guarigione dal virus, potr\u00e0 ritornare a guidare la squadra dalla panchina nel match con il <strong>Monza<\/strong>. Ecco il comunicato della societ\u00e0 salentina: <em>&#8220;L&#8217;U.S. Lecce comunica che, il tecnico Eugenio Corini \u00e8 risultato negativo al Covid-19 al test molecolare effettuato questa mattina ed \u00e8 in attesa di un secondo tampone che verr\u00e0 effettuato nella mattinata di domani.<\/em><\/p>\n<fb:like href='https:\/\/www.leccecronaca.it\/index.php\/2021\/01\/03\/lecce-il-tecnico-corini-negativo-al-covid\/' send='true' layout='button_count' show_faces='true' width='450' height='65' action='recommend' colorscheme='light' font='lucida grande'><\/fb:like><span class=\"fb_share\"><fb:like href=\"https:\/\/www.leccecronaca.it\/index.php\/2021\/01\/03\/lecce-il-tecnico-corini-negativo-al-covid\/\" layout=\"button_count\"><\/fb:like><\/span>","protected":false},"excerpt":{"rendered":"<p>&nbsp; di Mattia Ala______ Ottime notizie in casa Lecce. Mister Eugenio Corini(nella foto) dopo il tampone effettuato nella giornata di ieri, \u00e8 risultato finalmente negativo al Covid-19. Nella mattinata di oggi, il tecnico di Bagnolo Mella, come da prassi, si sottoporr\u00e0 ad un ulteriore test molecolare, e qualora fosse confermata la guarigione dal virus, potr\u00e0 [&hellip;]<\/p>\n","protected":false},"author":4,"featured_media":172598,"comment_status":"open","ping_status":"closed","sticky":false,"template":"","format":"standard","meta":[],"categories":[28],"tags":[],"_links":{"self":[{"href":"https:\/\/www.leccecronaca.it\/index.php\/wp-json\/wp\/v2\/posts\/177047"}],"collection":[{"href":"https:\/\/www.leccecronaca.it\/index.php\/wp-json\/wp\/v2\/posts"}],"about":[{"href":"https:\/\/www.leccecronaca.it\/index.php\/wp-json\/wp\/v2\/types\/post"}],"author":[{"embeddable":true,"href":"https:\/\/www.leccecronaca.it\/index.php\/wp-json\/wp\/v2\/users\/4"}],"replies":[{"embeddable":true,"href":"https:\/\/www.leccecronaca.it\/index.php\/wp-json\/wp\/v2\/comments?post=177047"}],"version-history":[{"count":1,"href":"https:\/\/www.leccecronaca.it\/index.php\/wp-json\/wp\/v2\/posts\/177047\/revisions"}],"predecessor-version":[{"id":177048,"href":"https:\/\/www.leccecronaca.it\/index.php\/wp-json\/wp\/v2\/posts\/177047\/revisions\/177048"}],"wp:featuredmedia":[{"embeddable":true,"href":"https:\/\/www.leccecronaca.it\/index.php\/wp-json\/wp\/v2\/media\/172598"}],"wp:attachment":[{"href":"https:\/\/www.leccecronaca.it\/index.php\/wp-json\/wp\/v2\/media?parent=177047"}],"wp:term":[{"taxonomy":"category","embeddable":true,"href":"https:\/\/www.leccecronaca.it\/index.php\/wp-json\/wp\/v2\/categories?post=177047"},{"taxonomy":"post_tag","embeddable":true,"href":"https:\/\/www.leccecronaca.it\/index.php\/wp-json\/wp\/v2\/tags?post=177047"}],"curies":[{"name":"wp","href":"https:\/\/api.w.org\/{rel}","templated":true}]}}