{"id":177049,"date":"2021-01-03T10:17:14","date_gmt":"2021-01-03T09:17:14","guid":{"rendered":"http:\/\/www.leccecronaca.it\/?p=177049"},"modified":"2021-01-03T11:24:13","modified_gmt":"2021-01-03T10:24:13","slug":"corini-torna-con-il-monza","status":"publish","type":"post","link":"https:\/\/www.leccecronaca.it\/index.php\/2021\/01\/03\/corini-torna-con-il-monza\/","title":{"rendered":"CORINI TORNA CON IL MONZA"},"content":{"rendered":"<p><strong><img decoding=\"async\" loading=\"lazy\" class=\"alignnone size-full wp-image-176247\" src=\"https:\/\/www.leccecronaca.it\/wordpress\/wp-content\/uploads\/2020\/12\/Corini-Lanna-1.jpg\" alt=\"\" width=\"3783\" height=\"2194\" \/>(m.a.)______<\/strong><\/p>\n<p>Poco fa il <strong>Lecce<\/strong> ha comunicato la conferma della guarigione al virus di mister <strong>Eugenio Corini<\/strong>(nella foto assieme al vice Salvatore Lanna), dopo la negativit\u00e0 riscontrata anche al secondo test. \u00a0Il mister giallorosso potr\u00e0 pertanto tornare a dirigere la squadra gi\u00e0 da domani nel match contro il <strong>Monza<\/strong>.<\/p>\n<p>Ecco il comunicato della societ\u00e0:<em> &#8220;L&#8217;U.S. Lecce comunica che il tecnico Eugenio Corini, dopo la negativit\u00e0 al test molecolare effettuato nella giornata di ieri, si \u00e8 sottoposto questa mattina ad ulteriore tampone che ha confermato l&#8217;esito negativo. Il tecnico giallorosso diriger\u00e0 regolarmente la seduta di rifinitura in programma questa mattina al Via del Mare e domani potr\u00e0 sedere in panchina nella gara con il Monza.<\/em><\/p>\n<fb:like href='https:\/\/www.leccecronaca.it\/index.php\/2021\/01\/03\/corini-torna-con-il-monza\/' send='true' layout='button_count' show_faces='true' width='450' height='65' action='recommend' colorscheme='light' font='lucida grande'><\/fb:like><span class=\"fb_share\"><fb:like href=\"https:\/\/www.leccecronaca.it\/index.php\/2021\/01\/03\/corini-torna-con-il-monza\/\" layout=\"button_count\"><\/fb:like><\/span>","protected":false},"excerpt":{"rendered":"<p>(m.a.)______ Poco fa il Lecce ha comunicato la conferma della guarigione al virus di mister Eugenio Corini(nella foto assieme al vice Salvatore Lanna), dopo la negativit\u00e0 riscontrata anche al secondo test. \u00a0Il mister giallorosso potr\u00e0 pertanto tornare a dirigere la squadra gi\u00e0 da domani nel match contro il Monza. Ecco il comunicato della societ\u00e0: &#8220;L&#8217;U.S. [&hellip;]<\/p>\n","protected":false},"author":4,"featured_media":176247,"comment_status":"open","ping_status":"closed","sticky":false,"template":"","format":"standard","meta":[],"categories":[28],"tags":[],"_links":{"self":[{"href":"https:\/\/www.leccecronaca.it\/index.php\/wp-json\/wp\/v2\/posts\/177049"}],"collection":[{"href":"https:\/\/www.leccecronaca.it\/index.php\/wp-json\/wp\/v2\/posts"}],"about":[{"href":"https:\/\/www.leccecronaca.it\/index.php\/wp-json\/wp\/v2\/types\/post"}],"author":[{"embeddable":true,"href":"https:\/\/www.leccecronaca.it\/index.php\/wp-json\/wp\/v2\/users\/4"}],"replies":[{"embeddable":true,"href":"https:\/\/www.leccecronaca.it\/index.php\/wp-json\/wp\/v2\/comments?post=177049"}],"version-history":[{"count":4,"href":"https:\/\/www.leccecronaca.it\/index.php\/wp-json\/wp\/v2\/posts\/177049\/revisions"}],"predecessor-version":[{"id":177061,"href":"https:\/\/www.leccecronaca.it\/index.php\/wp-json\/wp\/v2\/posts\/177049\/revisions\/177061"}],"wp:featuredmedia":[{"embeddable":true,"href":"https:\/\/www.leccecronaca.it\/index.php\/wp-json\/wp\/v2\/media\/176247"}],"wp:attachment":[{"href":"https:\/\/www.leccecronaca.it\/index.php\/wp-json\/wp\/v2\/media?parent=177049"}],"wp:term":[{"taxonomy":"category","embeddable":true,"href":"https:\/\/www.leccecronaca.it\/index.php\/wp-json\/wp\/v2\/categories?post=177049"},{"taxonomy":"post_tag","embeddable":true,"href":"https:\/\/www.leccecronaca.it\/index.php\/wp-json\/wp\/v2\/tags?post=177049"}],"curies":[{"name":"wp","href":"https:\/\/api.w.org\/{rel}","templated":true}]}}