{"id":177360,"date":"2021-01-09T17:09:33","date_gmt":"2021-01-09T16:09:33","guid":{"rendered":"http:\/\/www.leccecronaca.it\/?p=177360"},"modified":"2021-01-09T17:16:22","modified_gmt":"2021-01-09T16:16:22","slug":"il-centro-di-lecce-sempre-piu-radical-chic","status":"publish","type":"post","link":"https:\/\/www.leccecronaca.it\/index.php\/2021\/01\/09\/il-centro-di-lecce-sempre-piu-radical-chic\/","title":{"rendered":"IL CENTRO DI LECCE SEMPRE PIU&#8217; RADICAL CHIC"},"content":{"rendered":"<p><img decoding=\"async\" loading=\"lazy\" class=\"alignnone size-full wp-image-177362\" src=\"https:\/\/www.leccecronaca.it\/wordpress\/wp-content\/uploads\/2021\/01\/bunaa.jpg\" alt=\"\" width=\"810\" height=\"540\" srcset=\"https:\/\/www.leccecronaca.it\/wordpress\/wp-content\/uploads\/2021\/01\/bunaa.jpg 810w, https:\/\/www.leccecronaca.it\/wordpress\/wp-content\/uploads\/2021\/01\/bunaa-300x200.jpg 300w, https:\/\/www.leccecronaca.it\/wordpress\/wp-content\/uploads\/2021\/01\/bunaa-768x512.jpg 768w\" sizes=\"(max-width: 810px) 100vw, 810px\" \/>(g.p.)______<em>\u201cHo fortemente voluto che i nostri clienti provassero questo gioiello proprio tra i vicoli e le meraviglie della Citt\u00e0 di Lecce e dei suoi dintorni, per testarne la spiccata raffinatezza, la guidabilit\u00e0 e le prestazioni di assoluta eccellenza&#8221;.<\/em><\/p>\n<p>Comincia cos\u00ec il comunicato stampa che Vito Radicci, <em>&#8220;storico Concessionario Ferrari&#8221;<\/em>, con sede a Bari, ha inviato questo pomeriggio ai mass media, e poi cos\u00ec prosegue: <em>&#8220;partenza dal Risorgimento Resort, alle spalle di Piazza Sant\u2019Oronzo, per pochi selezionatissimi ospiti della Radicci, che hanno potuto provare le prestazioni della Roma al fianco di Piloti collaudatori Ferrari&#8221;<\/em>, e via di questo passo, con ampie digressioni per magnificare le prestazioni della nuova automobile.<\/p>\n<p>Non ne dice il costo: lo abbiamo cercato: appena poco pi\u00f9 di 200.000 euro, quanto un alloggio trivani ai Salesiani, una cosetta, insomma, per chi pu\u00f2 permetterselo.<\/p>\n<p>&nbsp;<\/p>\n<p>Con tanto di immagini, e la chiosa finale: <em>&#8220;Il pi\u00f9 bel regalo, per\u00f2, l\u2019ho ricevuto io dalla Citt\u00e0 di Lecce alle 8 di mattina di sabato, grazie al fortuito incontro con Monsignor Seccia in Piazza Duomo<\/em>\u201d (nella foto).<\/p>\n<p>&nbsp;<\/p>\n<p>Ora, siccome ci risulta che questa manifestazione non sia stata autorizzata dal Comune, almeno, non ce n&#8217;\u00e8 traccia negli atti ufficiali a tutto oggi, viene da chiedersi: scusate, ma agenti della Polizia Locale, di solito cos\u00ec solerti con i malcapitati automobilisti leccesi, non ce n&#8217;erano, in centro, ieri mattina e &#8216;stamattina?<\/p>\n<p>E un&#8217; altra domanda, prima che qualcuno ci spieghi di nuovo il presunto valore pubblicitario e il sedicente impatto promozionale di simili estemporanee iniziative: dopo Dior a luglio, e la Ferrari a gennaio, a quando faremo in piazza Duomo una bella kermesse di orologi della Rolex?<\/p>\n<p>La Lecce radical chic aspetta ansiosa un&#8217; altra prestigiosa rassegna del consumismo pi\u00f9 sfrenato nei\u00a0 luoghi simbolo un tempo della spiritualit\u00e0, dell&#8217;arte, della cultura e della Tradizione.<\/p>\n<p>&nbsp;<\/p>\n<p>&nbsp;<\/p>\n<p>&nbsp;<\/p>\n<p>&nbsp;<\/p>\n<fb:like href='https:\/\/www.leccecronaca.it\/index.php\/2021\/01\/09\/il-centro-di-lecce-sempre-piu-radical-chic\/' send='true' layout='button_count' show_faces='true' width='450' height='65' action='recommend' colorscheme='light' font='lucida grande'><\/fb:like><span class=\"fb_share\"><fb:like href=\"https:\/\/www.leccecronaca.it\/index.php\/2021\/01\/09\/il-centro-di-lecce-sempre-piu-radical-chic\/\" layout=\"button_count\"><\/fb:like><\/span>","protected":false},"excerpt":{"rendered":"<p>(g.p.)______\u201cHo fortemente voluto che i nostri clienti provassero questo gioiello proprio tra i vicoli e le meraviglie della Citt\u00e0 di Lecce e dei suoi dintorni, per testarne la spiccata raffinatezza, la guidabilit\u00e0 e le prestazioni di assoluta eccellenza&#8221;. Comincia cos\u00ec il comunicato stampa che Vito Radicci, &#8220;storico Concessionario Ferrari&#8221;, con sede a Bari, ha inviato [&hellip;]<\/p>\n","protected":false},"author":4,"featured_media":177362,"comment_status":"open","ping_status":"closed","sticky":false,"template":"","format":"standard","meta":[],"categories":[69,76],"tags":[],"_links":{"self":[{"href":"https:\/\/www.leccecronaca.it\/index.php\/wp-json\/wp\/v2\/posts\/177360"}],"collection":[{"href":"https:\/\/www.leccecronaca.it\/index.php\/wp-json\/wp\/v2\/posts"}],"about":[{"href":"https:\/\/www.leccecronaca.it\/index.php\/wp-json\/wp\/v2\/types\/post"}],"author":[{"embeddable":true,"href":"https:\/\/www.leccecronaca.it\/index.php\/wp-json\/wp\/v2\/users\/4"}],"replies":[{"embeddable":true,"href":"https:\/\/www.leccecronaca.it\/index.php\/wp-json\/wp\/v2\/comments?post=177360"}],"version-history":[{"count":5,"href":"https:\/\/www.leccecronaca.it\/index.php\/wp-json\/wp\/v2\/posts\/177360\/revisions"}],"predecessor-version":[{"id":177367,"href":"https:\/\/www.leccecronaca.it\/index.php\/wp-json\/wp\/v2\/posts\/177360\/revisions\/177367"}],"wp:featuredmedia":[{"embeddable":true,"href":"https:\/\/www.leccecronaca.it\/index.php\/wp-json\/wp\/v2\/media\/177362"}],"wp:attachment":[{"href":"https:\/\/www.leccecronaca.it\/index.php\/wp-json\/wp\/v2\/media?parent=177360"}],"wp:term":[{"taxonomy":"category","embeddable":true,"href":"https:\/\/www.leccecronaca.it\/index.php\/wp-json\/wp\/v2\/categories?post=177360"},{"taxonomy":"post_tag","embeddable":true,"href":"https:\/\/www.leccecronaca.it\/index.php\/wp-json\/wp\/v2\/tags?post=177360"}],"curies":[{"name":"wp","href":"https:\/\/api.w.org\/{rel}","templated":true}]}}