{"id":17828,"date":"2013-06-18T05:36:35","date_gmt":"2013-06-18T05:36:35","guid":{"rendered":"http:\/\/www.leccecronaca.it\/?p=17828"},"modified":"2013-06-18T05:38:08","modified_gmt":"2013-06-18T05:38:08","slug":"17828","status":"publish","type":"post","link":"https:\/\/www.leccecronaca.it\/index.php\/2013\/06\/18\/17828\/","title":{"rendered":"MERCATINO DEL GUSTO A MAGLIE"},"content":{"rendered":"<div>\n<div>\n<div>\n<p>Da gioved\u00ec 1 a luned\u00ec 5 agosto si rinnova a Maglie, in provincia di Lecce, l\u2019appuntamento con la qualit\u00e0, la tradizione, i saperi, il cibo, il vino, la musica e tanto altro<\/p>\n<p>\u201cTradizione e innovazione si incontrano in Puglia\u201d: questo \u00e8 il tema principale della quattordicesima edizione del Mercatino del Gusto di Maglie, in provincia di Lecce. Da gioved\u00ec 1 a luned\u00ec 5 agosto (dalle ore 19.00) danza, musica, masserie didattiche, laboratori, libri, vino, birra e tanto buon cibo saranno gli ingredienti principali dell\u2019atteso appuntamento organizzato dal Comitato Mercatino del Gusto con il sostegno di Camera di Commercio di Lecce, Regione Puglia, Provincia di Lecce, Comune di Maglie e numerose aziende private e con il patrocino di Confcommercio, Confesercenti e Confartigianato.<\/p>\n<p>Il Comitato Mercatino del Gusto, presieduto da Salvatore Santese, ha affidato anche per il 2013 la supervisione all&#8217;ideatore e coordinatore delle passate edizioni Michele Bruno (gi\u00e0 Presidente SlowFood Puglia) in collaborazione con Giacomo Mojoli (esperto d&#8217;innovazione sostenibile e di comunicazione). Il Mercatino del Gusto \u00e8 un&#8217;occasione per far vivere ai numerosi visitatori, in un clima di gioia e di festa, un\u2019esperienza estesa a tutte le sfaccettature di una regione generosa, caratterizzata da una biodiversit\u00e0 straordinaria e popolata da culture diverse, ognuna con la propria ricchezza, la propria identit\u00e0, i propri sapori.<\/p>\n<p>La manifestazione prende il nome dalle oltre novanta bancarelle di espositori regionali dislocate fra cortili, giardini, piazze, vie e palazzi di Maglie. Il pubblico, curioso e attento, avr\u00e0 l&#8217;opportunit\u00e0 di scoprire i prodotti della tradizione alimentare salentina e regionale, incontrando e parlando direttamente con casari, pastai, vignaioli, birrai e frantoiani.<\/p>\n<p>Nella &#8220;Piazza del vino&#8221; si potranno degustare bianchi, rossi e rosati delle ventiquattro cantine selezionate, in quella della \u201cbirra artigianale&#8221; esporranno alcuni birrifici pugliesi; nella &#8220;Via della gastronomia&#8221; sar\u00e0 possibile trovare pasta, prodotti da forno, salumi, formaggi, conserve e altre specialit\u00e0 pugliesi; la &#8220;Via dell&#8217;olio extravergine di oliva&#8221; sar\u00e0 dedicata all\u2019oro verde prodotto dagli ulivi del Salento; la &#8220;Via dei dolci&#8221; sar\u00e0 la meta degli appassionati di zucchero, crema, cioccolato e molto altro ancora; la frutta e la verdura del Mediterraneo saranno nella &#8220;Via dell&#8217;ortofrutta&#8221;, dove sar\u00e0 allestito un piccolo mercato all&#8217;aperto; le<\/p>\n<div>\n<div>\n<div>\n<p>antiche variet\u00e0 recuperate invece, saranno nella &#8220;Via dei pres\u00ecdi e comunit\u00e0 del cibo Slow Food&#8221; dove le aziende promuoveranno la qualit\u00e0 e la sostenibilit\u00e0 delle loro produzioni, spesso salvate dall&#8217;estinzione.<\/p>\n<p>Nell\u2019accogliente ed elegante cornice di Villa Tamborrino ogni sera si rinnova l\u2019appuntamento con le \u201cCene in villa\u201d che proporranno una cucina senza stereotipi, dove la straordinaria tradizione della cultura alimentare pugliese sar\u00e0 rielaborata con estro accurato, innovazione ed eclettismo consapevole dai cuochi protagonisti delle serate: Michele Rotondo, Nicola Maino, Ernesto Palma, Pietro Zito e Antonio Raffaele. Nelle informali \u201cPiazze\u201d, si condivideranno i piatti della tradizione e del territorio oltre che pizza e birra. Per chi preferisce passeggiare per le strade della citt\u00e0 degustando le tipicit\u00e0 gastronomiche pugliesi immancabile appuntamento con il Cibo di strada che propone un\u2019ampia offerta di prodotti: dalle bombette alla focaccia barese, dai pezzetti ai pipi russi, dal rustico alla zampina murgiana e molto altro.<\/p>\n<p>Molto ricco anche in questa edizione il programma dei laboratori nei quali esperti e produttori condurranno i curiosi e gli appassionati alla scoperta delle peculiarit\u00e0 di olio extravergine d\u2019oliva, cereali, vino, dolci, salumi e formaggi: aneddoti, storie, informazioni scientifiche, note su tecniche di produzione, esperienze sensoriali consentono ai partecipanti di imparare a riconoscere le caratteristiche e la qualit\u00e0 dei prodotti in degustazione.<\/p>\n<p>I bambini saranno protagonisti di una serie di appuntamenti giocosi al Mercatino Junior, dove il divertimento si combina con lo sviluppo di una nuova sensibilit\u00e0 nei confronti del cibo quotidiano e delle tradizioni dimenticate. Nei laboratori Sapori in gioco e nelle Masserie Didattiche potranno imparare &#8220;facendo&#8221; a scoprire sapori, saperi e mestieri.<\/p>\n<p>Le serate proseguono con la buona musica: dal jazz al soul, dal rock al balkan, quest&#8217;anno oltre ad accompagnare le cene e i dopocena, numerosi musicisti salentini si esibiranno nelle strade e nelle piazze. Infine le danze, con il ritmo incalzante della pizzica e delle tarantelle del sud Italia, con le danzatrici di Tarantarte, diretta da Maristella Martella nello spazio Stile folk che si sta affermando come un appuntamento fisso e gradito dal pubblico.<\/p>\n<p>Il &#8220;gustosofo&#8221; Michele Di Carlo sar\u00e0 il protagonista dell\u2019Happy hour in rosa. Ogni sera nello spazio Ermenegildo Zegna della boutique Giorgio Santese preparer\u00e0 dei deliziosi cocktail con i grandi rosati pugliesi, in un connubio di stile ed eleganza che ne esalta i profumi e le fragranze. Novit\u00e0 di quest\u2019anno il Caff\u00e8 Letterario, dove dialoghi sui libri si alterneranno a musica e caff\u00e8 in un luogo di ritrovo \u201ccaldo\u201d e accogliente, dove la creativit\u00e0 incontra la passione, la tradizione e la cultura, trasformandosi in puro gusto.<\/p>\n<p>Nell\u2019atrio del Liceo Capece, mercoled\u00ec 31 luglio, si terr\u00e0 la cerimonia di consegna della prima edizione del Premio Mercatino del gusto che sar\u00e0 assegnato ad operatori della comunicazione, giornalisti, blogger, esperti, ricercatori, italiani o stranieri che hanno partecipato al bando di concorso e ristoratori, produttori, chef, scrittori, aziende che si sono particolarmente distinti nel corso dell&#8217;ultimo anno. Nei cinque giorni del Mercatino, invece, il Liceo si trasformer\u00e0 in una cena a cielo aperto dando la possibilit\u00e0 di osservare, capire e carpire i trucchi dello chef Francesco Paldera per preparare un perfetto men\u00f9, ispirato ogni sera a un territorio della Puglia.<\/p>\n<\/div>\n<\/div>\n<\/div>\n<\/div>\n<\/div>\n<p>&nbsp;<\/p>\n<\/div>\n<fb:like href='https:\/\/www.leccecronaca.it\/index.php\/2013\/06\/18\/17828\/' send='true' layout='button_count' show_faces='true' width='450' height='65' action='recommend' colorscheme='light' font='lucida grande'><\/fb:like><span class=\"fb_share\"><fb:like href=\"https:\/\/www.leccecronaca.it\/index.php\/2013\/06\/18\/17828\/\" layout=\"button_count\"><\/fb:like><\/span>","protected":false},"excerpt":{"rendered":"<p>Da gioved\u00ec 1 a luned\u00ec 5 agosto si rinnova a Maglie, in provincia di Lecce, l\u2019appuntamento con la qualit\u00e0, la tradizione, i saperi, il cibo, il vino, la musica e tanto altro \u201cTradizione e innovazione si incontrano in Puglia\u201d: questo \u00e8 il tema principale della quattordicesima edizione del Mercatino del Gusto di Maglie, in provincia [&hellip;]<\/p>\n","protected":false},"author":4,"featured_media":0,"comment_status":"open","ping_status":"closed","sticky":false,"template":"","format":"standard","meta":[],"categories":[1],"tags":[],"_links":{"self":[{"href":"https:\/\/www.leccecronaca.it\/index.php\/wp-json\/wp\/v2\/posts\/17828"}],"collection":[{"href":"https:\/\/www.leccecronaca.it\/index.php\/wp-json\/wp\/v2\/posts"}],"about":[{"href":"https:\/\/www.leccecronaca.it\/index.php\/wp-json\/wp\/v2\/types\/post"}],"author":[{"embeddable":true,"href":"https:\/\/www.leccecronaca.it\/index.php\/wp-json\/wp\/v2\/users\/4"}],"replies":[{"embeddable":true,"href":"https:\/\/www.leccecronaca.it\/index.php\/wp-json\/wp\/v2\/comments?post=17828"}],"version-history":[{"count":2,"href":"https:\/\/www.leccecronaca.it\/index.php\/wp-json\/wp\/v2\/posts\/17828\/revisions"}],"predecessor-version":[{"id":17830,"href":"https:\/\/www.leccecronaca.it\/index.php\/wp-json\/wp\/v2\/posts\/17828\/revisions\/17830"}],"wp:attachment":[{"href":"https:\/\/www.leccecronaca.it\/index.php\/wp-json\/wp\/v2\/media?parent=17828"}],"wp:term":[{"taxonomy":"category","embeddable":true,"href":"https:\/\/www.leccecronaca.it\/index.php\/wp-json\/wp\/v2\/categories?post=17828"},{"taxonomy":"post_tag","embeddable":true,"href":"https:\/\/www.leccecronaca.it\/index.php\/wp-json\/wp\/v2\/tags?post=17828"}],"curies":[{"name":"wp","href":"https:\/\/api.w.org\/{rel}","templated":true}]}}