{"id":17837,"date":"2013-06-18T05:51:55","date_gmt":"2013-06-18T05:51:55","guid":{"rendered":"http:\/\/www.leccecronaca.it\/?p=17837"},"modified":"2013-06-18T05:51:55","modified_gmt":"2013-06-18T05:51:55","slug":"soundmakers","status":"publish","type":"post","link":"https:\/\/www.leccecronaca.it\/index.php\/2013\/06\/18\/soundmakers\/","title":{"rendered":"SOUNDMAKERS"},"content":{"rendered":"<div>\n<div align=\"center\">\n<div style=\"text-align: left\"><em><span style=\"font-size: x-small\">Da marted\u00ec 18 a domenica 23 giugno a Lecce e provincia va in scena la terza edizione del festival\u00a0<strong>interamente progettato per una cultura accessibile\u00a0<\/strong>che ospita tra i suoi eventi la<strong>\u00a0prima nazionale in LIS<\/strong>\u00a0de \u201cIl registro dei peccati\u201d di\u00a0<strong>Moni Ovadia<\/strong>\u00a0e la prima nazionale del concerto di<strong>\u00a0Nada e Fausto Mesolella<\/strong>\u00a0con la video arte di Chiara Idrusa Scrimieri e Hermes Mangialardo. In programma anche proiezioni, presentazioni e residenze artistiche sul tema dei Beni Comuni.<\/span><\/em><\/div>\n<\/div>\n<\/div>\n<div align=\"justify\">\n<div>Musica, teatro, cinema, fotografia, editoria, danza, accessibilit\u00e0: sono questi gli ingredienti principali della terza edizione di\u00a0<strong>SoundMakers Festival\u00a0<\/strong>che si svolger\u00e0\u00a0<strong>dal 18 al 23 giugno<\/strong>\u00a0nella provincia di Lecce sul tema dei &#8220;Beni Comuni&#8221;. L&#8217;articolato programma del primo festival in Italia interamente progettato per una cultura accessibile e senza barriere conferma anche quest\u2019anno l\u2019impegno nell\u2019offrire soluzioni e servizi in grado di consentire a tutti i suoi pubblici, senza esclusione alcuna, di partecipare e fruire degli appuntamenti culturali proposti. Tra gli ospiti chiamati ad interpretare il tema dei Beni Comuni ci saranno\u00a0<strong>Moni Ovadia, Nada e Fausto Mesolella, Evgen Bav\u010dar, Redi Hasa, Marco Bardoscia, Chiara Idrusa Scrimieri, Hermes Mangialardo e Massimo Donno<\/strong>.<\/div>\n<div><\/div>\n<div>Si parte\u00a0<strong>marted\u00ec 18 giugno<\/strong>\u00a0(<em>ore 21.00 &#8211; ingresso gratuito<\/em>) presso l\u2019<strong>Istituto &#8220;Anna Antonacci&#8221; di Lecce<\/strong>\u00a0con la proiezione in prima nazionale della versione con audio-descrizione di\u00a0<strong>The Millionaire<\/strong>, film di Danny Boyle vincitore di otto premi Oscar. L\u2019audiodescrizione della proiezione, in collaborazione con Lucky Red, \u00e8 realizzata all\u2019interno di un progetto di ricerca dell\u2019Universit\u00e0 di Macerata, coordinato da Elena di Giovanni, con la collaborazione di SubTi. Gli spettatori vedenti che interverranno alla proiezione leccese avranno inoltre la possibilit\u00e0 di seguire il film bendati allo scopo di sperimentare un&#8217;alternativa e suggestiva modalit\u00e0 di fruizione sensoriale.<\/div>\n<div><\/div>\n<div>The Millionaire (titolo originale Slumdog Millionaire) \u00e8 tratto dal romanzo di Vikas Swarup &#8220;Le dodici domande&#8221; e narra la storia di Jamal Malik, un ragazzo di Mumbai cresciuto nelle baraccopoli che sta partecipando al quiz televisivo &#8220;Chi vuol essere milionario?&#8221;. Davanti a un pubblico incredulo il giovane sta per rispondere all&#8217;ultima e decisiva domanda che potrebbe fargli vincere ben 20 milioni di rupie quando viene arrestato e interrogato dalla polizia con l&#8217;accusa di frode. Dopo essere stato torturato tutta la notte la polizia gli mostra il video della sua partecipazione al quiz e gli chiede come facesse ad avere le risposte a tutte le domande; da quel momento il ragazzo ripercorre le tappe della sua vita da quando era un bambino di strada: ogni risposta data corrisponde ad una fase della giovane e turbolenta vita di Jamal. Commentando l&#8217;uscita del film negli Stati Uniti Danny Boyle ha raccontato cos\u00ec la scelta dell\u2019India come ambientazione: \u201cMumbai \u00e8 un coacervo di contraddizioni. La miseria convive con la ricchezza. Gli slum (le baraccopoli) sono vicinissimi ai grattacieli abitati dalle persone benestanti, ma a tutti va bene cos\u00ec. Se vuoi capire l\u2019India, non devi cercare di risolvere i suoi contrasti, devi abbracciarli\u201d. Il film ha ottenuto dieci candidature all&#8217;Oscar 2009, aggiudicandosi 8 statuette, tra cui miglior film e miglior regista.<\/div>\n<div><\/div>\n<div><strong>Mercoled\u00ec 19 giugno\u00a0<\/strong>l&#8217;appuntamento \u00e8 alla libreria\u00a0<strong>Liberrima<\/strong>\u00a0di Lecce (ore 18.30 &#8211;\u00a0 ingresso gratuito) per una tavola rotonda sul tema &#8220;Beni comuni&#8221;; a partire dal libro &#8220;<strong>Teatro Valle Occupato. La rivolta culturale dei beni comuni<\/strong>&#8221; (Derive\/Approdi) prender\u00e0 il via l&#8217;incontro che vedr\u00e0 la partecipazione di Irene Strazzeri (docente di Sociologia dei processi culturali e comunicativi e di Sociologia del mutamento e dei processi culturali, Universit\u00e0 di Foggia), Airan Berg (Direttore artistico &#8220;Lecce 2019 &#8211; Capitale della Cultura&#8221;), Mauro Marino (operatore culturale Fondo Verri), Gigi Mangia (POIESIS). Introdurr\u00e0 l&#8217;incontro il direttore artistico di Soundmakers Gian Maria Greco, moderer\u00e0 Ubaldo Villani-Lubelli, assegnista di ricerca in Istituzioni Politiche e Parlamentari presso l&#8217;Universit\u00e0 del Salento e consigliere di amministrazione dell&#8217;Istituto di Culture Mediterranee della Provincia di Lecce.\u00a0 Nel corso dell&#8217;incontro si terr\u00e0 un collegamento da Roma con i rappresentanti del &#8220;Teatro Valle Bene Comune&#8221;. La tavola rotonda sar\u00e0 accessibile grazie al servizio di interpretariato in Lingua Italiana dei Segni. L&#8217;evento \u00e8 organizzato in collaborazione con Regione Puglia &#8211; Assessorato al Mediterraneo, Cultura e Turismo, Regione Puglia &#8211; Area Politiche per lo Sviluppo Rurale, Presidio del Libro &#8211; Copertino, Fondazione Moschettini, Liberrima, Teatro Valle Bene Comune &#8211; Roma.<\/div>\n<div><\/div>\n<div><span>Da\u00a0<strong>gioved\u00ec 20 fino a sabato 22\u00a0<\/strong><\/span><span><span>(ingresso gratuito, orari: 10.00\/13.30 &#8211; 14.30\/19.30)<\/span>\u00a0il MUST di Lecce ospiter\u00e0 la mostra del fotografo sloveno<strong>\u00a0Evgen Bav\u010dar<\/strong>. Le sue opere sono una vera e propria sfida al limite fisico della sua cecit\u00e0, le sue fotografie prendono forma dai ricordi e dalle suggestioni evocate dalla realt\u00e0 circostante, che l&#8217;artista rielabora con grande profondit\u00e0, creando \u201cvisioni dell\u2019anima\u201d oniriche ed emozionanti. Bav\u010dar \u00e8 uno degli autori pi\u00f9 apprezzati del mondo della fotografia ma \u00e8 anche non vedente dall\u2019et\u00e0 di dodici anni, quando due terribili incidenti hanno gettato nel buio la sua vita. Costretto a fuggire dall\u2019oscurit\u00e0 esteriore trova rifugio nei luoghi pi\u00f9 nascosti della propria anima, percorrendo territori inesplorati ed indefinibili e restituendo il frutto della sua ricerca attraverso una serie di immagini mentali che attinge da un \u201cpresepe di ricordi\u201d. Le sue fotografie hanno il profumo della Slovenia ed esprimono il ricordo di spazi, luci e forme della sua infanzia. Molti gli chiedono come faccia a fotografare. Risponde: \u201cMi dovete chiedere non come, ma perch\u00e9 fotografo. Scatto in rapporto ai rumori, ai profumi e soprattutto in relazione alla mia esperienza della luce. Poi scelgo le mie foto facendomi consigliare da amici con lo sguardo libero da ossessioni personali\u201d. Ogni opera in mostra \u00e8 audiodescritta e accompagnata da una quartina di endecasillabi e un verso sciolto che provano ad esprimerne il messaggio artistico. Il servizio di audiodescrizione \u00e8 stato realizzato dagli studenti del corso di Traduzione Multimediale della facolt\u00e0 di Lingue Moderne per la Comunicazione e la Cooperazione Internazionale dell\u2019Universit\u00e0 di Macerata: Letizia Anteni, Anthea Bottoni, Maria Francesca Di Nicola, Sara Maraschio, Patrizia Medori, Emy Mogetta e Luca Villani, con il coordinamento della professoressa Elena Di Giovanni. I versi sono di Francesco Manieri, la voce di Antonio Cal\u00f2. La Mostra rientra nel progetto Lecce Capitale Europea della Cultura 2019.<\/span><\/div>\n<div><\/div>\n<div><strong>Gioved\u00ec 20 giugno<\/strong>\u00a0(<em>ore 21.00 &#8211; ingresso 10 euro, + dp, prevendite Bookingshow<\/em>) al Teatro Romano di Lecce sar\u00e0 presentata in prima nazionale in LIS la conversazione scenica \u201c<strong>Il registro dei peccati<\/strong>\u201d di\u00a0<strong>Moni Ovadia<\/strong>. L\u2019attore teatrale, musicista e scrittore tra i pi\u00f9 celebrati in Italia porter\u00e0 per la prima volta in Puglia un recital-reading interamente dedicato al racconto del mondo e della cultura yiddish. Lo spettacolo teatrale prodotto dalla Promo Music di Bologna, \u00e8 un racconto nel quale Moni Ovadia, attraverso stralci di Franz Kafka, Martin Buber e altri esponenti del chassidismo, conduce il pubblico alla scoperta di quella spiritualit\u00e0 che \u00e8 alla base dell\u2019opera di pensatori come Freud, Einstein, Marx, Trotsky e artisti come Marc Chagall, che hanno dato un contributo significativo al sapere moderno.<\/div>\n<div><\/div>\n<div><strong>Venerd\u00ec 21 giugno<\/strong>\u00a0(<em>ore 21.00 &#8211; ingresso 10 euro + dp, prevendite Bookingshow<\/em>), sempre al\u00a0<strong>Teatro Romano<\/strong>, in concomitanza con la Festa Europea della Musica,\u00a0<strong>Nada e Fausto Mesolella<\/strong>\u00a0presenteranno il progetto &#8220;Musica Leggera da Camera&#8221; in prima nazionale con l&#8217;accompagnamento dei video artist Chiara Idrusa Scrimieri e Hermes Mangialardo. Il live sar\u00e0 tradotto in tempo reale in LIS e comprender\u00e0 brani indimenticati come \u201cMa che freddo fa&#8221;, \u201cCome faceva freddo\u201d (di Piero Ciampi), grandi successi come \u201cIl cuore \u00e8 uno zingaro\u201d, \u201cAmore disperato\u201d, \u201cTi stringer\u00f2\u201d e i classici della tradizione popolare come \u201cMaremma\u201d fino ad arrivare alle canzoni pi\u00f9 recenti (&#8220;Guardami negli occhi&#8221;, &#8220;Luna in Piena&#8221;) in cui oltre ad essere interprete Nada \u00e8 anche autrice dei brani. Ad aprire il concerto la giovane cantautrice pugliese<strong>\u00a0Elena da Ora\u00a0<\/strong>e il cantautore<strong>Massimo Donno<\/strong>, che proporr\u00e0 per la prima volta i brani del disco d\u2019esordio in uscita in questi giorni per &#8220;Ululati&#8221;, la sezione musicale di Lupo editore, accompagnato sul palco anche Morris Pellizzari (chitarre), Francesco Pellizzari (batteria e percussioni) e Stefania Fracasso (contrabbasso).<\/div>\n<div><\/div>\n<div><strong>Sabato 22 giugno<\/strong>\u00a0giornata ricca di appuntamenti tra workshop, proiezioni e incontri: si parte alle 9 al MUST con il workshop nazionale &#8220;<strong>Cultura, diritti, disabilit\u00e0: criticit\u00e0 e nuove proposte<\/strong>\u201d. L&#8217;incontro sar\u00e0 supportato dal servizio di interpretariato in Lingua dei Segni Italiana. A seguire (intorno alle 13.30) si terr\u00e0 la proiezione del cortometraggio<strong>Matilde<\/strong>\u00a0di Vito Palmieri, unica pellicola italiana in concorso nella sezione &#8220;Generation&#8221; della 63esima edizione del Festival internazionale del cinema di Berlino. Il cortometraggio, interamente interpretato da attori sordi \u00e8 prodotto dall\u2019Agfa\/Fiadda (Associazione genitori con figli audiolesi) in collaborazione con Maxman Coop., Elefant Film e Immaginarium ArtComStudio. Per la prima volta sar\u00e0 proiettato con audio-descrizione, a cura di Gian Maria Greco (Poiesis) con la collaborazione di Elena Di Giovanni.<\/div>\n<div><\/div>\n<div>La giornata si concluder\u00e0 alle 20.30 presso lo Spazio Sociale Zei che ospiter\u00e0 la presentazione, tradotta in LIS, del libro &#8220;<strong>America in bianco e nero<\/strong>&#8221; di Giovanna Pajetta. All\u2019incontro parteciperanno l&#8217;autrice, giornalista corrispondente da New York, Claudia Mancina (Universit\u00e0 di Roma &#8220;La Sapienza&#8221;), Daniele De Luca (Universit\u00e0 del Salento), Antonio Galati (consigliere Regione Puglia), Luigi Del Prete (Fondazione Moschettini), modera Anna Caputo (Arci Lecce). La presentazione \u00e8 realizzata collaborazione con Il presidio del libro, Fondazione Moschettini e Arci Lecce.<\/div>\n<div><\/div>\n<div><strong>Domenica 23 giugno<\/strong>\u00a0(<em>ore 21.30 &#8211; ingresso gratuito<\/em>) l\u2019appuntamento \u00e8 presso la\u00a0<strong>Chiesa del Monastero di Casole<\/strong>\u00a0a\u00a0<strong>Copertino<\/strong>. Protagonisti dell&#8217;ultima serata il violoncellista<strong>Redi Hasa<\/strong>\u00a0e il contrabbassista\u00a0<strong>Marco Bardoscia<\/strong>\u00a0che prima si esibiranno ciascuno in un concerto solo e, in chiusura, proporranno insieme in prima nazionale lo spettacolo \u201c<strong>Le Basse Sfere<\/strong>\u201d. Il concerto sar\u00e0 accompagnato dalla performance danza a cura della danzatrice e coreografa\u00a0<strong>Stefania Mariano<\/strong>, in conclusione della residenza-laboratorio Tracce d&#8217;azione.<\/div>\n<div><\/div>\n<div>Su Eppela, inoltre, \u00e8 attiva una campagna di crowdfunding per sostenere SoundMakers e finanziare, in questo modo, tutte le soluzioni tecniche e le professionalit\u00e0 impegnate per rendere il festival un luogo di partecipazione e d\u2019ispirazione per tutti, nessuno escluso.<\/div>\n<div><\/div>\n<div>SoundMakers Festival \u00e8 il primo evento in Italia interamente progettato per una cultura accessibile, portavoce di istanze internazionali (art.27 della Dichiarazione Universale dei diritti dell\u2019Uomo) e nazionali (Manifesto della cultura accessibile) a favore di un modello culturale socialmente inclusivo, democraticamente partecipativo ed eticamente pi\u00f9 responsabile; un progetto culturale diretto da Gian Maria Greco, ideato e organizzato dall&#8217;Associazione di Promozione Sociale Poiesis, rientra nella rete &#8220;Social Sounds&#8221; sostenuta dal progetto Puglia Sounds &#8211; P.O. FESR Puglia 2007 &#8211; 2013 Asse IV, e tra le iniziative &#8220;ArteInsieme 2013 &#8211; cultura e culture senza barriere&#8221;, un appuntamento con l&#8217;arte e la solidariet\u00e0 promosso dal Museo Tattile Statale Omero in numerose citt\u00e0 italiane e che annovera artisti testimonial come Nicola Piovani e Michelangelo Pistoletto. Realizzato in collaborazione e\/o con il sostegno di Comune di Lecce, MUST, Comune di San Cesario di Lecce, Comune di Porto Cesareo, Istituto Comprensivo di Porto Cesareo, Universit\u00e0 di Macerata, Master in Accessibility to Media Arts and Culture (Macerata), Lucky Red, Istituto Antonacci, Unione Italiana Ciechi ed Ipovedenti, Sub.Ti. Access, Arci Lecce, Presidio del Libro, Fondazione Moschettini, Fondazione Fitzcarraldo (Torino), BCC Leverano, Isivi\u00f9 (Messina), Studio Grafico FM, Laboratori Musicali, Radio Kaos ItaLIS, Teatro Valle Bene Comune (Roma).<\/div>\n<div><\/div>\n<div>POIESIS si distingue dal 2009 come uno dei soggetti pi\u00f9 attivi nella produzione culturale e nella progettazione sociale in Puglia. Ha all\u2019attivo, oltre a SoundMakers, la progettazione di sistemi di accessibilit\u00e0 turistica, museale e culturale, lo sviluppo di soluzioni per l\u2019accessibilit\u00e0 intellettuale, rassegne di successo e la collaborazione con festival ed eventi di rilievo nazionale e internazionale. \u00c8 formata da un gruppo di giovani operatori e operatrici culturali provenienti da differenti background che spaziano dalla organizzazione e produzione di eventi artistico-musicali alla progettazione culturale accessibile e inclusiva, dall\u2019economia della cultura al marketing territoriale, dalla ideazione e conduzione di percorsi formativi alla didattica museale e comunicazione del patrimonio.<\/div>\n<\/div>\n<fb:like href='https:\/\/www.leccecronaca.it\/index.php\/2013\/06\/18\/soundmakers\/' send='true' layout='button_count' show_faces='true' width='450' height='65' action='recommend' colorscheme='light' font='lucida grande'><\/fb:like><span class=\"fb_share\"><fb:like href=\"https:\/\/www.leccecronaca.it\/index.php\/2013\/06\/18\/soundmakers\/\" layout=\"button_count\"><\/fb:like><\/span>","protected":false},"excerpt":{"rendered":"<p>Da marted\u00ec 18 a domenica 23 giugno a Lecce e provincia va in scena la terza edizione del festival\u00a0interamente progettato per una cultura accessibile\u00a0che ospita tra i suoi eventi la\u00a0prima nazionale in LIS\u00a0de \u201cIl registro dei peccati\u201d di\u00a0Moni Ovadia\u00a0e la prima nazionale del concerto di\u00a0Nada e Fausto Mesolella\u00a0con la video arte di Chiara Idrusa Scrimieri [&hellip;]<\/p>\n","protected":false},"author":4,"featured_media":0,"comment_status":"open","ping_status":"closed","sticky":false,"template":"","format":"standard","meta":[],"categories":[1],"tags":[],"_links":{"self":[{"href":"https:\/\/www.leccecronaca.it\/index.php\/wp-json\/wp\/v2\/posts\/17837"}],"collection":[{"href":"https:\/\/www.leccecronaca.it\/index.php\/wp-json\/wp\/v2\/posts"}],"about":[{"href":"https:\/\/www.leccecronaca.it\/index.php\/wp-json\/wp\/v2\/types\/post"}],"author":[{"embeddable":true,"href":"https:\/\/www.leccecronaca.it\/index.php\/wp-json\/wp\/v2\/users\/4"}],"replies":[{"embeddable":true,"href":"https:\/\/www.leccecronaca.it\/index.php\/wp-json\/wp\/v2\/comments?post=17837"}],"version-history":[{"count":1,"href":"https:\/\/www.leccecronaca.it\/index.php\/wp-json\/wp\/v2\/posts\/17837\/revisions"}],"predecessor-version":[{"id":17838,"href":"https:\/\/www.leccecronaca.it\/index.php\/wp-json\/wp\/v2\/posts\/17837\/revisions\/17838"}],"wp:attachment":[{"href":"https:\/\/www.leccecronaca.it\/index.php\/wp-json\/wp\/v2\/media?parent=17837"}],"wp:term":[{"taxonomy":"category","embeddable":true,"href":"https:\/\/www.leccecronaca.it\/index.php\/wp-json\/wp\/v2\/categories?post=17837"},{"taxonomy":"post_tag","embeddable":true,"href":"https:\/\/www.leccecronaca.it\/index.php\/wp-json\/wp\/v2\/tags?post=17837"}],"curies":[{"name":"wp","href":"https:\/\/api.w.org\/{rel}","templated":true}]}}