{"id":178506,"date":"2021-02-03T14:47:49","date_gmt":"2021-02-03T13:47:49","guid":{"rendered":"http:\/\/www.leccecronaca.it\/?p=178506"},"modified":"2021-02-03T15:42:10","modified_gmt":"2021-02-03T14:42:10","slug":"casa-lecce-presentato-guven-yalcin","status":"publish","type":"post","link":"https:\/\/www.leccecronaca.it\/index.php\/2021\/02\/03\/casa-lecce-presentato-guven-yalcin\/","title":{"rendered":"CASA LECCE \/ PRESENTATO GUVEN YALCIN"},"content":{"rendered":"<p><img decoding=\"async\" loading=\"lazy\" class=\"alignnone size-full wp-image-178510\" src=\"https:\/\/www.leccecronaca.it\/wordpress\/wp-content\/uploads\/2021\/02\/guven-e-corvino.jpg\" alt=\"\" width=\"610\" height=\"468\" srcset=\"https:\/\/www.leccecronaca.it\/wordpress\/wp-content\/uploads\/2021\/02\/guven-e-corvino.jpg 610w, https:\/\/www.leccecronaca.it\/wordpress\/wp-content\/uploads\/2021\/02\/guven-e-corvino-300x230.jpg 300w\" sizes=\"(max-width: 610px) 100vw, 610px\" \/>di <strong>Mattia Ala______<\/strong><\/p>\n<p>Questa mattina il <strong>Lecce<\/strong> ha presentato il suo nuovo numero dieci, <strong>Guven Yalcin<\/strong>\u00a0(nella foto con Pantaleo Corvino, per gentile concessione della Societ\u00e0\u00a0\u00a9 U.S. Lecce), prelevato dal <strong>Besiktas<\/strong> in prestito con diritto di riscatto.<\/p>\n<p>Andiamo a conoscere meglio l&#8217;attaccante turco classe 1999\u00a0 tramite le sue parole, dopo la consueta introduzione del direttore generale dell&#8217;area tecnica <strong>Corvino<\/strong>:<\/p>\n<p>&nbsp;<\/p>\n<p><strong>CORVINO<\/strong>:<em> &#8220;Prima della presentazione di Guven, vi comunico il rinnovo di Meccariello per un altro anno, fino al 2022.\u00a0<\/em><\/p>\n<p><em>Guven \u00e8 un calciatore\u00a0 giovane, con grande esperienza internazionale, un attaccante moderno capace di svolgere sia il ruolo di prima punta che quello di seconda. Siamo convinti che possa regalarci tante soddisfazioni&#8221;.<\/em><\/p>\n<p>&nbsp;<\/p>\n<p>&nbsp;<\/p>\n<p><strong>YALCIN<\/strong>:<\/p>\n<p><strong>SCELTA LECCE E PRIME IMPRESSIONI SULLA SQUADRA<\/strong>: <em>&#8220;Mi ha contattato il direttore Corvino e mi ha esposto il progetto Lecce, spiegandomi che questa poteva essere la soluzione pi\u00f9 adatta a me. Inoltre ho parlato anche con Adem Ljajic, il quale mi ha parlato bene dell&#8217;ambiente e del direttore, che ha conosciuto alla Fiorentina.\u00a0 Al Besiktas ho avuto poche possibilit\u00e0 perch\u00e8 si puntava poco sui giovani.<\/em><\/p>\n<p><em>Mi sento gi\u00e0 a casa in squadra, ho conosciuto tanti ragazzi giovani che mi hanno trasmesso tante sensazioni positive&#8221;.<\/em><\/p>\n<p>&nbsp;<\/p>\n<p><strong>PRONTO PER L&#8217;ASCOLI<\/strong>: <em>&#8220;Ho contratto\u00a0 il Covid, pertanto non ho avuto la possibilit\u00e0 di allenarmi per due settimane. Ora per\u00f2 sono pronto, decider\u00e0 Corini se impiegarmi o meno&#8221;.<\/em><\/p>\n<p>&nbsp;<\/p>\n<p><strong>CARATTERISTICHE<\/strong>:<em> &#8220;Il mio ruolo preferito \u00e8 la prima punta, ma posso tranquillamente disimpegnarmi come seconda punta&#8221;.<\/em><\/p>\n<p>&nbsp;<\/p>\n<p><strong>CONCORRENZA<\/strong>: <em>&#8220;In Turchia ho gi\u00e0 giocato con grandi attaccanti, per me la concorrenza \u00e8 solo uno stimolo&#8221;.<\/em><\/p>\n<p>&nbsp;<\/p>\n<p><strong>CORINI<\/strong>: <em>&#8220;Non ho parlato molto col mister, avremo modo di farlo nei prossimi giorni&#8221;.<\/em><\/p>\n<p>&nbsp;<\/p>\n<p><strong>CALCIO ITALIANO E DIFFERENZE CON QUELLO TURCO<\/strong>:<em> &#8220;Ho sempre seguito il calcio italiano, ieri ho visto Inter-Juventus in tv. Il calcio italiano, rispetto a quello turco, \u00e8 molto pi\u00f9 complesso, difficile e intenso&#8221;.<\/em><\/p>\n<p>&nbsp;<\/p>\n<p><strong>NUMERO DI MAGLIA<\/strong>: <em>&#8220;Ho scelto di indossare\u00a0 il numero 10, sono consapevole della sua importanza in Italia e lotter\u00f2 tanto per questo&#8221;.<\/em><\/p>\n<p>&nbsp;<\/p>\n<p><strong>IDOLI<\/strong>: <em>&#8220;Non ho un idolo in particolare, sono tanti i calciatori ai quali mi ispiro&#8221;.<\/em><\/p>\n<p>&nbsp;<\/p>\n<fb:like href='https:\/\/www.leccecronaca.it\/index.php\/2021\/02\/03\/casa-lecce-presentato-guven-yalcin\/' send='true' layout='button_count' show_faces='true' width='450' height='65' action='recommend' colorscheme='light' font='lucida grande'><\/fb:like><span class=\"fb_share\"><fb:like href=\"https:\/\/www.leccecronaca.it\/index.php\/2021\/02\/03\/casa-lecce-presentato-guven-yalcin\/\" layout=\"button_count\"><\/fb:like><\/span>","protected":false},"excerpt":{"rendered":"<p>di Mattia Ala______ Questa mattina il Lecce ha presentato il suo nuovo numero dieci, Guven Yalcin\u00a0(nella foto con Pantaleo Corvino, per gentile concessione della Societ\u00e0\u00a0\u00a9 U.S. Lecce), prelevato dal Besiktas in prestito con diritto di riscatto. Andiamo a conoscere meglio l&#8217;attaccante turco classe 1999\u00a0 tramite le sue parole, dopo la consueta introduzione del direttore generale [&hellip;]<\/p>\n","protected":false},"author":4,"featured_media":178510,"comment_status":"open","ping_status":"closed","sticky":false,"template":"","format":"standard","meta":[],"categories":[28],"tags":[],"_links":{"self":[{"href":"https:\/\/www.leccecronaca.it\/index.php\/wp-json\/wp\/v2\/posts\/178506"}],"collection":[{"href":"https:\/\/www.leccecronaca.it\/index.php\/wp-json\/wp\/v2\/posts"}],"about":[{"href":"https:\/\/www.leccecronaca.it\/index.php\/wp-json\/wp\/v2\/types\/post"}],"author":[{"embeddable":true,"href":"https:\/\/www.leccecronaca.it\/index.php\/wp-json\/wp\/v2\/users\/4"}],"replies":[{"embeddable":true,"href":"https:\/\/www.leccecronaca.it\/index.php\/wp-json\/wp\/v2\/comments?post=178506"}],"version-history":[{"count":5,"href":"https:\/\/www.leccecronaca.it\/index.php\/wp-json\/wp\/v2\/posts\/178506\/revisions"}],"predecessor-version":[{"id":178524,"href":"https:\/\/www.leccecronaca.it\/index.php\/wp-json\/wp\/v2\/posts\/178506\/revisions\/178524"}],"wp:featuredmedia":[{"embeddable":true,"href":"https:\/\/www.leccecronaca.it\/index.php\/wp-json\/wp\/v2\/media\/178510"}],"wp:attachment":[{"href":"https:\/\/www.leccecronaca.it\/index.php\/wp-json\/wp\/v2\/media?parent=178506"}],"wp:term":[{"taxonomy":"category","embeddable":true,"href":"https:\/\/www.leccecronaca.it\/index.php\/wp-json\/wp\/v2\/categories?post=178506"},{"taxonomy":"post_tag","embeddable":true,"href":"https:\/\/www.leccecronaca.it\/index.php\/wp-json\/wp\/v2\/tags?post=178506"}],"curies":[{"name":"wp","href":"https:\/\/api.w.org\/{rel}","templated":true}]}}