{"id":178509,"date":"2021-02-03T15:19:34","date_gmt":"2021-02-03T14:19:34","guid":{"rendered":"http:\/\/www.leccecronaca.it\/?p=178509"},"modified":"2021-02-03T18:38:24","modified_gmt":"2021-02-03T17:38:24","slug":"la-politica-cede-il-passo-ai-banchieri-e-abdica-dal-suo-primato-di-nuovo-via-libera-allalta-finanza-il-banchiere-mario-draghi-chiamato-a-formare-il-governo-di-alto-profilo","status":"publish","type":"post","link":"https:\/\/www.leccecronaca.it\/index.php\/2021\/02\/03\/la-politica-cede-il-passo-ai-banchieri-e-abdica-dal-suo-primato-di-nuovo-via-libera-allalta-finanza-il-banchiere-mario-draghi-chiamato-a-formare-il-governo-di-alto-profilo\/","title":{"rendered":"LA POLITICA CEDE PLATEALMENTE IL PASSO ALLA FINANZA: IL BANCHIERE MARIO DRAGHI  CHIAMATO A FORMARE IL GOVERNO &#8220;di alto profilo&#8221; VOLUTO DA MATTARELLA"},"content":{"rendered":"<p><img decoding=\"async\" loading=\"lazy\" class=\"size-full wp-image-178515\" src=\"https:\/\/www.leccecronaca.it\/wordpress\/wp-content\/uploads\/2021\/02\/39303-1.jpg\" alt=\"\" width=\"2378\" height=\"1598\" srcset=\"https:\/\/www.leccecronaca.it\/wordpress\/wp-content\/uploads\/2021\/02\/39303-1.jpg 2378w, https:\/\/www.leccecronaca.it\/wordpress\/wp-content\/uploads\/2021\/02\/39303-1-300x202.jpg 300w, https:\/\/www.leccecronaca.it\/wordpress\/wp-content\/uploads\/2021\/02\/39303-1-1024x688.jpg 1024w, https:\/\/www.leccecronaca.it\/wordpress\/wp-content\/uploads\/2021\/02\/39303-1-768x516.jpg 768w, https:\/\/www.leccecronaca.it\/wordpress\/wp-content\/uploads\/2021\/02\/39303-1-1536x1032.jpg 1536w, https:\/\/www.leccecronaca.it\/wordpress\/wp-content\/uploads\/2021\/02\/39303-1-2048x1376.jpg 2048w\" sizes=\"(max-width: 2378px) 100vw, 2378px\" \/><\/p>\n<p>(g.p.)______<\/p>\n<p>Le stagioni di Giuseppe Conte sono finite. Comincia quella di Mario Draghi?<\/p>\n<p>La &#8220;mossa&#8221; di Sergio Mattarella, che, come abbiamo riferito ieri sera a caldo, ha negato lo scioglimento delle Camere e il voto anticipato, e ha auspicato un governo &#8220;di alto profilo&#8221; subito, con un appello rivolto a tutti i parlamentari a sostenerlo, ha spiazzato e scombussolato le carte sul tavolo. Sono ore di fibrillazione per tutti i partiti politici, specie per quelli di centrodestra e per il M5S, chiamati a decidere che atteggiamento adottare nei prossimi giorni, quando il presidente incaricato inizier\u00e0 le consultazioni.<\/p>\n<p>Mario Draghi, 74 anni, di Roma, economista e banchiere, gi\u00e0 presidente, fra le altre organizzazioni internazionali, della Banca Centrale Europea, \u00e8 una scelta destinata a dividere, e comunque difficile da sostenere per tutti i partiti.<\/p>\n<p>Un altro eletto da nessuno, chiamato a gestire le risorse finanziarie provenienti dall Unione Europea, e a &#8220;garantire&#8221; il debito pubblico; la politica che rinuncia al suo primato e lo cede adesso pure platealmente alla finanza internazionale; i partiti di fatto commissariati.<\/p>\n<p>&nbsp;<\/p>\n<p>Vedremo quali saranno le loro decisioni..<\/p>\n<p>Per ora stiamo ai fatti: c&#8217;\u00e8 una reazione positiva; anzi, pi\u00f9 che positiva, esultante addirittura; \u00e8 quella dei mercati, cio\u00e8 degli speculatori, cio\u00e8 dell&#8217; alta finanza internazionale.<\/p>\n<p><img decoding=\"async\" loading=\"lazy\" class=\"size-full wp-image-178516\" src=\"https:\/\/www.leccecronaca.it\/wordpress\/wp-content\/uploads\/2021\/02\/39298.jpg\" alt=\"\" width=\"3543\" height=\"2362\" \/><\/p>\n<p>Mario Draghi \u00e8 arrivato al Quirinale alle 11.55. Il colloquio con Sergio Mattarella \u00e8 durato pi\u00f9 di un&#8217;ora.<\/p>\n<p><img decoding=\"async\" loading=\"lazy\" class=\"alignnone wp-image-178517 size-large\" src=\"https:\/\/www.leccecronaca.it\/wordpress\/wp-content\/uploads\/2021\/02\/39300-1024x688.jpg\" alt=\"\" width=\"1024\" height=\"688\" srcset=\"https:\/\/www.leccecronaca.it\/wordpress\/wp-content\/uploads\/2021\/02\/39300-1024x688.jpg 1024w, https:\/\/www.leccecronaca.it\/wordpress\/wp-content\/uploads\/2021\/02\/39300-300x202.jpg 300w, https:\/\/www.leccecronaca.it\/wordpress\/wp-content\/uploads\/2021\/02\/39300-768x516.jpg 768w, https:\/\/www.leccecronaca.it\/wordpress\/wp-content\/uploads\/2021\/02\/39300-1536x1032.jpg 1536w, https:\/\/www.leccecronaca.it\/wordpress\/wp-content\/uploads\/2021\/02\/39300-2048x1376.jpg 2048w\" sizes=\"(max-width: 1024px) 100vw, 1024px\" \/><\/p>\n<p>Alle 13.15 la dichiarazione del segretario generale della presidenza della Repubblica Ugo Zampetti, che recita la formula di rito: <em>&#8220;il presidente della Repubblica\u00a0Sergio Mattarella\u00a0ha ricevuto questa mattina al Quirinale il professore\u00a0Mario Draghi\u00a0al quale ha conferito l&#8217;incarico per la formazione del governo. Draghi si \u00e8 riservato di accettare&#8221;.<\/em><\/p>\n<p>&nbsp;<\/p>\n<p><img decoding=\"async\" loading=\"lazy\" class=\"alignnone wp-image-178518 size-large\" src=\"https:\/\/www.leccecronaca.it\/wordpress\/wp-content\/uploads\/2021\/02\/39309-1024x683.jpg\" alt=\"\" width=\"1024\" height=\"683\" \/><\/p>\n<p>A seguire la dichiarazione del presidente del Consiglio incaricato: <em>&#8220;Ringrazio il presidente della Repubblica per la fiducia che mi ha voluto accordare. <\/em><\/p>\n<p><em>\u00c8 un momento difficile, dobbiamo essere all&#8217;altezza. Vincere la pandemia, completare la campagna vaccinale, offrire risposte ai problemi quotidiani, rilanciare il Paese sono le sfide.<\/em><\/p>\n<p><em>Abbiamo a disposizione le risorse straordinarie dell&#8217;Unione Europea, abbiamo la possibilit\u00e0 di operare con uno sguardo attento alle future generazioni e alla coesione sociale. <\/em><\/p>\n<p><em>La consapevolezza dell&#8217;emergenza\u00a0richiede risposte all&#8217;altezza della situazione e con questa speranza che rispondo all&#8217;appello di Mattarella. <\/em><\/p>\n<p><em>Sono fiducioso che dal confronto con i partiti, con i gruppi parlamentari e le forze sociali\u00a0emerga unit\u00e0 e capacit\u00e0 di dare una risposta responsabile&#8221;.<\/em><em>\u00a0______<\/em><\/p>\n<p>LA RICERCA nel nostro articolo di ieri sera<\/p>\n<blockquote class=\"wp-embedded-content\" data-secret=\"yeoNaTrlsN\"><p><a href=\"https:\/\/www.leccecronaca.it\/index.php\/2021\/02\/02\/ultimora-esplorazione-fallita\/\">ULTIM&#8217;ORA \/ ESPLORAZIONE FALLITA<\/a><\/p><\/blockquote>\n<p><iframe class=\"wp-embedded-content\" sandbox=\"allow-scripts\" security=\"restricted\" style=\"position: absolute; clip: rect(1px, 1px, 1px, 1px);\" src=\"https:\/\/www.leccecronaca.it\/index.php\/2021\/02\/02\/ultimora-esplorazione-fallita\/embed\/#?secret=yeoNaTrlsN\" data-secret=\"yeoNaTrlsN\" width=\"500\" height=\"282\" title=\"&#8220;ULTIM&#8217;ORA \/ ESPLORAZIONE FALLITA&#8221; &#8212; LecceCronaca.it\" frameborder=\"0\" marginwidth=\"0\" marginheight=\"0\" scrolling=\"no\"><\/iframe><\/p>\n<fb:like href='https:\/\/www.leccecronaca.it\/index.php\/2021\/02\/03\/la-politica-cede-il-passo-ai-banchieri-e-abdica-dal-suo-primato-di-nuovo-via-libera-allalta-finanza-il-banchiere-mario-draghi-chiamato-a-formare-il-governo-di-alto-profilo\/' send='true' layout='button_count' show_faces='true' width='450' height='65' action='recommend' colorscheme='light' font='lucida grande'><\/fb:like><span class=\"fb_share\"><fb:like href=\"https:\/\/www.leccecronaca.it\/index.php\/2021\/02\/03\/la-politica-cede-il-passo-ai-banchieri-e-abdica-dal-suo-primato-di-nuovo-via-libera-allalta-finanza-il-banchiere-mario-draghi-chiamato-a-formare-il-governo-di-alto-profilo\/\" layout=\"button_count\"><\/fb:like><\/span>","protected":false},"excerpt":{"rendered":"<p>(g.p.)______ Le stagioni di Giuseppe Conte sono finite. Comincia quella di Mario Draghi? La &#8220;mossa&#8221; di Sergio Mattarella, che, come abbiamo riferito ieri sera a caldo, ha negato lo scioglimento delle Camere e il voto anticipato, e ha auspicato un governo &#8220;di alto profilo&#8221; subito, con un appello rivolto a tutti i parlamentari a sostenerlo, [&hellip;]<\/p>\n","protected":false},"author":4,"featured_media":178515,"comment_status":"open","ping_status":"closed","sticky":false,"template":"","format":"standard","meta":[],"categories":[69,76],"tags":[],"_links":{"self":[{"href":"https:\/\/www.leccecronaca.it\/index.php\/wp-json\/wp\/v2\/posts\/178509"}],"collection":[{"href":"https:\/\/www.leccecronaca.it\/index.php\/wp-json\/wp\/v2\/posts"}],"about":[{"href":"https:\/\/www.leccecronaca.it\/index.php\/wp-json\/wp\/v2\/types\/post"}],"author":[{"embeddable":true,"href":"https:\/\/www.leccecronaca.it\/index.php\/wp-json\/wp\/v2\/users\/4"}],"replies":[{"embeddable":true,"href":"https:\/\/www.leccecronaca.it\/index.php\/wp-json\/wp\/v2\/comments?post=178509"}],"version-history":[{"count":6,"href":"https:\/\/www.leccecronaca.it\/index.php\/wp-json\/wp\/v2\/posts\/178509\/revisions"}],"predecessor-version":[{"id":178529,"href":"https:\/\/www.leccecronaca.it\/index.php\/wp-json\/wp\/v2\/posts\/178509\/revisions\/178529"}],"wp:featuredmedia":[{"embeddable":true,"href":"https:\/\/www.leccecronaca.it\/index.php\/wp-json\/wp\/v2\/media\/178515"}],"wp:attachment":[{"href":"https:\/\/www.leccecronaca.it\/index.php\/wp-json\/wp\/v2\/media?parent=178509"}],"wp:term":[{"taxonomy":"category","embeddable":true,"href":"https:\/\/www.leccecronaca.it\/index.php\/wp-json\/wp\/v2\/categories?post=178509"},{"taxonomy":"post_tag","embeddable":true,"href":"https:\/\/www.leccecronaca.it\/index.php\/wp-json\/wp\/v2\/tags?post=178509"}],"curies":[{"name":"wp","href":"https:\/\/api.w.org\/{rel}","templated":true}]}}