{"id":178823,"date":"2021-02-10T09:27:53","date_gmt":"2021-02-10T08:27:53","guid":{"rendered":"http:\/\/www.leccecronaca.it\/?p=178823"},"modified":"2021-02-20T11:19:21","modified_gmt":"2021-02-20T10:19:21","slug":"preferisco-il-rumore-del-mare-senza-plastica-e-oppresso-da-quella-torre-mostruosa-a-leccecronaca-it-enzo-suma-spiega-il-progetto-che-ha-ideato-e-annuncia-il-suo-san-valentino-alternativo-sulla-spi","status":"publish","type":"post","link":"https:\/\/www.leccecronaca.it\/index.php\/2021\/02\/10\/preferisco-il-rumore-del-mare-senza-plastica-e-oppresso-da-quella-torre-mostruosa-a-leccecronaca-it-enzo-suma-spiega-il-progetto-che-ha-ideato-e-annuncia-il-suo-san-valentino-alternativo-sulla-spi\/","title":{"rendered":"PREFERISCO IL RUMORE DEL MARE. SENZA PLASTICA"},"content":{"rendered":"<p><img decoding=\"async\" loading=\"lazy\" class=\"alignnone size-full wp-image-178826\" src=\"https:\/\/www.leccecronaca.it\/wordpress\/wp-content\/uploads\/2021\/02\/ES.jpg\" alt=\"\" width=\"1920\" height=\"1280\" srcset=\"https:\/\/www.leccecronaca.it\/wordpress\/wp-content\/uploads\/2021\/02\/ES.jpg 1920w, https:\/\/www.leccecronaca.it\/wordpress\/wp-content\/uploads\/2021\/02\/ES-300x200.jpg 300w, https:\/\/www.leccecronaca.it\/wordpress\/wp-content\/uploads\/2021\/02\/ES-1024x683.jpg 1024w, https:\/\/www.leccecronaca.it\/wordpress\/wp-content\/uploads\/2021\/02\/ES-768x512.jpg 768w, https:\/\/www.leccecronaca.it\/wordpress\/wp-content\/uploads\/2021\/02\/ES-1536x1024.jpg 1536w\" sizes=\"(max-width: 1920px) 100vw, 1920px\" \/><strong>E NON OPPRESSO DA QUELLA TORRE MOSTRUOSA DI CERANO&#8230;A leccecronaca.it ENZO SUMA SPIEGA IL PROGETTO CHE HA IDEATO E ANNUNCIA IL SUO SAN VALENTINO ALTERNATIVO SULLA SPIAGGIA DI TORRE POZZELLE <\/strong><\/p>\n<p>di<strong> Mariangela Rosato<\/strong>______<\/p>\n<p>Un museo virtuale degli antichi rifiuti spiaggiati e tanto altro. E\u2019 questa l\u2019idea che Enzo Suma (nella foto), 39 anni, di Ostuni, guida naturalistica da pi\u00f9 di dieci anni, nonch\u00e9 fondatore dell\u2019associazione <em>Millenari di Puglia<\/em>, ha voluto lanciare con la raccolta fondi promossa su Produzioni dal Basso- prima piattaforma italiana di crowdfunding e social innovation.<\/p>\n<p>Finanziato direttamente dall\u2019apporto dei singoli sostenitori, il progetto <em>Archeoplastica<\/em> si pone come obbiettivo sia la creazione di un museo virtuale on-line su cui prendere visione degli oggetti in plastica risalenti agli anni \u201860\/\u201970\/\u201980, che egli stesso ha ritrovato sulle spiagge salentine, sia la messa a punto di una mostra itinerante nelle scuole con lo scopo di sensibilizzare le nuove generazioni, e non solo, al problema della plastica nei nostri mari.<\/p>\n<p><img decoding=\"async\" loading=\"lazy\" class=\"alignnone size-full wp-image-178825\" src=\"https:\/\/www.leccecronaca.it\/wordpress\/wp-content\/uploads\/2021\/02\/Enzo-Suma_-2.jpg\" alt=\"\" width=\"1500\" height=\"1125\" srcset=\"https:\/\/www.leccecronaca.it\/wordpress\/wp-content\/uploads\/2021\/02\/Enzo-Suma_-2.jpg 1500w, https:\/\/www.leccecronaca.it\/wordpress\/wp-content\/uploads\/2021\/02\/Enzo-Suma_-2-300x225.jpg 300w, https:\/\/www.leccecronaca.it\/wordpress\/wp-content\/uploads\/2021\/02\/Enzo-Suma_-2-1024x768.jpg 1024w, https:\/\/www.leccecronaca.it\/wordpress\/wp-content\/uploads\/2021\/02\/Enzo-Suma_-2-768x576.jpg 768w, https:\/\/www.leccecronaca.it\/wordpress\/wp-content\/uploads\/2021\/02\/Enzo-Suma_-2-400x300.jpg 400w\" sizes=\"(max-width: 1500px) 100vw, 1500px\" \/><\/p>\n<p>\u201c<em>La plastica infatti\u00a0<\/em>&#8211; spiega a leccecronaca.it Enzo Suma, raggiunto telefonicamente per un franco colloquio a tutto campo &#8211; <em>\u00e8 eterna, non si decompone mai, ma si sgretola sino a formare pezzettini sempre pi\u00f9 piccoli che costituiscono le cosiddette microplastiche. <\/em><\/p>\n<p><em>Nel corso della mia attivit\u00e0 di guida naturalistica, mi sono reso conto che la plastica di tutti gli oggetti che abbiamo utilizzato negli ultimi decenni \u00e8 ancora ben visibile sulle coste del nostro Mediterraneo che sta finendo, in questo modo, per trasformarsi in un\u2019enorme<\/em> <em>zuppa di plastica\u201d. <\/em><\/p>\n<p>&nbsp;<\/p>\n<p>Le scuole, interlocutori fondamentali per sensibilizzare i ragazzi al problema dell\u2019utilizzo smodato di oggetti in plastica, accoglieranno mostre itineranti dedicate a questi reperti risalenti ai decenni passati che continuano ad infestare il contesto naturalistico.<\/p>\n<p>Agli alunni, inoltre, verr\u00e0 rilasciato un opuscolo dove ritrovare tutte le informazioni del progetto, nonch\u00e9 vari consigli su come consumare meno plastica.<\/p>\n<p>Ad aver espresso gi\u00e0 il suo interesse \u00e8 il Museo dell\u2019Universit\u00e0 del Salento il quale metter\u00e0 a disposizione una sezione per l\u2019allestimento della mostra.<\/p>\n<p>\u201c<em>L\u2019attenzione nei confronti delle tematiche ambientali\u00a0<\/em>&#8211; racconta Enzo Suma &#8211; <em>\u00e9 cresciuta enormemente negli ultimi anni in particolare in merito all\u2019inquinamento da plastica. Emblematica \u00e8, ad esempio, la nascita di varie associazioni sul territorio, oltre a quelle gi\u00e0 conosciute, che si impegnano per promuovere attivit\u00e0 di raccolta <\/em>\u201d.<\/p>\n<p>&nbsp;<\/p>\n<p>Oltre alla questione della plastica sulle spiagge, la Regione Puglia \u00e8, nostro malgrado, al centro di numerose problematiche ambientali: dal problema della xylella a quello dei fumi prodotti dalla torre di Cerano visibile in tutta la sua magnificenza inquinante dalle coste della zona brindisina.<\/p>\n<p>Al di l\u00e0 delle onde, si arriva a scorgere qualcosa che fa dimenticare anche il rumore del mare preso dalla burrasca: una grande torre di cui si parla troppo poco, nonostante appartenga ad una delle centrali termoelettriche pi\u00f9 grandi d\u2019Europa e nonostante i danni da essa provocati siano pi\u00f9 grandi dei benefici.<\/p>\n<p>Dalla posizione privilegiata delle marine di Lendinuso, Presepe, Campo di Mare, la sua figura riaffiora e chi \u00e8 nato negli anni Novanta non pu\u00f2 di certo immaginare un panorama differente se non immergendosi nei ricordi di coloro che l\u2019orizzonte lo hanno visto libero.<\/p>\n<p>Quando, a Parigi, dove mi trovo adesso per ragioni di studio, guardo la Tour Eiffel, dall\u2019altro lato delle Alpi, mi viene da pensare che, in fondo, una torre ce l\u2019avevo gi\u00e0 vicino casa mia senza andare cos\u00ec tanto lontano, con la differenza che quella dei nostri cugini transalpini \u00e8 celebre in ogni dove e fa sognare, sperare, immaginare storie romantiche; l\u2019altra, invece, la conosciamo solo noi e continua senza freni ad emettere fumi, anche quando di notte si dorme, a dire che i camini possono fare pi\u00f9 male di una torre mostruosa che si scruta in mezzo al mare. E si respira dimenticando ci\u00f2 che si vede.<\/p>\n<p>&nbsp;<\/p>\n<p>Ma dove sono le istituzioni in tutto questo inquinamento da plastica, inquinamento da carbone che dura da pi\u00f9 da trenta anni?<\/p>\n<p>\u201c<em>Non ho avuto- <\/em>mi dice Enzo<em>&#8211; un feedback positivo dagli organismi istituzionali. Ci sono stati dei confronti con alcune amministrazioni locali, ma in realt\u00e0 l\u2019impegno \u00e8 stato minimo quando invece, diciamocela tutta, potrebbero fare molto ma molto di pi\u00f9 di quello che fanno. A livello regionale, poi, la gestione delle problematiche ambientali, come ad esempio il problema xylella, \u00e8 stata veramente disastrosa\u201d. <\/em><\/p>\n<p>La risoluzione delle questioni ambientali, quindi, richiede un intervento su pi\u00f9 fronti, primo fra tutti quello della sensibilizzazione su cui Enzo \u00e8 attivo da tantissimi anni portando avanti iniziative di grande interesse e di forte impatto sociale come il progetto <em>Archeoplastica<\/em>.<\/p>\n<p>La campagna fondi \u00e8 stata lanciata da pochi giorni, ma ha gi\u00e0 ottenuto un grande riscontro raggiungendo il 30% del budget previsto per attuare il progetto in tutte le sue forme.<\/p>\n<p>Per coinvolgere maggiormente i cittadini, <strong>domenica 14 febbraio Enzo Suma ha organizzato una giornata di raccolta collettiva della plastica nell\u2019area costiera di Torre Pozzelle.<\/strong> Un modo, questo, per toccare con mano il grave problema che sta colpendo il Mediterraneo.<\/p>\n<p>Aiutiamo Enzo Suma e il progetto <em>Archeoplastica<\/em> a crescere ancora affinch\u00e9 ci sia una maggiore presa di coscienza su problematiche ambientali, come la presenza della plastica nei nostri mari, che affliggono da tempo il territorio pugliese.<\/p>\n<p>Salviamo la nostra Terra!______<\/p>\n<p><img decoding=\"async\" loading=\"lazy\" class=\"alignnone size-full wp-image-178824\" src=\"https:\/\/www.leccecronaca.it\/wordpress\/wp-content\/uploads\/2021\/02\/Enzo-Suma_-3.jpg\" alt=\"\" width=\"1280\" height=\"720\" srcset=\"https:\/\/www.leccecronaca.it\/wordpress\/wp-content\/uploads\/2021\/02\/Enzo-Suma_-3.jpg 1280w, https:\/\/www.leccecronaca.it\/wordpress\/wp-content\/uploads\/2021\/02\/Enzo-Suma_-3-300x169.jpg 300w, https:\/\/www.leccecronaca.it\/wordpress\/wp-content\/uploads\/2021\/02\/Enzo-Suma_-3-1024x576.jpg 1024w, https:\/\/www.leccecronaca.it\/wordpress\/wp-content\/uploads\/2021\/02\/Enzo-Suma_-3-768x432.jpg 768w\" sizes=\"(max-width: 1280px) 100vw, 1280px\" \/><\/p>\n<p>Per maggiori informazioni su <em>Archeoplastica<\/em>, si pu\u00f2 consultare la seguente pagina: <a href=\"https:\/\/www.produzionidalbasso.com\/project\/archeoplastica-il-museo-degli-antichi-rifiuti-spiaggiati\/\">https:\/\/www.produzionidalbasso.com\/project\/archeoplastica-il-museo-degli-antichi-rifiuti-spiaggiati\/<\/a><\/p>\n<p>&nbsp;<\/p>\n<p>&nbsp;<\/p>\n<p>&nbsp;<\/p>\n<fb:like href='https:\/\/www.leccecronaca.it\/index.php\/2021\/02\/10\/preferisco-il-rumore-del-mare-senza-plastica-e-oppresso-da-quella-torre-mostruosa-a-leccecronaca-it-enzo-suma-spiega-il-progetto-che-ha-ideato-e-annuncia-il-suo-san-valentino-alternativo-sulla-spi\/' send='true' layout='button_count' show_faces='true' width='450' height='65' action='recommend' colorscheme='light' font='lucida grande'><\/fb:like><span class=\"fb_share\"><fb:like href=\"https:\/\/www.leccecronaca.it\/index.php\/2021\/02\/10\/preferisco-il-rumore-del-mare-senza-plastica-e-oppresso-da-quella-torre-mostruosa-a-leccecronaca-it-enzo-suma-spiega-il-progetto-che-ha-ideato-e-annuncia-il-suo-san-valentino-alternativo-sulla-spi\/\" layout=\"button_count\"><\/fb:like><\/span>","protected":false},"excerpt":{"rendered":"<p>E NON OPPRESSO DA QUELLA TORRE MOSTRUOSA DI CERANO&#8230;A leccecronaca.it ENZO SUMA SPIEGA IL PROGETTO CHE HA IDEATO E ANNUNCIA IL SUO SAN VALENTINO ALTERNATIVO SULLA SPIAGGIA DI TORRE POZZELLE di Mariangela Rosato______ Un museo virtuale degli antichi rifiuti spiaggiati e tanto altro. E\u2019 questa l\u2019idea che Enzo Suma (nella foto), 39 anni, di Ostuni, [&hellip;]<\/p>\n","protected":false},"author":4,"featured_media":178826,"comment_status":"open","ping_status":"closed","sticky":false,"template":"","format":"standard","meta":[],"categories":[1,69,31],"tags":[],"_links":{"self":[{"href":"https:\/\/www.leccecronaca.it\/index.php\/wp-json\/wp\/v2\/posts\/178823"}],"collection":[{"href":"https:\/\/www.leccecronaca.it\/index.php\/wp-json\/wp\/v2\/posts"}],"about":[{"href":"https:\/\/www.leccecronaca.it\/index.php\/wp-json\/wp\/v2\/types\/post"}],"author":[{"embeddable":true,"href":"https:\/\/www.leccecronaca.it\/index.php\/wp-json\/wp\/v2\/users\/4"}],"replies":[{"embeddable":true,"href":"https:\/\/www.leccecronaca.it\/index.php\/wp-json\/wp\/v2\/comments?post=178823"}],"version-history":[{"count":6,"href":"https:\/\/www.leccecronaca.it\/index.php\/wp-json\/wp\/v2\/posts\/178823\/revisions"}],"predecessor-version":[{"id":178882,"href":"https:\/\/www.leccecronaca.it\/index.php\/wp-json\/wp\/v2\/posts\/178823\/revisions\/178882"}],"wp:featuredmedia":[{"embeddable":true,"href":"https:\/\/www.leccecronaca.it\/index.php\/wp-json\/wp\/v2\/media\/178826"}],"wp:attachment":[{"href":"https:\/\/www.leccecronaca.it\/index.php\/wp-json\/wp\/v2\/media?parent=178823"}],"wp:term":[{"taxonomy":"category","embeddable":true,"href":"https:\/\/www.leccecronaca.it\/index.php\/wp-json\/wp\/v2\/categories?post=178823"},{"taxonomy":"post_tag","embeddable":true,"href":"https:\/\/www.leccecronaca.it\/index.php\/wp-json\/wp\/v2\/tags?post=178823"}],"curies":[{"name":"wp","href":"https:\/\/api.w.org\/{rel}","templated":true}]}}