{"id":178854,"date":"2021-02-10T17:55:42","date_gmt":"2021-02-10T16:55:42","guid":{"rendered":"http:\/\/www.leccecronaca.it\/?p=178854"},"modified":"2021-02-10T18:43:14","modified_gmt":"2021-02-10T17:43:14","slug":"bandiera-gialla-sulla-puglia","status":"publish","type":"post","link":"https:\/\/www.leccecronaca.it\/index.php\/2021\/02\/10\/bandiera-gialla-sulla-puglia\/","title":{"rendered":"BANDIERA GIALLA SULLA PUGLIA"},"content":{"rendered":"<p><img decoding=\"async\" loading=\"lazy\" class=\"alignnone size-full wp-image-178855\" src=\"https:\/\/www.leccecronaca.it\/wordpress\/wp-content\/uploads\/2021\/02\/puglia-zona-gialla.jpg\" alt=\"\" width=\"800\" height=\"500\" srcset=\"https:\/\/www.leccecronaca.it\/wordpress\/wp-content\/uploads\/2021\/02\/puglia-zona-gialla.jpg 800w, https:\/\/www.leccecronaca.it\/wordpress\/wp-content\/uploads\/2021\/02\/puglia-zona-gialla-300x188.jpg 300w, https:\/\/www.leccecronaca.it\/wordpress\/wp-content\/uploads\/2021\/02\/puglia-zona-gialla-768x480.jpg 768w\" sizes=\"(max-width: 800px) 100vw, 800px\" \/>(Rdl)______<strong>Da<\/strong> domani <strong>gioved\u00ec 11 febbraio<\/strong> la <strong>Puglia<\/strong> lascia la &#8220;zona arancione&#8221; (&#8220;scenario di elevata gravit\u00e0&#8221;), e ritorna in <strong>&#8220;zona gialla&#8221;<\/strong> (&#8220;scenario di rischio moderato&#8221;) . E&#8217; ufficiale.<\/p>\n<p>Nella tarda serata di ieri c&#8217;era stata una riunione al Ministero della Salute, che ha accolto la rettifica dei dati su numero di positivi e posti letto in terapie intensive, un &#8220;errore&#8221; &#8211; cos\u00ec lo ha spiegato Pierluigi Lo Palco &#8211; di trasmissione da parte dell&#8217;assessorato alla Sanit\u00e0 della Regione Puglia, per cui a Roma era stata adottata la decisione precedente.<\/p>\n<p>Polemiche politiche a parte, da ieri sera indiscrezioni giornalistiche annunciavano quindi un&#8217;ordinanza del ministro Roberto Speranza per ricollocare la Puglia in zona gialla.<\/p>\n<p>Abbiamo atteso l&#8217;ufficialit\u00e0, e ne abbiamo trovato conferma telefonica questo pomeriggio al centro informazioni del Ministero della Salute, che adesso d\u00e0 appunto da domani la Puglia in zona gialla.<\/p>\n<p>Cosa cambia? o, per meglio dire, cosa ritorna?<\/p>\n<p>Poco. Ma \u00e8 gi\u00e0 qualcosa.<\/p>\n<p>Pur rimanendo in vigore il &#8220;coprifuoco&#8221; alle ore 22, per quanto riguarda le visite ad amici o parenti \u00e8 consentito, una sola volta al giorno, spostarsi verso un\u2019altra abitazione privata abitata, tra le ore 5.00 e le 22.00, fino a a un massimo di due persone, senza bisogno di autocertificazione.<\/p>\n<p>Dal 16 febbraio al 5 marzo gli spostamenti tornano invece ad essere consentiti da e per tutte le regioni ubicate in area gialla (salva l&#8217;eventuale sopravvenienza di nuove disposizioni limitative).<\/p>\n<p>&nbsp;<\/p>\n<p>Inoltre, senza pi\u00f9 dover bivaccare all&#8217;esterno per strada\u00a0 col bicchierino o il piattino di plastica in mano, si potr\u00e0 di nuovo consumare al tavolo, o al banco in ristoranti, pizzerie, bar, pasticcerie, gelaterie, fino alle 18. Dopo quell&#8217;ora \u00e8 consentita solo l&#8217;attivit\u00e0 di asporto entro le 22 e il domicilio. Nei ristoranti o nei bar allo stesso tavolo non potranno essere sedute pi\u00f9 di quattro persone che avranno l&#8217;obbligo di indossare la mascherina quando si muovono negli spazi comuni.<\/p>\n<p>Nessuna novit\u00e0 per le scuole, regolate dall&#8217;ultima ordinanza regionale, con cui elementari e medie sono a scelta dei genitori fra didattica a distanza e didattica in presenza; e didattica in presenza alle superiori, ma solo fino al 50% degli studenti.<\/p>\n<p>Sempre chiusi cinema e teatri, ma possono riaprire i musei. Sempre chiuse palestre e piscine. Centri commerciali aperti in settimana, ma chiusi nel fine settimana.<\/p>\n<p>&nbsp;<\/p>\n<p>&nbsp;<\/p>\n<p>&nbsp;<\/p>\n<section class=\"inline-article\">\n<article>\n<div class=\"inline-article__content\"><\/div>\n<\/article>\n<\/section>\n<p>&nbsp;<\/p>\n<div id=\"inArticle\"><\/div>\n<fb:like href='https:\/\/www.leccecronaca.it\/index.php\/2021\/02\/10\/bandiera-gialla-sulla-puglia\/' send='true' layout='button_count' show_faces='true' width='450' height='65' action='recommend' colorscheme='light' font='lucida grande'><\/fb:like><span class=\"fb_share\"><fb:like href=\"https:\/\/www.leccecronaca.it\/index.php\/2021\/02\/10\/bandiera-gialla-sulla-puglia\/\" layout=\"button_count\"><\/fb:like><\/span>","protected":false},"excerpt":{"rendered":"<p>(Rdl)______Da domani gioved\u00ec 11 febbraio la Puglia lascia la &#8220;zona arancione&#8221; (&#8220;scenario di elevata gravit\u00e0&#8221;), e ritorna in &#8220;zona gialla&#8221; (&#8220;scenario di rischio moderato&#8221;) . E&#8217; ufficiale. Nella tarda serata di ieri c&#8217;era stata una riunione al Ministero della Salute, che ha accolto la rettifica dei dati su numero di positivi e posti letto in [&hellip;]<\/p>\n","protected":false},"author":4,"featured_media":178855,"comment_status":"open","ping_status":"closed","sticky":false,"template":"","format":"standard","meta":[],"categories":[69],"tags":[],"_links":{"self":[{"href":"https:\/\/www.leccecronaca.it\/index.php\/wp-json\/wp\/v2\/posts\/178854"}],"collection":[{"href":"https:\/\/www.leccecronaca.it\/index.php\/wp-json\/wp\/v2\/posts"}],"about":[{"href":"https:\/\/www.leccecronaca.it\/index.php\/wp-json\/wp\/v2\/types\/post"}],"author":[{"embeddable":true,"href":"https:\/\/www.leccecronaca.it\/index.php\/wp-json\/wp\/v2\/users\/4"}],"replies":[{"embeddable":true,"href":"https:\/\/www.leccecronaca.it\/index.php\/wp-json\/wp\/v2\/comments?post=178854"}],"version-history":[{"count":2,"href":"https:\/\/www.leccecronaca.it\/index.php\/wp-json\/wp\/v2\/posts\/178854\/revisions"}],"predecessor-version":[{"id":178865,"href":"https:\/\/www.leccecronaca.it\/index.php\/wp-json\/wp\/v2\/posts\/178854\/revisions\/178865"}],"wp:featuredmedia":[{"embeddable":true,"href":"https:\/\/www.leccecronaca.it\/index.php\/wp-json\/wp\/v2\/media\/178855"}],"wp:attachment":[{"href":"https:\/\/www.leccecronaca.it\/index.php\/wp-json\/wp\/v2\/media?parent=178854"}],"wp:term":[{"taxonomy":"category","embeddable":true,"href":"https:\/\/www.leccecronaca.it\/index.php\/wp-json\/wp\/v2\/categories?post=178854"},{"taxonomy":"post_tag","embeddable":true,"href":"https:\/\/www.leccecronaca.it\/index.php\/wp-json\/wp\/v2\/tags?post=178854"}],"curies":[{"name":"wp","href":"https:\/\/api.w.org\/{rel}","templated":true}]}}