{"id":178957,"date":"2021-02-13T00:02:40","date_gmt":"2021-02-12T23:02:40","guid":{"rendered":"http:\/\/www.leccecronaca.it\/?p=178957"},"modified":"2021-02-20T11:21:24","modified_gmt":"2021-02-20T10:21:24","slug":"novita-editoriali-esce-per-la-casa-editrice-salentina-i-quaderni-del-bardo-25-appuntamenti-col-sicario-2-la-nuova-raccolta-poetica-del-maestro-tomaso-kemeny-un-teatro-di-omb","status":"publish","type":"post","link":"https:\/\/www.leccecronaca.it\/index.php\/2021\/02\/13\/novita-editoriali-esce-per-la-casa-editrice-salentina-i-quaderni-del-bardo-25-appuntamenti-col-sicario-2-la-nuova-raccolta-poetica-del-maestro-tomaso-kemeny-un-teatro-di-omb\/","title":{"rendered":"NOVIT\u00c0 EDITORIALI \/ \u201c25 appuntamenti col sicario + 2\u201d"},"content":{"rendered":"<p><img decoding=\"async\" loading=\"lazy\" class=\"alignnone size-full wp-image-178958\" src=\"https:\/\/www.leccecronaca.it\/wordpress\/wp-content\/uploads\/2021\/02\/tomaso_kemeny_02.jpeg\" alt=\"\" width=\"1344\" height=\"744\" srcset=\"https:\/\/www.leccecronaca.it\/wordpress\/wp-content\/uploads\/2021\/02\/tomaso_kemeny_02.jpeg 1344w, https:\/\/www.leccecronaca.it\/wordpress\/wp-content\/uploads\/2021\/02\/tomaso_kemeny_02-300x166.jpeg 300w, https:\/\/www.leccecronaca.it\/wordpress\/wp-content\/uploads\/2021\/02\/tomaso_kemeny_02-1024x567.jpeg 1024w, https:\/\/www.leccecronaca.it\/wordpress\/wp-content\/uploads\/2021\/02\/tomaso_kemeny_02-768x425.jpeg 768w\" sizes=\"(max-width: 1344px) 100vw, 1344px\" \/><strong>ESCE PER LA CASA EDITRICE SALENTINA I QUADERNI DEL BARDO\u00a0LA NUOVA RACCOLTA POETICA DEL MAESTRO TOMASO KEMENY: VERSI CHE SONO <em>&#8220;un teatro di ombre filtrate e ingoiate dalla luce inossidabile della Bellezza&#8221;______<\/em><\/strong><\/p>\n<p>di <strong>Chiara Evangelista<\/strong>______<\/p>\n<p>La casa editrice salentina \u201cI Quaderni del Bardo Edizioni\u201d di Stefano Donno \u00e8 orgogliosa di pubblicare la nuova raccolta poetica di <strong>Tomaso Kemeny<\/strong>\u00a0 (nella foto di Dino Ignani) <strong><em>\u201c25 appuntamenti col<\/em><\/strong> <em><strong>sicario + 2\u201d<\/strong><\/em> (142 pagg. 8,59 euro).<\/p>\n<p>L\u2019Autore, 83 anni, nato a Budapest, vive a Milano dal 1948; ha pubblicato oltre dodici libri di poesia ed \u00e8 uno dei fondatori del movimento Mitomodernista e della Casa della Poesia di Milano.<\/p>\n<p>&nbsp;<\/p>\n<p>Tomaso Kemeny da\u0300 al lettore venticinque appuntamenti che si rivelano essere un teatro di ombre filtrate e ingoiate dalla luce inossidabile della Bellezza.<\/p>\n<p>Al grido \u201cFight for Beauty\u201d, il fondatore della corrente mitomodernista conduce la notte dell\u2019Esistenza sul Golgota per invitarla ad una metamorfosi ovidiana, nel segno di un\u2019alba luminescente. \u201cVersi che uniscono alla brevit\u00e0 la potenza della visionariet\u00e0\u201d vengono definiti giustamente dalla poetessa Laura Garavaglia.<\/p>\n<p>&nbsp;<\/p>\n<p><strong><em>Oltre<\/em><\/strong><\/p>\n<p><strong><em>l\u2019invisibile<\/em><\/strong><\/p>\n<p><strong><em>latte blu<\/em><\/strong><\/p>\n<p><strong><em>del nulla\u2026<\/em><\/strong><\/p>\n<p>&nbsp;<\/p>\n<p>I versi di Kemeny sorvolano le cupole del silenzio per rompere il muro del suono dell\u2019indifferenza. Le liriche sono difatti intrise di impegno civile, ruolo di cui da sempre la poesia si e\u0300 fatta carico.<\/p>\n<p>&nbsp;<\/p>\n<p><strong><em>Per fare<\/em><\/strong><\/p>\n<p><strong><em>risuscitare<\/em><\/strong><\/p>\n<p><strong><em>l\u2019anima<\/em><\/strong><\/p>\n<p><strong><em>del mondo<\/em><\/strong><\/p>\n<p><strong><em>contemporaneo<\/em><\/strong><\/p>\n<p><strong><em>bisognera\u0300<\/em><\/strong><\/p>\n<p><strong><em>colmarla<\/em><\/strong><\/p>\n<p><strong><em>al ritmo<\/em><\/strong><\/p>\n<p><strong><em>dell\u2019infinito<\/em><\/strong><\/p>\n<p>&nbsp;<\/p>\n<p>&nbsp;<\/p>\n<p>Se, come sostiene Mario Luzi, la poesia \u00e8 sempre poesia civile, Kemeny non si smentisce e ricerca il ruolo del testo nel contesto, il ruolo del poeta nell\u2019insofferenza asmatica dell\u2019indigesto hic et nunc.<\/p>\n<p>&nbsp;<\/p>\n<p>\u201cTomaso a distanza di anni raccoglie la sfida (del tempo, della morte e della non poesia) e ingaggia un corpo a corpo con le parole (amiche di sempre) sul ring della vita (su cui combatte da sempre), con Dio, con l\u2019amore, con la poesia e con la luce della bellezza che fiammeggia qua e l\u00e0 nel cimitero dei vivi e dei sopravvissuti\u201d scrive il poeta e critico d\u2019arte Donato Di Poce nel suo intervento critico.<\/p>\n<p>&nbsp;<\/p>\n<p>&nbsp;<\/p>\n<p><strong><em>Nella solitudine<\/em><\/strong><\/p>\n<p><strong><em>il poeta<\/em><\/strong><\/p>\n<p><strong><em>vive<\/em><\/strong><\/p>\n<p><strong><em>prostrato<\/em><\/strong><\/p>\n<p><strong><em>nella luce<\/em><\/strong><\/p>\n<p>&nbsp;<\/p>\n<p>I versi sono esemplificativi di un dialogo tra l\u2019infinitudine del Thumos greco (significante \u201canima emozionale\u201d) e la \u201cputrefazione epocale di un\u2019estetica priva di utopia\u201d in cui il poeta scava fino alle radici del Tempo asincrono e ha \u201csete di metamofosi\u201d.<\/p>\n<p>&nbsp;<\/p>\n<p><strong><em>I grandi poeti<\/em><\/strong><\/p>\n<p><strong><em>defunti<\/em><\/strong><\/p>\n<p><strong><em>ricordano<\/em><\/strong><\/p>\n<p><strong><em>i versi<\/em><\/strong><\/p>\n<p><strong><em>che non ho<\/em><\/strong><\/p>\n<p><strong><em>scritto<\/em><\/strong><\/p>\n<p><strong><em>e che non riuscir\u00f2<\/em><\/strong><\/p>\n<p><strong><em>a scrivere<\/em><\/strong><\/p>\n<p>&nbsp;<\/p>\n<p>Netto e decisivo e\u0300 l\u2019influsso della poetica surrealista di Andre\u0300 Breton sull\u2019autore. Aspetto che ha messo in luce nella sua nota critica al testo il giornalista Ottavio Rossani: \u201cL\u2019energia bretoniana \u00e8 entrata nel sangue di Kemeny non solo attraverso le parole e le opere, ma anche attraverso l\u2019amicizia e la corrispondenza emotiva. Dal ribollire delle pulsioni giovanili Tomaso oggi \u00e8 arrivato a poter raccontare le grandi imprese, o le pulsioni e le immagini quotidiane, per la poesia, per la Bellezza, per il senso del vivere e del pensare di questa umanit\u00e0 sempre ribollente di grandi decisioni e, per\u00f2, anche di irrazionali crudelt\u00e0\u201d.<\/p>\n<p>&nbsp;<\/p>\n<p>Kemeny eredita il Passato, snodando la trama chiaroscurale della grammatica del Presente, per farne una pagina di luce della poetica contemporanea.______<\/p>\n<p><img decoding=\"async\" loading=\"lazy\" class=\"alignnone size-full wp-image-178959\" src=\"https:\/\/www.leccecronaca.it\/wordpress\/wp-content\/uploads\/2021\/02\/Copertina-Tomaso-Kemeny-25-appuntamenti-col-sicario-2-1.jpg\" alt=\"\" width=\"1418\" height=\"1418\" srcset=\"https:\/\/www.leccecronaca.it\/wordpress\/wp-content\/uploads\/2021\/02\/Copertina-Tomaso-Kemeny-25-appuntamenti-col-sicario-2-1.jpg 1418w, https:\/\/www.leccecronaca.it\/wordpress\/wp-content\/uploads\/2021\/02\/Copertina-Tomaso-Kemeny-25-appuntamenti-col-sicario-2-1-300x300.jpg 300w, https:\/\/www.leccecronaca.it\/wordpress\/wp-content\/uploads\/2021\/02\/Copertina-Tomaso-Kemeny-25-appuntamenti-col-sicario-2-1-1024x1024.jpg 1024w, https:\/\/www.leccecronaca.it\/wordpress\/wp-content\/uploads\/2021\/02\/Copertina-Tomaso-Kemeny-25-appuntamenti-col-sicario-2-1-150x150.jpg 150w, https:\/\/www.leccecronaca.it\/wordpress\/wp-content\/uploads\/2021\/02\/Copertina-Tomaso-Kemeny-25-appuntamenti-col-sicario-2-1-768x768.jpg 768w, https:\/\/www.leccecronaca.it\/wordpress\/wp-content\/uploads\/2021\/02\/Copertina-Tomaso-Kemeny-25-appuntamenti-col-sicario-2-1-60x60.jpg 60w\" sizes=\"(max-width: 1418px) 100vw, 1418px\" \/><\/p>\n<p>&nbsp;<\/p>\n<p>Per acquistare il libro:<\/p>\n<p><a href=\"https:\/\/www.amazon.it\/25-appuntamenti-col-sicario-2\/dp\/B08VCKZZXF\/ref=sr_1_1?dchild=1&amp;qid=1613145752&amp;refinements=p_27%3ATomaso+Kemeny&amp;s=books&amp;sr=1-1\">https:\/\/www.amazon.it\/25-appuntamenti-col-sicario-2\/dp\/B08VCKZZXF\/ref=sr_1_1?dchild=1&amp;qid=1613145752&amp;refinements=p_27%3ATomaso+Kemeny&amp;s=books&amp;sr=1-1<\/a><\/p>\n<p>&nbsp;<\/p>\n<fb:like href='https:\/\/www.leccecronaca.it\/index.php\/2021\/02\/13\/novita-editoriali-esce-per-la-casa-editrice-salentina-i-quaderni-del-bardo-25-appuntamenti-col-sicario-2-la-nuova-raccolta-poetica-del-maestro-tomaso-kemeny-un-teatro-di-omb\/' send='true' layout='button_count' show_faces='true' width='450' height='65' action='recommend' colorscheme='light' font='lucida grande'><\/fb:like><span class=\"fb_share\"><fb:like href=\"https:\/\/www.leccecronaca.it\/index.php\/2021\/02\/13\/novita-editoriali-esce-per-la-casa-editrice-salentina-i-quaderni-del-bardo-25-appuntamenti-col-sicario-2-la-nuova-raccolta-poetica-del-maestro-tomaso-kemeny-un-teatro-di-omb\/\" layout=\"button_count\"><\/fb:like><\/span>","protected":false},"excerpt":{"rendered":"<p>ESCE PER LA CASA EDITRICE SALENTINA I QUADERNI DEL BARDO\u00a0LA NUOVA RACCOLTA POETICA DEL MAESTRO TOMASO KEMENY: VERSI CHE SONO &#8220;un teatro di ombre filtrate e ingoiate dalla luce inossidabile della Bellezza&#8221;______ di Chiara Evangelista______ La casa editrice salentina \u201cI Quaderni del Bardo Edizioni\u201d di Stefano Donno \u00e8 orgogliosa di pubblicare la nuova raccolta poetica [&hellip;]<\/p>\n","protected":false},"author":4,"featured_media":178958,"comment_status":"open","ping_status":"closed","sticky":false,"template":"","format":"standard","meta":[],"categories":[31,57],"tags":[],"_links":{"self":[{"href":"https:\/\/www.leccecronaca.it\/index.php\/wp-json\/wp\/v2\/posts\/178957"}],"collection":[{"href":"https:\/\/www.leccecronaca.it\/index.php\/wp-json\/wp\/v2\/posts"}],"about":[{"href":"https:\/\/www.leccecronaca.it\/index.php\/wp-json\/wp\/v2\/types\/post"}],"author":[{"embeddable":true,"href":"https:\/\/www.leccecronaca.it\/index.php\/wp-json\/wp\/v2\/users\/4"}],"replies":[{"embeddable":true,"href":"https:\/\/www.leccecronaca.it\/index.php\/wp-json\/wp\/v2\/comments?post=178957"}],"version-history":[{"count":5,"href":"https:\/\/www.leccecronaca.it\/index.php\/wp-json\/wp\/v2\/posts\/178957\/revisions"}],"predecessor-version":[{"id":179041,"href":"https:\/\/www.leccecronaca.it\/index.php\/wp-json\/wp\/v2\/posts\/178957\/revisions\/179041"}],"wp:featuredmedia":[{"embeddable":true,"href":"https:\/\/www.leccecronaca.it\/index.php\/wp-json\/wp\/v2\/media\/178958"}],"wp:attachment":[{"href":"https:\/\/www.leccecronaca.it\/index.php\/wp-json\/wp\/v2\/media?parent=178957"}],"wp:term":[{"taxonomy":"category","embeddable":true,"href":"https:\/\/www.leccecronaca.it\/index.php\/wp-json\/wp\/v2\/categories?post=178957"},{"taxonomy":"post_tag","embeddable":true,"href":"https:\/\/www.leccecronaca.it\/index.php\/wp-json\/wp\/v2\/tags?post=178957"}],"curies":[{"name":"wp","href":"https:\/\/api.w.org\/{rel}","templated":true}]}}