{"id":179267,"date":"2021-02-21T09:29:14","date_gmt":"2021-02-21T08:29:14","guid":{"rendered":"http:\/\/www.leccecronaca.it\/?p=179267"},"modified":"2021-03-01T12:17:54","modified_gmt":"2021-03-01T11:17:54","slug":"il-mostro-continua-ad-avvelena-e-ad-uccidere","status":"publish","type":"post","link":"https:\/\/www.leccecronaca.it\/index.php\/2021\/02\/21\/il-mostro-continua-ad-avvelena-e-ad-uccidere\/","title":{"rendered":"IL MOSTRO CONTINUA AD AVVELENARE E AD UCCIDERE"},"content":{"rendered":"<p><img decoding=\"async\" loading=\"lazy\" class=\"alignnone size-full wp-image-179269\" src=\"https:\/\/www.leccecronaca.it\/wordpress\/wp-content\/uploads\/2021\/02\/152758672_3845462578848986_7148455230816251828_o.jpg\" alt=\"\" width=\"1440\" height=\"1080\" srcset=\"https:\/\/www.leccecronaca.it\/wordpress\/wp-content\/uploads\/2021\/02\/152758672_3845462578848986_7148455230816251828_o.jpg 1440w, https:\/\/www.leccecronaca.it\/wordpress\/wp-content\/uploads\/2021\/02\/152758672_3845462578848986_7148455230816251828_o-300x225.jpg 300w, https:\/\/www.leccecronaca.it\/wordpress\/wp-content\/uploads\/2021\/02\/152758672_3845462578848986_7148455230816251828_o-1024x768.jpg 1024w, https:\/\/www.leccecronaca.it\/wordpress\/wp-content\/uploads\/2021\/02\/152758672_3845462578848986_7148455230816251828_o-768x576.jpg 768w, https:\/\/www.leccecronaca.it\/wordpress\/wp-content\/uploads\/2021\/02\/152758672_3845462578848986_7148455230816251828_o-400x300.jpg 400w\" sizes=\"(max-width: 1440px) 100vw, 1440px\" \/>(g.p.)______Tar di Lecce, Consiglio di Stato a Roma; Corte d&#8217;Assise a Taranto; Corte Europea dei Diritti dell&#8217;Uomo a\u00a0 Strasburgo: ancora niente di risolutivo. Sempre a Roma ieri i nuovi ministri del &#8220;governo dei migliori&#8221; Giancarlo Giorgetti e Andrea Orlando con i sindacati confederali mediano gli interessi dei padroni, nella fattispecie la multinazionale indiana.<\/p>\n<p>Intanto&#8230;<\/p>\n<p>Intanto l&#8217;associazione <strong><span style=\"color: #ff0000;\">&#8220;Genitori Tarantini&#8221;<\/span><\/strong> nella tarda serata di ieri ha pubblicato sulla sua pagina Facebook la foto che riproduciamo, in un post in cui scrive:<strong><span style=\"color: #ff0000;\"><em> &#8220;Alle 21,47 questo \u00e8 il cielo di Taranto.<\/em><\/span><\/strong><br \/>\n<strong><span style=\"color: #ff0000;\"><em>Come genitori ci chiediamo cosa stanno rischiando i nostri figli nel respirare quei fumi.<\/em><\/span><\/strong><br \/>\n<strong><span style=\"color: #ff0000;\"><em>Baster\u00e0 sbarrare le finestre?\u00a0I fumi sono visibili da Pulsano!!&#8221;.<\/em><\/span><\/strong><\/p>\n<p>&nbsp;<\/p>\n<p>Poi, ne fa un altro, e scrive: &#8220;Ci volevano nascondere al resto del mondo; le vie che portavano a noi volevano cancellarle, per non fare sapere. Volevano zittirci e soffocare le nostre bellezze con il bisogno, e dividerci per il lavoro.\u00a0Censurare, deriderci, e soffocare ogni tentativo di ribellione e di bellezza. Era il testimone che si passarono di mano in mano, decretando, ognuno di loro, la nostra fine e la fine del nostro territorio. Taranto, la citt\u00e0 bella, meravigliosa a cui nessun uomo e nessuna donna riesce a stare lontano per troppo tempo, ammaliatrice e disarmata, perch\u00e9 pacifica e sorniona. Stupenda la luce, meraviglioso il porto, confinato ad accogliere veleni; un paradiso in terra, trasformato in inferno.<br \/>\nI tarantini, che superando gli amati confini diventano luce, e ognuno di loro struggentemente la ama, anche se lontano&#8221;, per accompagnare la condivisione di un dipinto, intitolato &#8220;L&#8217;indifferenza&#8221;,\u00a0 un&#8217;opera della gi\u00e0 nota artista torinese <strong><span style=\"color: #0000ff;\">Carmelinda Petraroli<\/span><\/strong>.<\/p>\n<p><img decoding=\"async\" loading=\"lazy\" class=\"alignnone wp-image-179268\" src=\"https:\/\/www.leccecronaca.it\/wordpress\/wp-content\/uploads\/2021\/02\/152888765_3845451542183423_8270635446691710198_n.jpg\" alt=\"\" width=\"500\" height=\"400\" srcset=\"https:\/\/www.leccecronaca.it\/wordpress\/wp-content\/uploads\/2021\/02\/152888765_3845451542183423_8270635446691710198_n.jpg 375w, https:\/\/www.leccecronaca.it\/wordpress\/wp-content\/uploads\/2021\/02\/152888765_3845451542183423_8270635446691710198_n-300x240.jpg 300w\" sizes=\"(max-width: 500px) 100vw, 500px\" \/><\/p>\n<p>&nbsp;<\/p>\n<p>Sempre ieri sera e sempre tramite Facebook, <span style=\"color: #008000;\"><strong>Pascal Pezzuto<\/strong><\/span>, di Lecce, direttore artistico<br \/>\npresso Kh\u00e0risma Cineproduzioni e segretario nazionale\u00a0presso Cisal, sindacato arte cultura spettacolo, ha avuto un sogno: <em><span style=\"color: #008000;\"><strong>&#8220;BOMBARDATA L&#8217;ILVA DI TARANTO: \u00c8 UN FILM CHE SI POTREBBE FARE. TITOLO HEROIC MISSION. AUTORE PASCAL PEZZUTO.<\/strong><\/span><\/em><br \/>\n<em><span style=\"color: #008000;\"><strong>Sul calar della sera, da una portaerei battente bandiera italiana, ancorata a poche miglia da Taranto, decollano due cacciabombardieri. <\/strong><\/span><\/em><\/p>\n<p><em><span style=\"color: #008000;\"><strong>Giunti nel cielo che sovrasta l&#8217;acciaieria Ilva, denominata fabbrica della morte per i tanti decessi causati dai suoi fumi, i piloti ricevono l&#8217;ordine di sganciare non essendoci in loco presenze umane. Il mostro d&#8217;acciaio viene raso al suolo con una precisione chirurgica. <\/strong><\/span><\/em><\/p>\n<p><em><span style=\"color: #008000;\"><strong>L&#8217;indomani, per\u00f2, il comandante della legione aerea \u00e8 arrestato e processato per direttissima, pur non avendo la missione provocato vittime. Intanto, sulle ceneri dell&#8217;Ilva sorgono tantissime attivit\u00e0, tra cui l&#8217;industria cinematografica in memoria del famoso divo internazionale Rodolfo Valentino, nato in provincia di Taranto. <\/strong><\/span><\/em><\/p>\n<p><em><span style=\"color: #008000;\"><strong>Col passar del tempo, i lavoratori impegnati nella rinascita della citt\u00e0 risultano dieci volte in pi\u00f9 rispetto a quelli della defunta fabbrica. Trascorsi due anni dalla riuscita operazione militare, il comandante \u00e8 assolto perch\u00e9 il fatto non costituisce reato, avendo egli agito in legittima difesa dei cittadini. E vissero tutti felici e contenti&#8221;.______<\/strong><\/span><\/em><\/p>\n<p>LA RICERCA nel nostro ultimo articolo sulla questione, del 13 febbraio scorso<\/p>\n<blockquote class=\"wp-embedded-content\" data-secret=\"6k08BhaBTO\"><p><a href=\"https:\/\/www.leccecronaca.it\/index.php\/2021\/02\/13\/il-mostro-continua-ad-avvelenare-e-ad-uccidere-adesso-i-giudici-del-tar-di-lecce-hanno-messo-nero-su-bianco-che-va-chiuso-almeno-nellimpianto-a-caldo-alla-multinazionale-rimane-su-questo-fronte-a\/\">IL MOSTRO CONTINUA AD AVVELENARE E AD UCCIDERE, ADESSO PERO&#8217; I GIUDICI DEL TAR DI LECCE HANNO MESSO NERO SU BIANCO CHE VA CHIUSO. ALLA MULTINAZIONALE RIMANE SU QUESTO FRONTE AMMINISTRATIVO SOLO IL RICORSO AL CONSIGLIO DI STATO. FORSE L&#8217;ULTIMO DESIDERIO DI FEDERICO STA PER REALIZZARSI<\/a><\/p><\/blockquote>\n<p><iframe class=\"wp-embedded-content\" sandbox=\"allow-scripts\" security=\"restricted\" style=\"position: absolute; clip: rect(1px, 1px, 1px, 1px);\" src=\"https:\/\/www.leccecronaca.it\/index.php\/2021\/02\/13\/il-mostro-continua-ad-avvelenare-e-ad-uccidere-adesso-i-giudici-del-tar-di-lecce-hanno-messo-nero-su-bianco-che-va-chiuso-almeno-nellimpianto-a-caldo-alla-multinazionale-rimane-su-questo-fronte-a\/embed\/#?secret=6k08BhaBTO\" data-secret=\"6k08BhaBTO\" width=\"500\" height=\"282\" title=\"&#8220;IL MOSTRO CONTINUA AD AVVELENARE E AD UCCIDERE, ADESSO PERO&#8217; I GIUDICI DEL TAR DI LECCE HANNO MESSO NERO SU BIANCO CHE VA CHIUSO. ALLA MULTINAZIONALE RIMANE SU QUESTO FRONTE AMMINISTRATIVO SOLO IL RICORSO AL CONSIGLIO DI STATO. FORSE L&#8217;ULTIMO DESIDERIO DI FEDERICO STA PER REALIZZARSI&#8221; &#8212; LecceCronaca.it\" frameborder=\"0\" marginwidth=\"0\" marginheight=\"0\" scrolling=\"no\"><\/iframe><\/p>\n<p>&nbsp;<\/p>\n<fb:like href='https:\/\/www.leccecronaca.it\/index.php\/2021\/02\/21\/il-mostro-continua-ad-avvelena-e-ad-uccidere\/' send='true' layout='button_count' show_faces='true' width='450' height='65' action='recommend' colorscheme='light' font='lucida grande'><\/fb:like><span class=\"fb_share\"><fb:like href=\"https:\/\/www.leccecronaca.it\/index.php\/2021\/02\/21\/il-mostro-continua-ad-avvelena-e-ad-uccidere\/\" layout=\"button_count\"><\/fb:like><\/span>","protected":false},"excerpt":{"rendered":"<p>(g.p.)______Tar di Lecce, Consiglio di Stato a Roma; Corte d&#8217;Assise a Taranto; Corte Europea dei Diritti dell&#8217;Uomo a\u00a0 Strasburgo: ancora niente di risolutivo. Sempre a Roma ieri i nuovi ministri del &#8220;governo dei migliori&#8221; Giancarlo Giorgetti e Andrea Orlando con i sindacati confederali mediano gli interessi dei padroni, nella fattispecie la multinazionale indiana. Intanto&#8230; Intanto [&hellip;]<\/p>\n","protected":false},"author":4,"featured_media":179269,"comment_status":"open","ping_status":"closed","sticky":false,"template":"","format":"standard","meta":[],"categories":[69,31,76],"tags":[],"_links":{"self":[{"href":"https:\/\/www.leccecronaca.it\/index.php\/wp-json\/wp\/v2\/posts\/179267"}],"collection":[{"href":"https:\/\/www.leccecronaca.it\/index.php\/wp-json\/wp\/v2\/posts"}],"about":[{"href":"https:\/\/www.leccecronaca.it\/index.php\/wp-json\/wp\/v2\/types\/post"}],"author":[{"embeddable":true,"href":"https:\/\/www.leccecronaca.it\/index.php\/wp-json\/wp\/v2\/users\/4"}],"replies":[{"embeddable":true,"href":"https:\/\/www.leccecronaca.it\/index.php\/wp-json\/wp\/v2\/comments?post=179267"}],"version-history":[{"count":2,"href":"https:\/\/www.leccecronaca.it\/index.php\/wp-json\/wp\/v2\/posts\/179267\/revisions"}],"predecessor-version":[{"id":179271,"href":"https:\/\/www.leccecronaca.it\/index.php\/wp-json\/wp\/v2\/posts\/179267\/revisions\/179271"}],"wp:featuredmedia":[{"embeddable":true,"href":"https:\/\/www.leccecronaca.it\/index.php\/wp-json\/wp\/v2\/media\/179269"}],"wp:attachment":[{"href":"https:\/\/www.leccecronaca.it\/index.php\/wp-json\/wp\/v2\/media?parent=179267"}],"wp:term":[{"taxonomy":"category","embeddable":true,"href":"https:\/\/www.leccecronaca.it\/index.php\/wp-json\/wp\/v2\/categories?post=179267"},{"taxonomy":"post_tag","embeddable":true,"href":"https:\/\/www.leccecronaca.it\/index.php\/wp-json\/wp\/v2\/tags?post=179267"}],"curies":[{"name":"wp","href":"https:\/\/api.w.org\/{rel}","templated":true}]}}