{"id":179275,"date":"2021-02-21T13:53:30","date_gmt":"2021-02-21T12:53:30","guid":{"rendered":"http:\/\/www.leccecronaca.it\/?p=179275"},"modified":"2021-02-21T14:52:23","modified_gmt":"2021-02-21T13:52:23","slug":"tragico-incidente-stradale-un-morto-un-ferito","status":"publish","type":"post","link":"https:\/\/www.leccecronaca.it\/index.php\/2021\/02\/21\/tragico-incidente-stradale-un-morto-un-ferito\/","title":{"rendered":"TRAGICO INCIDENTE STRADALE, UN MORTO, UN FERITO"},"content":{"rendered":"<p><img decoding=\"async\" loading=\"lazy\" class=\"alignnone size-full wp-image-179276\" src=\"https:\/\/www.leccecronaca.it\/wordpress\/wp-content\/uploads\/2021\/02\/dea1.jpg\" alt=\"\" width=\"730\" height=\"412\" srcset=\"https:\/\/www.leccecronaca.it\/wordpress\/wp-content\/uploads\/2021\/02\/dea1.jpg 730w, https:\/\/www.leccecronaca.it\/wordpress\/wp-content\/uploads\/2021\/02\/dea1-300x169.jpg 300w\" sizes=\"(max-width: 730px) 100vw, 730px\" \/>(e.l.)______Tragico incidente stradale intorno a mezzogiorno, nei pressi di Copertino, sulla strada provinciale che porta a Carmiano. Un morto e un ferito grave.<\/p>\n<p>Per causa ancora da accertare, si sono scontrate una Renault Twingo e una Chevrolet Matiz, l&#8217;impatto \u00e8 stato violento. Quando sono arrivati i sanitari del 118, per la conducente della Renault, una anziana di 70 anni di Salice Salentino, non c&#8217;\u00e8 stato niente da fare, \u00e8 morta sul colpo. La conducente della Chevrolet, una giovane di 32 anni di Martano, \u00e8 stata soccorsa e trasportata\u00a0 d&#8217;urgenza al Pronto Soccorso dell&#8217;ospedale Vito Fazzi di Lecce (nella foto).<\/p>\n<p>Sul posto, i Carabinieri, che hanno avviato le indagini per stabilire l&#8217;esatta dinamica di quanto successo ed accertarne eventuali responsabilit\u00e0.<\/p>\n<p>&nbsp;<\/p>\n<fb:like href='https:\/\/www.leccecronaca.it\/index.php\/2021\/02\/21\/tragico-incidente-stradale-un-morto-un-ferito\/' send='true' layout='button_count' show_faces='true' width='450' height='65' action='recommend' colorscheme='light' font='lucida grande'><\/fb:like><span class=\"fb_share\"><fb:like href=\"https:\/\/www.leccecronaca.it\/index.php\/2021\/02\/21\/tragico-incidente-stradale-un-morto-un-ferito\/\" layout=\"button_count\"><\/fb:like><\/span>","protected":false},"excerpt":{"rendered":"<p>(e.l.)______Tragico incidente stradale intorno a mezzogiorno, nei pressi di Copertino, sulla strada provinciale che porta a Carmiano. Un morto e un ferito grave. Per causa ancora da accertare, si sono scontrate una Renault Twingo e una Chevrolet Matiz, l&#8217;impatto \u00e8 stato violento. Quando sono arrivati i sanitari del 118, per la conducente della Renault, una [&hellip;]<\/p>\n","protected":false},"author":4,"featured_media":179276,"comment_status":"open","ping_status":"closed","sticky":false,"template":"","format":"standard","meta":[],"categories":[69],"tags":[],"_links":{"self":[{"href":"https:\/\/www.leccecronaca.it\/index.php\/wp-json\/wp\/v2\/posts\/179275"}],"collection":[{"href":"https:\/\/www.leccecronaca.it\/index.php\/wp-json\/wp\/v2\/posts"}],"about":[{"href":"https:\/\/www.leccecronaca.it\/index.php\/wp-json\/wp\/v2\/types\/post"}],"author":[{"embeddable":true,"href":"https:\/\/www.leccecronaca.it\/index.php\/wp-json\/wp\/v2\/users\/4"}],"replies":[{"embeddable":true,"href":"https:\/\/www.leccecronaca.it\/index.php\/wp-json\/wp\/v2\/comments?post=179275"}],"version-history":[{"count":2,"href":"https:\/\/www.leccecronaca.it\/index.php\/wp-json\/wp\/v2\/posts\/179275\/revisions"}],"predecessor-version":[{"id":179285,"href":"https:\/\/www.leccecronaca.it\/index.php\/wp-json\/wp\/v2\/posts\/179275\/revisions\/179285"}],"wp:featuredmedia":[{"embeddable":true,"href":"https:\/\/www.leccecronaca.it\/index.php\/wp-json\/wp\/v2\/media\/179276"}],"wp:attachment":[{"href":"https:\/\/www.leccecronaca.it\/index.php\/wp-json\/wp\/v2\/media?parent=179275"}],"wp:term":[{"taxonomy":"category","embeddable":true,"href":"https:\/\/www.leccecronaca.it\/index.php\/wp-json\/wp\/v2\/categories?post=179275"},{"taxonomy":"post_tag","embeddable":true,"href":"https:\/\/www.leccecronaca.it\/index.php\/wp-json\/wp\/v2\/tags?post=179275"}],"curies":[{"name":"wp","href":"https:\/\/api.w.org\/{rel}","templated":true}]}}