{"id":179518,"date":"2021-02-26T18:04:48","date_gmt":"2021-02-26T17:04:48","guid":{"rendered":"http:\/\/www.leccecronaca.it\/?p=179518"},"modified":"2021-02-26T18:50:07","modified_gmt":"2021-02-26T17:50:07","slug":"lecce-riqualificazione-delle-piazze-arrivano-i-finanziamenti","status":"publish","type":"post","link":"https:\/\/www.leccecronaca.it\/index.php\/2021\/02\/26\/lecce-riqualificazione-delle-piazze-arrivano-i-finanziamenti\/","title":{"rendered":"RIQUALIFICAZIONE DELLE PIAZZE A LECCE CITTA&#8217;, ARRIVANO I FINANZIAMENTI DALLA REGIONE PUGLIA"},"content":{"rendered":"<div dir=\"auto\"><img decoding=\"async\" loading=\"lazy\" class=\"alignnone size-full wp-image-179519\" src=\"https:\/\/www.leccecronaca.it\/wordpress\/wp-content\/uploads\/2021\/02\/rotundo-pd-comune-di-lecce.jpg\" alt=\"\" width=\"1500\" height=\"1355\" srcset=\"https:\/\/www.leccecronaca.it\/wordpress\/wp-content\/uploads\/2021\/02\/rotundo-pd-comune-di-lecce.jpg 1500w, https:\/\/www.leccecronaca.it\/wordpress\/wp-content\/uploads\/2021\/02\/rotundo-pd-comune-di-lecce-300x271.jpg 300w, https:\/\/www.leccecronaca.it\/wordpress\/wp-content\/uploads\/2021\/02\/rotundo-pd-comune-di-lecce-1024x925.jpg 1024w, https:\/\/www.leccecronaca.it\/wordpress\/wp-content\/uploads\/2021\/02\/rotundo-pd-comune-di-lecce-768x694.jpg 768w\" sizes=\"(max-width: 1500px) 100vw, 1500px\" \/>Il capogruppo del PD al Comune di Lecce, l&#8217;on. Antonio Rotundo ci invia il seguente comunicato, che volentieri pubblichiamo._______<\/div>\n<div dir=\"auto\"><\/div>\n<div dir=\"auto\">Grazie allo scorrimento della graduatoria dei progetti finanziati dalla Regione Puglia tramite l\u2019avviso pubblico per la \u201cSelezione di interventi strategici per la fruizione di aree, infrastrutture e servizi di accoglienza nel settore turistico\u201d, \u00e8 stato finanziato con 1.500.000,00 euro (a cui si aggiunge il cofinanziamento comunale di 192.000,00 euro) il progetto del Comune di Lecce \u201cRiqualificazione ambientale, valorizzazione e fruizione delle aree contermini del Castello Carlo V\u201d.<\/div>\n<div dir=\"auto\"><\/div>\n<div dir=\"auto\">Il progetto si sviluppa su un\u2019area di 12mila metri quadri che si estende da Piazzetta De Santis a piazzetta De Cristoforis (l\u2019area prospiciente al Teatro Apollo), fino a Piazza Libertini, in un percorso \u201cnarrativo\u201d che trasformer\u00e0 i luoghi riqualificando spazi oggi poco valorizzati che oggi connettono la citt\u00e0 antica con il centro commerciale della citt\u00e0.<\/div>\n<div dir=\"auto\"><\/div>\n<div dir=\"auto\">Per favorire il rilancio della funzione di spazi sociali di questi luoghi, il progetto prevede in tutto l\u2019installazione di nuove sedute per un totale di 500 posti a sedere, la messa a dimora di 30 alberi di melograno, l\u2019installazione di percorsi urbani di arte contemporanea con 10 blocchi espositivi, la realizzazione di percorsi narrativi storici dedicati ai personaggi storici della citt\u00e0, con epigrafi pavimentali, dei box espositivi e illuminazione artificiale con effetto chiaroscurale.<\/div>\n<div dir=\"auto\"><\/div>\n<div dir=\"auto\">Piazzetta De Santis, dove oggi affaccia l\u2019istituto superiore Costa, sar\u00e0 riqualificata con l\u2019intento di superare l\u2019attuale condizione di marginalit\u00e0 per restituirle l\u2019antica funzione di piazza, affacciata su via Trinchese, con la ricostruzione della visuale prospettica verso il Teatro Apollo ottenuta anche con l\u2019eliminazione dell\u2019alta cancellata dell\u2019istituto Costa, che sar\u00e0 sostituita da una gradinata. In piazzetta De Santis saranno installati elementi di pietra modulari, con la funzione di sedute, incastonati nella pavimentazione in battuto di cemento, per favorire la socialit\u00e0.<\/div>\n<div dir=\"auto\"><\/div>\n<div dir=\"auto\">Nuove sedute, intervallate da melograni, saranno installate anche in Piazzetta De Cristoforis, dove il basolato sostituir\u00e0 l\u2019asfalto fino alle mura del Castello, e in Piazza Libertini, su un\u2019area di circa 11mila metri quadri. Su quest\u2019ultimo spazio sar\u00e0 realizzato il box espositivo con possibile funzione di urban center, un info point turistico e saranno recuperati i bagni pubblici sotterranei oggi non agibili. Lo spazio sar\u00e0 attrezzato con un sistema crepuscolare di illuminazione, che aumenta e diminuisce la propria intensit\u00e0 in relazione al variare della luce naturale e delle presenze fisiche. Attorno al Castello, lungo perimetro delle mura del castello da Piazzetta De Cristoforis a Piazza Libertini, fino al Bastione, l\u2019area dell\u2019antico fossato sar\u00e0 segnalata da una pavimentazione in battuto naturale.<\/div>\n<fb:like href='https:\/\/www.leccecronaca.it\/index.php\/2021\/02\/26\/lecce-riqualificazione-delle-piazze-arrivano-i-finanziamenti\/' send='true' layout='button_count' show_faces='true' width='450' height='65' action='recommend' colorscheme='light' font='lucida grande'><\/fb:like><span class=\"fb_share\"><fb:like href=\"https:\/\/www.leccecronaca.it\/index.php\/2021\/02\/26\/lecce-riqualificazione-delle-piazze-arrivano-i-finanziamenti\/\" layout=\"button_count\"><\/fb:like><\/span>","protected":false},"excerpt":{"rendered":"<p>Il capogruppo del PD al Comune di Lecce, l&#8217;on. Antonio Rotundo ci invia il seguente comunicato, che volentieri pubblichiamo._______ Grazie allo scorrimento della graduatoria dei progetti finanziati dalla Regione Puglia tramite l\u2019avviso pubblico per la \u201cSelezione di interventi strategici per la fruizione di aree, infrastrutture e servizi di accoglienza nel settore turistico\u201d, \u00e8 stato finanziato [&hellip;]<\/p>\n","protected":false},"author":4,"featured_media":0,"comment_status":"open","ping_status":"closed","sticky":false,"template":"","format":"standard","meta":[],"categories":[76,36],"tags":[],"_links":{"self":[{"href":"https:\/\/www.leccecronaca.it\/index.php\/wp-json\/wp\/v2\/posts\/179518"}],"collection":[{"href":"https:\/\/www.leccecronaca.it\/index.php\/wp-json\/wp\/v2\/posts"}],"about":[{"href":"https:\/\/www.leccecronaca.it\/index.php\/wp-json\/wp\/v2\/types\/post"}],"author":[{"embeddable":true,"href":"https:\/\/www.leccecronaca.it\/index.php\/wp-json\/wp\/v2\/users\/4"}],"replies":[{"embeddable":true,"href":"https:\/\/www.leccecronaca.it\/index.php\/wp-json\/wp\/v2\/comments?post=179518"}],"version-history":[{"count":5,"href":"https:\/\/www.leccecronaca.it\/index.php\/wp-json\/wp\/v2\/posts\/179518\/revisions"}],"predecessor-version":[{"id":179527,"href":"https:\/\/www.leccecronaca.it\/index.php\/wp-json\/wp\/v2\/posts\/179518\/revisions\/179527"}],"wp:attachment":[{"href":"https:\/\/www.leccecronaca.it\/index.php\/wp-json\/wp\/v2\/media?parent=179518"}],"wp:term":[{"taxonomy":"category","embeddable":true,"href":"https:\/\/www.leccecronaca.it\/index.php\/wp-json\/wp\/v2\/categories?post=179518"},{"taxonomy":"post_tag","embeddable":true,"href":"https:\/\/www.leccecronaca.it\/index.php\/wp-json\/wp\/v2\/tags?post=179518"}],"curies":[{"name":"wp","href":"https:\/\/api.w.org\/{rel}","templated":true}]}}