{"id":179696,"date":"2021-03-02T19:40:29","date_gmt":"2021-03-02T18:40:29","guid":{"rendered":"http:\/\/www.leccecronaca.it\/?p=179696"},"modified":"2021-03-02T19:46:01","modified_gmt":"2021-03-02T18:46:01","slug":"ed-ecco-un-nuovo-dpcm-il-primo-firmato-draghi-con-le-restrizioni-adottate-da-venerdi-prossimo-fino-a-pasquetta","status":"publish","type":"post","link":"https:\/\/www.leccecronaca.it\/index.php\/2021\/03\/02\/ed-ecco-un-nuovo-dpcm-il-primo-firmato-draghi-con-le-restrizioni-adottate-da-venerdi-prossimo-fino-a-pasquetta\/","title":{"rendered":"DOPO GIORNI DI CONCERTAZIONE, ECCO UN NUOVO DPCM, IL PRIMO FIRMATO DRAGHI, CON LE RESTRIZIONI ADOTTATE DA VENERDI&#8217; PROSSIMO, FINO A PASQUETTA"},"content":{"rendered":"<p><img decoding=\"async\" loading=\"lazy\" class=\"alignnone size-full wp-image-179697\" src=\"https:\/\/www.leccecronaca.it\/wordpress\/wp-content\/uploads\/2021\/03\/chigi_17_650_453.jpg\" alt=\"\" width=\"860\" height=\"600\" srcset=\"https:\/\/www.leccecronaca.it\/wordpress\/wp-content\/uploads\/2021\/03\/chigi_17_650_453.jpg 860w, https:\/\/www.leccecronaca.it\/wordpress\/wp-content\/uploads\/2021\/03\/chigi_17_650_453-300x209.jpg 300w, https:\/\/www.leccecronaca.it\/wordpress\/wp-content\/uploads\/2021\/03\/chigi_17_650_453-768x536.jpg 768w\" sizes=\"(max-width: 860px) 100vw, 860px\" \/>(Rdl)______<\/p>\n<p>Il Presidente Mario Draghi ha firmato oggi il nuovo decreto del Presidente del Consiglio dei ministri (DPCM) che detta le misure di contrasto alla pandemia e di prevenzione del contagio da COVID-19.<\/p>\n<p>Ecco il testo del comunicato stampa diffuso questa sera da Palazzo Chigi.______<\/p>\n<p>Il DPCM sar\u00e0 in vigore dal 6 marzo al 6 aprile 2021 e conferma, fino al 27 marzo, il divieto gi\u00e0 in vigore di spostarsi tra regioni o province autonome diverse, con l\u2019eccezione degli spostamenti dovuti a motivi di lavoro, salute o necessit\u00e0.<\/p>\n<p>Di seguito una sintesi delle principali novit\u00e0 e delle misure confermate.<\/p>\n<p><strong>ZONE BIANCHE<\/strong><\/p>\n<p>Nelle zone bianche, si prevede la cessazione delle misure restrittive previste per la zona gialla, pur continuando ad applicarsi le misure anti-contagio generali (come, per esempio, l\u2019obbligo di indossare la mascherina e quello di mantenere le distanze interpersonali) e i protocolli di settore.<br \/>\nRestano sospesi gli eventi che comportano assembramenti (fiere, congressi, discoteche e pubblico negli stadi).<br \/>\nSi istituisce un \u201ctavolo permanente\u201d presso il Ministero della salute, con i rappresentanti delle regioni interessate, del Comitato tecnico-scientifico e dell\u2019Istituto superiore di sanit\u00e0, per monitorare gli effetti dell\u2019allentamento delle misure e verificare la necessit\u00e0 di adottarne eventualmente ulteriori.<\/p>\n<p><strong>SCUOLA<\/strong><\/p>\n<p><strong>Zone rosse<\/strong>\u00a0\u2013 Dal 6 marzo, si prevede nelle zone rosse la sospensione dell\u2019attivit\u00e0 in presenza delle scuole di ogni ordine e grado, comprese le scuole dell\u2019infanzia ed elementari. Resta garantita la possibilit\u00e0 di svolgere attivit\u00e0 in presenza per gli alunni con disabilit\u00e0 e con bisogni educativi speciali.<\/p>\n<p><strong>Zone arancioni e gialle<\/strong>\u00a0\u2013 I Presidenti delle regioni potranno disporre la sospensione dell\u2019attivit\u00e0 scolastica:<\/p>\n<ol>\n<li>nelle aree in cui abbiano adottato misure pi\u00f9 stringenti per via della gravit\u00e0 delle varianti;<\/li>\n<li>nelle zone in cui vi siano pi\u00f9 di 250 contagi ogni 100mila abitanti nell\u2019arco di 7 giorni;<\/li>\n<li>nel caso di una eccezionale situazione di peggioramento del quadro epidemiologico.<\/li>\n<\/ol>\n<p><strong>MUSEI, TEATRI, CINEMA E IMPIANTI SPORTIVI<\/strong><\/p>\n<p>Nelle zone gialle si conferma la possibilit\u00e0 per i musei di aprire nei giorni infrasettimanali, garantendo un afflusso controllato. Dal 27 marzo, sempre nelle zone gialle, \u00e8 prevista l\u2019apertura anche il sabato e nei giorni festivi.<\/p>\n<p>Dal 27 marzo, nelle zone gialle si prevede la possibilit\u00e0 di riaprire teatri e cinema, con posti a sedere preassegnati, nel rispetto delle norme di distanziamento. La capienza non potr\u00e0 superare il 25% di quella massima, fino a 400 spettatori all\u2019aperto e 200 al chiuso per ogni sala.<\/p>\n<p>Restano chiusi palestre, piscine e impianti sciistici.<\/p>\n<p><strong>ATTIVIT\u00c0 COMMERCIALI<\/strong><\/p>\n<p>In tutte le zone \u00e8 stato eliminato il divieto di asporto dopo le ore 18 per gli esercizi di commercio al dettaglio di bevande da non consumarsi sul posto.<\/p>\n<p><strong>SERVIZI ALLA PERSONA<\/strong><\/p>\n<p>Nelle zone rosse, saranno chiusi i servizi alla persona come parrucchieri, barbieri e centri estetici.<\/p>\n<p><strong>SPOSTAMENTI DA E PER L\u2019ESTERO<\/strong><\/p>\n<p>Si amplia il novero dei Paesi interessati della sperimentazione dei voli cosiddetti \u201cCOVID tested\u201d.<\/p>\n<p>A chi \u00e8 stato in Brasile nei 14 giorni precedenti \u00e8 consentito l\u2019ingresso in Italia anche per raggiungere domicilio, abitazione o residenza dei figli minori.<\/p>\n<p><strong>TAVOLO DI CONFRONTO CON LE REGIONI<\/strong><\/p>\n<p>\u00c8 istituito un tavolo di confronto presso il Ministero della salute, con componenti in rappresentanza dell\u2019Istituto superiore di sanit\u00e0, delle regioni e delle province autonome, del Ministro per gli affari regionali e le autonomie e del Comitato tecnico-scientifico, con il compito di procedere all\u2019eventuale revisione o aggiornamento dei parametri per la valutazione del rischio epidemiologico, in considerazione anche delle nuove varianti.<\/p>\n<fb:like href='https:\/\/www.leccecronaca.it\/index.php\/2021\/03\/02\/ed-ecco-un-nuovo-dpcm-il-primo-firmato-draghi-con-le-restrizioni-adottate-da-venerdi-prossimo-fino-a-pasquetta\/' send='true' layout='button_count' show_faces='true' width='450' height='65' action='recommend' colorscheme='light' font='lucida grande'><\/fb:like><span class=\"fb_share\"><fb:like href=\"https:\/\/www.leccecronaca.it\/index.php\/2021\/03\/02\/ed-ecco-un-nuovo-dpcm-il-primo-firmato-draghi-con-le-restrizioni-adottate-da-venerdi-prossimo-fino-a-pasquetta\/\" layout=\"button_count\"><\/fb:like><\/span>","protected":false},"excerpt":{"rendered":"<p>(Rdl)______ Il Presidente Mario Draghi ha firmato oggi il nuovo decreto del Presidente del Consiglio dei ministri (DPCM) che detta le misure di contrasto alla pandemia e di prevenzione del contagio da COVID-19. Ecco il testo del comunicato stampa diffuso questa sera da Palazzo Chigi.______ Il DPCM sar\u00e0 in vigore dal 6 marzo al 6 [&hellip;]<\/p>\n","protected":false},"author":4,"featured_media":179697,"comment_status":"open","ping_status":"closed","sticky":false,"template":"","format":"standard","meta":[],"categories":[69,76],"tags":[],"_links":{"self":[{"href":"https:\/\/www.leccecronaca.it\/index.php\/wp-json\/wp\/v2\/posts\/179696"}],"collection":[{"href":"https:\/\/www.leccecronaca.it\/index.php\/wp-json\/wp\/v2\/posts"}],"about":[{"href":"https:\/\/www.leccecronaca.it\/index.php\/wp-json\/wp\/v2\/types\/post"}],"author":[{"embeddable":true,"href":"https:\/\/www.leccecronaca.it\/index.php\/wp-json\/wp\/v2\/users\/4"}],"replies":[{"embeddable":true,"href":"https:\/\/www.leccecronaca.it\/index.php\/wp-json\/wp\/v2\/comments?post=179696"}],"version-history":[{"count":2,"href":"https:\/\/www.leccecronaca.it\/index.php\/wp-json\/wp\/v2\/posts\/179696\/revisions"}],"predecessor-version":[{"id":179700,"href":"https:\/\/www.leccecronaca.it\/index.php\/wp-json\/wp\/v2\/posts\/179696\/revisions\/179700"}],"wp:featuredmedia":[{"embeddable":true,"href":"https:\/\/www.leccecronaca.it\/index.php\/wp-json\/wp\/v2\/media\/179697"}],"wp:attachment":[{"href":"https:\/\/www.leccecronaca.it\/index.php\/wp-json\/wp\/v2\/media?parent=179696"}],"wp:term":[{"taxonomy":"category","embeddable":true,"href":"https:\/\/www.leccecronaca.it\/index.php\/wp-json\/wp\/v2\/categories?post=179696"},{"taxonomy":"post_tag","embeddable":true,"href":"https:\/\/www.leccecronaca.it\/index.php\/wp-json\/wp\/v2\/tags?post=179696"}],"curies":[{"name":"wp","href":"https:\/\/api.w.org\/{rel}","templated":true}]}}