{"id":180085,"date":"2021-03-10T13:50:46","date_gmt":"2021-03-10T12:50:46","guid":{"rendered":"http:\/\/www.leccecronaca.it\/?p=180085"},"modified":"2021-03-19T13:17:20","modified_gmt":"2021-03-19T12:17:20","slug":"formazione-e-progettualita-futura-il-riconoscimento-dellassessore-regionale-leo-in-visita-al-centro-studi-koine-europe","status":"publish","type":"post","link":"https:\/\/www.leccecronaca.it\/index.php\/2021\/03\/10\/formazione-e-progettualita-futura-il-riconoscimento-dellassessore-regionale-leo-in-visita-al-centro-studi-koine-europe\/","title":{"rendered":"&#8220;Corsi di formazione e aggiornamento altamente spendibili in campo professionale&#8221;"},"content":{"rendered":"<p><img decoding=\"async\" loading=\"lazy\" class=\"alignnone wp-image-180086\" src=\"https:\/\/www.leccecronaca.it\/wordpress\/wp-content\/uploads\/2021\/03\/KOINE-LEO.jpg\" alt=\"\" width=\"382\" height=\"290\" srcset=\"https:\/\/www.leccecronaca.it\/wordpress\/wp-content\/uploads\/2021\/03\/KOINE-LEO.jpg 822w, https:\/\/www.leccecronaca.it\/wordpress\/wp-content\/uploads\/2021\/03\/KOINE-LEO-300x228.jpg 300w, https:\/\/www.leccecronaca.it\/wordpress\/wp-content\/uploads\/2021\/03\/KOINE-LEO-768x583.jpg 768w\" sizes=\"(max-width: 382px) 100vw, 382px\" \/><\/p>\n<p><strong>IL RICONOSCIMENTO DELL\u2019ASSESSORE REGIONALE SEBASTIANO LEO IN VISITA AL CENTRO STUDI KOINE&#8217; EUROPE. LA SFIDA DELLA PRESIDENTE NICOLETA APOPEI PER OFFRIRE &#8220;progetti formativi di alto livello, utilizzabili nel mondo del lavoro globalizzato&#8221; <\/strong><\/p>\n<p>di\u00a0<strong>Carmen Leo<\/strong>______\u00a0<span style=\"color: #ff0000;\"><strong><em>\u201cQuando sono invitato a partecipare alle inaugurazioni, o eventi promossi dagli enti di formazione del territorio pugliese, lo faccio sempre molto volentieri, perch\u00e9 rivolgo un notevole interesse alla conoscenza diretta di queste associazioni, al fine di comprendere cosa esse propongano in termini di progettualit\u00e0 educativa e didattica. <\/em><\/strong><\/span><\/p>\n<p><span style=\"color: #ff0000;\"><strong><em>Posso affermare con grande soddisfazione che la formazione professionale in Puglia ha raggiunto livelli di competenza e attivit\u00e0 veramente importanti. <\/em><\/strong><\/span><\/p>\n<p><span style=\"color: #ff0000;\"><strong><em>Il mio obiettivo principale, per il ruolo istituzionale che mi compete, \u00e8 quello di offrire alla popolazione pugliese che si approccia al mondo dell\u2019istruzione, a qualunque livello, un\u2019ampia e variegata offerta formativa. <\/em><\/strong><\/span><\/p>\n<p><span style=\"color: #ff0000;\"><strong><em>Questo perch\u00e9 la formazione si sta connettendo sempre pi\u00f9 con il mondo del lavoro, per offrire figure professionali competenti, aggiornate e competitive. <\/em><\/strong><\/span><\/p>\n<p><span style=\"color: #ff0000;\"><strong><em>Il Centro Studi Koin\u00e8 Europe, come del resto molti altri enti sparsi lungo tutto il territorio regionale, rivolge la propria attenzione alle esigenze reali che il mondo del lavoro richiede, in una societ\u00e0 complessa ed in continua evoluzione, proponendo corsi di formazione e aggiornamento post universitari altamente spendibili in campo professionale. <\/em><\/strong><\/span><\/p>\n<p><span style=\"color: #ff0000;\"><strong><em>Gli ambienti fisici sono attrezzati opportunamente ad ospitare le moderne tecnologie che fanno da supporto alle attivit\u00e0 didattiche. Koin\u00e8 pu\u00f2 essere certamente annoverato tra gli enti formativi maggiormente all\u2019avanguardia nel suo settore\u201d.<\/em><\/strong><\/span><\/p>\n<p>Cos\u00ec <span style=\"color: #ff0000;\"><strong>Sebastiano Leo<\/strong><\/span> (a destra nella foto sopra), 60 anni, di Copertino, al suo secondo mandato in qualit\u00e0 di Assessore all\u2019Istruzione, Formazione e Lavoro per la Regione Puglia, durante la sua visita ufficiale presso il Centro Studi Koin\u00e8 Europe di Melendugno, con sede anche in via Pordenone 4 a Lecce.<\/p>\n<p><span style=\"color: #003300;\"><strong><em>\u201cIl Centro Studi Koin\u00e8 Europe si propone di incentivare il campo dell\u2019alta formazione post-universitaria affrontando nuove sfide e nuovi progetti, soprattutto in un contesto formativo che mai come ora sta subendo cambiamenti radicali sia nella forma che nella sostanza. Ed \u00e8 per questo che lo scorso 5 marzo abbiamo avuto il piacere e l\u2019onore di ricevere l\u2019attuale Assessore Regionale all\u2019Istruzione, Formazione e Lavoro, Sebastiano Leo, il quale si dimostra sempre presente al fianco di chi si muove in questo ambito, per innovare e garantire una crescita formativa adeguata alle pressanti richieste professionali del terzo millennio. <\/em><\/strong><\/span><\/p>\n<p><span style=\"color: #003300;\"><strong><em>Leo ha ben accolto ed apprezzato il lavoro di chi spende energie e competenze per spalancare gli orizzonti culturali dei nostri corsisti oltre l\u2019Italia e l\u2019Europa stessa\u201d.<\/em><\/strong><\/span><\/p>\n<p>Questo quanto dichiarato da <strong><span style=\"color: #003300;\">Nicoleta Apopei<\/span><\/strong> (a sinistra nella foto sopra), direttrice di Koin\u00e8, la quale continua il suo percorso intrapreso gi\u00e0 alcuni anni or sono nel campo dell\u2019alta formazione per adulti. La sua una squadra che valorizza le competenze professionali di docenza e gestione amministrativa \u201ctutte al femminile\u201d, in quanto \u00e8 composta per la maggior parte da donne.<\/p>\n<p>Nelle due sedi di Lecce e Melendugno, opportunamente attrezzate con le moderne tecnologie per l\u2019informazione e la comunicazione, si svolgono corsi di formazione e aggiornamento professionale tenuti da docenti di alto livello e comprovata esperienza.<\/p>\n<p><img decoding=\"async\" loading=\"lazy\" class=\"alignnone wp-image-180096\" src=\"https:\/\/www.leccecronaca.it\/wordpress\/wp-content\/uploads\/2021\/03\/KOINE.jpg\" alt=\"\" width=\"324\" height=\"243\" srcset=\"https:\/\/www.leccecronaca.it\/wordpress\/wp-content\/uploads\/2021\/03\/KOINE.jpg 960w, https:\/\/www.leccecronaca.it\/wordpress\/wp-content\/uploads\/2021\/03\/KOINE-300x225.jpg 300w, https:\/\/www.leccecronaca.it\/wordpress\/wp-content\/uploads\/2021\/03\/KOINE-768x576.jpg 768w, https:\/\/www.leccecronaca.it\/wordpress\/wp-content\/uploads\/2021\/03\/KOINE-400x300.jpg 400w\" sizes=\"(max-width: 324px) 100vw, 324px\" \/><\/p>\n<p><span style=\"color: #003300;\"><strong><em>\u201cCon grande orgoglio e soddisfazione apprezziamo il valore che l\u2019Assessore Leo conferisce, sin dall\u2019inizio della sua esperienza istituzionale, agli Enti di Formazione presenti sul territorio regionale, riconoscendone la competenza, la professionalit\u00e0, la seriet\u00e0 ed il grande sforzo per migliorarsi costantemente. <\/em><\/strong><\/span><\/p>\n<p><span style=\"color: #003300;\"><strong><em>Egli \u00e8 sempre presente ed attento a quelle che sono le proposte che vengono da coloro che hanno puntato su progetti formativi di alto livello, spendibili nel mondo del lavoro globalizzato e globalizzante, ne riconosce l\u2019impegno ed \u00e8 per questo che \u00e8 sempre vicino a chiunque ne richieda il suo autorevole parere, dimostrandosi sempre disponibile ad incoraggiare ad andare sempre oltre i confini canonici delle proposte formative\u201d.<\/em><\/strong><\/span><\/p>\n<p>Cos\u00ec Nicoleta conclude l\u2019intervista concessa a leccecronaca.it, in cui ci ha trasmesso la sua immensa passione per la sua professione, la stessa che la spinge ogni giorno ad impiegare, con indole stakanovista, tempo e risorse per garantire la costante crescita professionale di Koin\u00e8, offrendo a chi si approccia all\u2019ente \u00a0la migliore offerta formativa, articolata e curata nei minimi dettagli, e tale da soddisfare le esigenze di quanti desiderino ottenere un percorso di studi con titoli immediatamente spendibili, in termini di prestigio e competenza, nel sempre pi\u00f9 esigente mercato odierno dell\u2019occupazione e del lavoro.<\/p>\n<p><img decoding=\"async\" loading=\"lazy\" class=\"alignnone wp-image-180097\" src=\"https:\/\/www.leccecronaca.it\/wordpress\/wp-content\/uploads\/2021\/03\/KOINE-2.jpg\" alt=\"\" width=\"398\" height=\"299\" srcset=\"https:\/\/www.leccecronaca.it\/wordpress\/wp-content\/uploads\/2021\/03\/KOINE-2.jpg 960w, https:\/\/www.leccecronaca.it\/wordpress\/wp-content\/uploads\/2021\/03\/KOINE-2-300x225.jpg 300w, https:\/\/www.leccecronaca.it\/wordpress\/wp-content\/uploads\/2021\/03\/KOINE-2-768x576.jpg 768w, https:\/\/www.leccecronaca.it\/wordpress\/wp-content\/uploads\/2021\/03\/KOINE-2-400x300.jpg 400w\" sizes=\"(max-width: 398px) 100vw, 398px\" \/><\/p>\n<p>&nbsp;<\/p>\n<p>&nbsp;<\/p>\n<p>&nbsp;<\/p>\n<fb:like href='https:\/\/www.leccecronaca.it\/index.php\/2021\/03\/10\/formazione-e-progettualita-futura-il-riconoscimento-dellassessore-regionale-leo-in-visita-al-centro-studi-koine-europe\/' send='true' layout='button_count' show_faces='true' width='450' height='65' action='recommend' colorscheme='light' font='lucida grande'><\/fb:like><span class=\"fb_share\"><fb:like href=\"https:\/\/www.leccecronaca.it\/index.php\/2021\/03\/10\/formazione-e-progettualita-futura-il-riconoscimento-dellassessore-regionale-leo-in-visita-al-centro-studi-koine-europe\/\" layout=\"button_count\"><\/fb:like><\/span>","protected":false},"excerpt":{"rendered":"<p>IL RICONOSCIMENTO DELL\u2019ASSESSORE REGIONALE SEBASTIANO LEO IN VISITA AL CENTRO STUDI KOINE&#8217; EUROPE. LA SFIDA DELLA PRESIDENTE NICOLETA APOPEI PER OFFRIRE &#8220;progetti formativi di alto livello, utilizzabili nel mondo del lavoro globalizzato&#8221; di\u00a0Carmen Leo______\u00a0\u201cQuando sono invitato a partecipare alle inaugurazioni, o eventi promossi dagli enti di formazione del territorio pugliese, lo faccio sempre molto volentieri, [&hellip;]<\/p>\n","protected":false},"author":4,"featured_media":0,"comment_status":"open","ping_status":"closed","sticky":false,"template":"","format":"standard","meta":[],"categories":[31,75],"tags":[],"_links":{"self":[{"href":"https:\/\/www.leccecronaca.it\/index.php\/wp-json\/wp\/v2\/posts\/180085"}],"collection":[{"href":"https:\/\/www.leccecronaca.it\/index.php\/wp-json\/wp\/v2\/posts"}],"about":[{"href":"https:\/\/www.leccecronaca.it\/index.php\/wp-json\/wp\/v2\/types\/post"}],"author":[{"embeddable":true,"href":"https:\/\/www.leccecronaca.it\/index.php\/wp-json\/wp\/v2\/users\/4"}],"replies":[{"embeddable":true,"href":"https:\/\/www.leccecronaca.it\/index.php\/wp-json\/wp\/v2\/comments?post=180085"}],"version-history":[{"count":6,"href":"https:\/\/www.leccecronaca.it\/index.php\/wp-json\/wp\/v2\/posts\/180085\/revisions"}],"predecessor-version":[{"id":180186,"href":"https:\/\/www.leccecronaca.it\/index.php\/wp-json\/wp\/v2\/posts\/180085\/revisions\/180186"}],"wp:attachment":[{"href":"https:\/\/www.leccecronaca.it\/index.php\/wp-json\/wp\/v2\/media?parent=180085"}],"wp:term":[{"taxonomy":"category","embeddable":true,"href":"https:\/\/www.leccecronaca.it\/index.php\/wp-json\/wp\/v2\/categories?post=180085"},{"taxonomy":"post_tag","embeddable":true,"href":"https:\/\/www.leccecronaca.it\/index.php\/wp-json\/wp\/v2\/tags?post=180085"}],"curies":[{"name":"wp","href":"https:\/\/api.w.org\/{rel}","templated":true}]}}