{"id":180286,"date":"2021-03-14T09:53:36","date_gmt":"2021-03-14T08:53:36","guid":{"rendered":"http:\/\/www.leccecronaca.it\/?p=180286"},"modified":"2021-03-14T11:04:21","modified_gmt":"2021-03-14T10:04:21","slug":"casa-lecce-i-commenti-post-partita","status":"publish","type":"post","link":"https:\/\/www.leccecronaca.it\/index.php\/2021\/03\/14\/casa-lecce-i-commenti-post-partita\/","title":{"rendered":"CASA LECCE \/ I COMMENTI POST PARTITA"},"content":{"rendered":"<p>di <strong>Mattia Ala_______<\/strong><\/p>\n<p><img decoding=\"async\" loading=\"lazy\" class=\"alignnone size-full wp-image-176344\" src=\"https:\/\/www.leccecronaca.it\/wordpress\/wp-content\/uploads\/2020\/12\/SALA-STAMPA-LECCE.jpg\" alt=\"\" width=\"640\" height=\"519\" srcset=\"https:\/\/www.leccecronaca.it\/wordpress\/wp-content\/uploads\/2020\/12\/SALA-STAMPA-LECCE.jpg 640w, https:\/\/www.leccecronaca.it\/wordpress\/wp-content\/uploads\/2020\/12\/SALA-STAMPA-LECCE-300x243.jpg 300w\" sizes=\"(max-width: 640px) 100vw, 640px\" \/>Vediamo ora insieme i commenti dei protagonisti di <strong>Lecce-Chievo<\/strong>, terminata, ricordiamo, col risultato di 4-2 a favore dei salentini:<\/p>\n<p><strong><img decoding=\"async\" loading=\"lazy\" class=\"alignnone size-full wp-image-172598\" src=\"https:\/\/www.leccecronaca.it\/wordpress\/wp-content\/uploads\/2020\/09\/5484762_1256_corini_eu.jpg\" alt=\"\" width=\"990\" height=\"743\" srcset=\"https:\/\/www.leccecronaca.it\/wordpress\/wp-content\/uploads\/2020\/09\/5484762_1256_corini_eu.jpg 990w, https:\/\/www.leccecronaca.it\/wordpress\/wp-content\/uploads\/2020\/09\/5484762_1256_corini_eu-300x225.jpg 300w, https:\/\/www.leccecronaca.it\/wordpress\/wp-content\/uploads\/2020\/09\/5484762_1256_corini_eu-768x576.jpg 768w, https:\/\/www.leccecronaca.it\/wordpress\/wp-content\/uploads\/2020\/09\/5484762_1256_corini_eu-400x300.jpg 400w\" sizes=\"(max-width: 990px) 100vw, 990px\" \/>EUGENIO CORINI (ALLENATORE LECCE)<\/strong>: <em>&#8220;La vittoria \u00e8 meritata, abbiamo offerto una prestazione di livello. Il secondo gol del Chievo ci ha un filino spaventato. Il penalty concesso ai clivensi era dubbio, e poi dopo un nostro retropassaggio errato stavamo per favorirli in un&#8217;altra azione. Dobbiamo lavorare su questo, non possiamo rischiare cos\u00ec, soprattutto dopo un vantaggio consistente.\u00a0<\/em><em>Stiamo consolidando dei principi, ora non vogliamo pi\u00f9 fermarci per inseguire il nostro sogno&#8221;.<\/em><\/p>\n<p>&nbsp;<\/p>\n<p><b><img decoding=\"async\" loading=\"lazy\" class=\"alignnone size-full wp-image-178325\" src=\"https:\/\/www.leccecronaca.it\/wordpress\/wp-content\/uploads\/2021\/01\/coda.png\" alt=\"\" width=\"512\" height=\"340\" srcset=\"https:\/\/www.leccecronaca.it\/wordpress\/wp-content\/uploads\/2021\/01\/coda.png 512w, https:\/\/www.leccecronaca.it\/wordpress\/wp-content\/uploads\/2021\/01\/coda-300x199.png 300w\" sizes=\"(max-width: 512px) 100vw, 512px\" \/>MASSIMO CODA (ATTACCANTE LECCE):<\/b><\/p>\n<p><strong>Massimo Coda<\/strong>(nella foto), protagonista ieri con una doppietta, dedica i suoi gol ad una persona speciale: <em>&#8220;Dedico questi gol ad una persona speciale, la mia mamma che \u00e8 qui con me a Lecce da qualche giorno. Sono felice, abbiamo vinto uno scontro diretto in casa e nonostante il periodo in cui abbiamo faticato, siamo rimasti aggrappati alla classifica. L&#8217;unica cosa negativa, il rilassamento del secondo tempo, non deve pi\u00f9 succedere. Ora testa a Venezia&#8221;.<\/em><\/p>\n<p>&nbsp;<\/p>\n<p><strong><img decoding=\"async\" loading=\"lazy\" class=\"alignnone size-full wp-image-174801\" src=\"https:\/\/www.leccecronaca.it\/wordpress\/wp-content\/uploads\/2020\/11\/pettinari.jpg\" alt=\"\" width=\"630\" height=\"906\" srcset=\"https:\/\/www.leccecronaca.it\/wordpress\/wp-content\/uploads\/2020\/11\/pettinari.jpg 630w, https:\/\/www.leccecronaca.it\/wordpress\/wp-content\/uploads\/2020\/11\/pettinari-209x300.jpg 209w\" sizes=\"(max-width: 630px) 100vw, 630px\" \/>STEFANO PETTINARI (ATTACCANTE LECCE)<\/strong><\/p>\n<p>La gara di ieri \u00e8 stata speciale anche per un altro &#8220;pezzo grosso&#8221;\u00a0 della batteria di attaccanti a disposizione di <strong>Eugenio<\/strong> <strong>Corini<\/strong>, <strong>Stefano Pettinari<\/strong>(nella foto), che finalmente, dopo quasi trenta partite, suddivise tra la prima parte della stagione 2018-2019 e quella corrente, timbra per la prima volta il cartellino con la maglia salentina.<\/p>\n<p>Vediamo insieme le sue sensazioni a caldo : <em>&#8220;Sono molto felice, non solo per aver siglato il primo gol col Lecce, ma anche perch\u00e9 in questo periodo molto difficile per me i miei compagni mi hanno aiutato molto, dimostrandolo in questa esultanza. Stiamo dando continuit\u00e0, dobbiamo proseguire su questa strada&#8221;.<\/em><\/p>\n<p>&nbsp;<\/p>\n<p>&nbsp;<\/p>\n<p><strong>CORRADO LIGUORI (VICEPRESIDENTE LECCE).\u00a0<\/strong>Ecco il commento del numero due del club di via Colonnello Costadura direttamente dal suo profilo<strong> FACEBOOK<\/strong>: &#8221;<\/p>\n<div dir=\"auto\"><em>Partita molto bella tra due squadre che amano giocare &#8230;..<\/em><\/div>\n<div dir=\"auto\"><em>Primo tempo SONTUOSO, secondo tempo da gestire meglio !<\/em><\/div>\n<div dir=\"auto\"><em>Da stasera siamo il miglior attacco del campionato con la seconda migliore differenza reti ed il primo scontro diretto archiviato ( a favore ).<\/em><\/div>\n<div dir=\"auto\"><em>Se penso che dalla sconfitta di Ferrara di 14 turni fa ( immeritata ) i nostri tifosi hanno visto perdere il nostro Lecce soltanto una volta e per giunta con un rigore sbagliato, sono davvero molto felice !<\/em><\/div>\n<div dir=\"auto\"><em>E se qualche particolare fosse andato diversamente, chiss\u00e0 &#8230;.<\/em><\/div>\n<div dir=\"auto\"><em>Consapevoli che la cosa pi\u00f9 importante sar\u00e0 mantenere il giusto equilibrio e molto alta la concentrazione, siamo pronti per una settimana di fuoco che inizier\u00e0 con la trasferta di Venezia che a mio avviso sar\u00e0 la partita pi\u00f9 difficile di tutto il campionato non fosse altro perch\u00e9 \u00e8 la prossima ..<\/em><\/div>\n<div dir=\"auto\"><em>Vedere giocare i ragazzi con questa maglia speciale mi ha fatto venire i brividi, nel primo tempo sembrava quasi che non fossero in undici ma che da LASS\u00d9, PI\u00d9 DI QUALCUNO, LI SPINGESSE verso la vittoria ..<\/em><\/div>\n<div dir=\"auto\"><em><span class=\"pq6dq46d tbxw36s4 knj5qynh kvgmc6g5 ditlmg2l oygrvhab nvdbi5me sf5mxxl7 gl3lb2sf hhz5lgdu\"><img decoding=\"async\" loading=\"lazy\" src=\"https:\/\/static.xx.fbcdn.net\/images\/emoji.php\/v9\/t6c\/1\/16\/1f4aa.png\" alt=\"\" width=\"16\" height=\"16\" \/><\/span><span class=\"pq6dq46d tbxw36s4 knj5qynh kvgmc6g5 ditlmg2l oygrvhab nvdbi5me sf5mxxl7 gl3lb2sf hhz5lgdu\"><img decoding=\"async\" loading=\"lazy\" src=\"https:\/\/static.xx.fbcdn.net\/images\/emoji.php\/v9\/t15\/1\/16\/1f49b.png\" alt=\"\" width=\"16\" height=\"16\" \/><\/span><span class=\"pq6dq46d tbxw36s4 knj5qynh kvgmc6g5 ditlmg2l oygrvhab nvdbi5me sf5mxxl7 gl3lb2sf hhz5lgdu\"><img decoding=\"async\" loading=\"lazy\" src=\"https:\/\/static.xx.fbcdn.net\/images\/emoji.php\/v9\/t6c\/1\/16\/2764.png\" alt=\"\u2764\ufe0f\" width=\"16\" height=\"16\" \/><\/span><\/em><\/div>\n<div dir=\"auto\"><\/div>\n<div dir=\"auto\"><\/div>\n<div dir=\"auto\"><\/div>\n<div dir=\"auto\"><strong><img decoding=\"async\" loading=\"lazy\" class=\"alignnone size-full wp-image-180287\" src=\"https:\/\/www.leccecronaca.it\/wordpress\/wp-content\/uploads\/2021\/03\/220px-Alfredo_Aglietti.jpg\" alt=\"\" width=\"220\" height=\"293\" \/>ALFREDO AGLIETTI( ALLENATORE CHIEVO)<\/strong>. Sentiamo ora la voce degli avversari tramite le dichiarazioni del tecnico veronese (nella foto): <em>&#8220;Sono arrabbiato perch\u00e9 la gara \u00e8 stata molto simile a quella col Vicenza. Bisogna metterci la faccia, e il maggiore responsabile sono io. I calciatori devono capire che cosa vogliamo fare da qui sino alla fine perch\u00e9 ci siamo fermati. Non vedo pi\u00f9 la voglia e la spensieratezza di andare in campo, di conseguenza approcciamo male le partite, e perdiamo. Dobbiamo ritrovarci gi\u00e0 da marted\u00ec&#8221;.<\/em><\/div>\n<div dir=\"auto\"><\/div>\n<div dir=\"auto\"><img decoding=\"async\" loading=\"lazy\" class=\"alignnone size-full wp-image-173623\" src=\"https:\/\/www.leccecronaca.it\/wordpress\/wp-content\/uploads\/2020\/10\/logo-SERIE-b.png\" alt=\"\" width=\"1200\" height=\"1733\" srcset=\"https:\/\/www.leccecronaca.it\/wordpress\/wp-content\/uploads\/2020\/10\/logo-SERIE-b.png 1200w, https:\/\/www.leccecronaca.it\/wordpress\/wp-content\/uploads\/2020\/10\/logo-SERIE-b-208x300.png 208w, https:\/\/www.leccecronaca.it\/wordpress\/wp-content\/uploads\/2020\/10\/logo-SERIE-b-709x1024.png 709w, https:\/\/www.leccecronaca.it\/wordpress\/wp-content\/uploads\/2020\/10\/logo-SERIE-b-768x1109.png 768w, https:\/\/www.leccecronaca.it\/wordpress\/wp-content\/uploads\/2020\/10\/logo-SERIE-b-1064x1536.png 1064w\" sizes=\"(max-width: 1200px) 100vw, 1200px\" \/><\/div>\n<div dir=\"auto\"><strong>RISULTATI DELLE ALTRE GARE<\/strong><\/div>\n<div dir=\"auto\">Ecco i risultati delle altre squadre che insieme ai giallorossi gravitano nelle zone alte della classifica, a cominciare dalla vittoria\u00a0 casalinga del <strong>Cittadella<\/strong> contro i<strong>l Pisa.<\/strong><\/div>\n<div dir=\"auto\">A Ferrara la <strong>Spal<\/strong> viene bloccata dall&#8217;<strong>Entella<\/strong> sullo 0-0, mentre il <strong>Venezia<\/strong> viene raggiunto ad Ascoli negli ultimi minuti. E&#8217; 1-1.<\/div>\n<div dir=\"auto\">Infine la <strong>Salernitana<\/strong> di Castori non va oltre lo 0-0 in casa contro il <strong>Cosenza<\/strong>, e l&#8217;<strong>Empoli<\/strong>, in serata, sbanca <strong>Vicenza<\/strong> grazie a <strong>Mancuso<\/strong> e <strong>Matos<\/strong>.______<\/div>\n<div dir=\"auto\"><\/div>\n<div dir=\"auto\">LA RICERCA nel nostro articolo di ieri<\/div>\n<div dir=\"auto\"><\/div>\n<blockquote class=\"wp-embedded-content\" data-secret=\"AV9wsvabVz\"><p><a href=\"https:\/\/www.leccecronaca.it\/index.php\/2021\/03\/13\/altri-tre-punti-altri-quattro-gol-il-lecce-adesso-fa-sul-serio-trova-continuita-e-scala-la-classifica\/\">ALTRI TRE PUNTI, ALTRI QUATTRO GOL, IL LECCE ADESSO FA SUL SERIO: TROVA CONTINUITA&#8217; E SCALA LA CLASSIFICA<\/a><\/p><\/blockquote>\n<p><iframe class=\"wp-embedded-content\" sandbox=\"allow-scripts\" security=\"restricted\" style=\"position: absolute; clip: rect(1px, 1px, 1px, 1px);\" src=\"https:\/\/www.leccecronaca.it\/index.php\/2021\/03\/13\/altri-tre-punti-altri-quattro-gol-il-lecce-adesso-fa-sul-serio-trova-continuita-e-scala-la-classifica\/embed\/#?secret=AV9wsvabVz\" data-secret=\"AV9wsvabVz\" width=\"500\" height=\"282\" title=\"&#8220;ALTRI TRE PUNTI, ALTRI QUATTRO GOL, IL LECCE ADESSO FA SUL SERIO: TROVA CONTINUITA&#8217; E SCALA LA CLASSIFICA&#8221; &#8212; LecceCronaca.it\" frameborder=\"0\" marginwidth=\"0\" marginheight=\"0\" scrolling=\"no\"><\/iframe><\/p>\n<fb:like href='https:\/\/www.leccecronaca.it\/index.php\/2021\/03\/14\/casa-lecce-i-commenti-post-partita\/' send='true' layout='button_count' show_faces='true' width='450' height='65' action='recommend' colorscheme='light' font='lucida grande'><\/fb:like><span class=\"fb_share\"><fb:like href=\"https:\/\/www.leccecronaca.it\/index.php\/2021\/03\/14\/casa-lecce-i-commenti-post-partita\/\" layout=\"button_count\"><\/fb:like><\/span>","protected":false},"excerpt":{"rendered":"<p>di Mattia Ala_______ Vediamo ora insieme i commenti dei protagonisti di Lecce-Chievo, terminata, ricordiamo, col risultato di 4-2 a favore dei salentini: EUGENIO CORINI (ALLENATORE LECCE): &#8220;La vittoria \u00e8 meritata, abbiamo offerto una prestazione di livello. Il secondo gol del Chievo ci ha un filino spaventato. Il penalty concesso ai clivensi era dubbio, e poi [&hellip;]<\/p>\n","protected":false},"author":4,"featured_media":176344,"comment_status":"open","ping_status":"closed","sticky":false,"template":"","format":"standard","meta":[],"categories":[28],"tags":[],"_links":{"self":[{"href":"https:\/\/www.leccecronaca.it\/index.php\/wp-json\/wp\/v2\/posts\/180286"}],"collection":[{"href":"https:\/\/www.leccecronaca.it\/index.php\/wp-json\/wp\/v2\/posts"}],"about":[{"href":"https:\/\/www.leccecronaca.it\/index.php\/wp-json\/wp\/v2\/types\/post"}],"author":[{"embeddable":true,"href":"https:\/\/www.leccecronaca.it\/index.php\/wp-json\/wp\/v2\/users\/4"}],"replies":[{"embeddable":true,"href":"https:\/\/www.leccecronaca.it\/index.php\/wp-json\/wp\/v2\/comments?post=180286"}],"version-history":[{"count":4,"href":"https:\/\/www.leccecronaca.it\/index.php\/wp-json\/wp\/v2\/posts\/180286\/revisions"}],"predecessor-version":[{"id":180293,"href":"https:\/\/www.leccecronaca.it\/index.php\/wp-json\/wp\/v2\/posts\/180286\/revisions\/180293"}],"wp:featuredmedia":[{"embeddable":true,"href":"https:\/\/www.leccecronaca.it\/index.php\/wp-json\/wp\/v2\/media\/176344"}],"wp:attachment":[{"href":"https:\/\/www.leccecronaca.it\/index.php\/wp-json\/wp\/v2\/media?parent=180286"}],"wp:term":[{"taxonomy":"category","embeddable":true,"href":"https:\/\/www.leccecronaca.it\/index.php\/wp-json\/wp\/v2\/categories?post=180286"},{"taxonomy":"post_tag","embeddable":true,"href":"https:\/\/www.leccecronaca.it\/index.php\/wp-json\/wp\/v2\/tags?post=180286"}],"curies":[{"name":"wp","href":"https:\/\/api.w.org\/{rel}","templated":true}]}}