{"id":180355,"date":"2021-03-15T18:01:31","date_gmt":"2021-03-15T17:01:31","guid":{"rendered":"http:\/\/www.leccecronaca.it\/?p=180355"},"modified":"2021-03-15T18:01:31","modified_gmt":"2021-03-15T17:01:31","slug":"una-piccola-civetta-con-le-ali-spezzate","status":"publish","type":"post","link":"https:\/\/www.leccecronaca.it\/index.php\/2021\/03\/15\/una-piccola-civetta-con-le-ali-spezzate\/","title":{"rendered":"UNA PICCOLA CIVETTA CON LE ALI SPEZZATE"},"content":{"rendered":"<p><img decoding=\"async\" loading=\"lazy\" class=\"alignnone size-full wp-image-180356\" src=\"https:\/\/www.leccecronaca.it\/wordpress\/wp-content\/uploads\/2021\/03\/CONSEGNA-CIVETTA-FERITA.jpg\" alt=\"\" width=\"894\" height=\"692\" srcset=\"https:\/\/www.leccecronaca.it\/wordpress\/wp-content\/uploads\/2021\/03\/CONSEGNA-CIVETTA-FERITA.jpg 894w, https:\/\/www.leccecronaca.it\/wordpress\/wp-content\/uploads\/2021\/03\/CONSEGNA-CIVETTA-FERITA-300x232.jpg 300w, https:\/\/www.leccecronaca.it\/wordpress\/wp-content\/uploads\/2021\/03\/CONSEGNA-CIVETTA-FERITA-768x594.jpg 768w\" sizes=\"(max-width: 894px) 100vw, 894px\" \/>(e.l.)______Durante un servizio di controllo del territorio, una pattuglia di Carabinieri questa mattina a Strud\u00e0, frazione di Vernole, ha visto una civetta gravemente ferita, nel cortile della scuola elementare. L&#8217;esemplare, di giovane et\u00e0, si era schiantata al suolo, evidentemente non ancora pratica del volo, impossibilitata a muoversi, con le ali spezzate.<\/p>\n<p>I militari l&#8217;hanno amorevolmente prelevata e l&#8217;hanno portata all&#8217;osservatorio faunistico e centro cure animali selvatici del Museo Naturale di Calimera (nella foto).<\/p>\n<p>L\u00e0 sar\u00e0 curata e con buona probabilit\u00e0 presto sar\u00e0 liberata, potendo riprendere a volare.<\/p>\n<p>&nbsp;<\/p>\n<fb:like href='https:\/\/www.leccecronaca.it\/index.php\/2021\/03\/15\/una-piccola-civetta-con-le-ali-spezzate\/' send='true' layout='button_count' show_faces='true' width='450' height='65' action='recommend' colorscheme='light' font='lucida grande'><\/fb:like><span class=\"fb_share\"><fb:like href=\"https:\/\/www.leccecronaca.it\/index.php\/2021\/03\/15\/una-piccola-civetta-con-le-ali-spezzate\/\" layout=\"button_count\"><\/fb:like><\/span>","protected":false},"excerpt":{"rendered":"<p>(e.l.)______Durante un servizio di controllo del territorio, una pattuglia di Carabinieri questa mattina a Strud\u00e0, frazione di Vernole, ha visto una civetta gravemente ferita, nel cortile della scuola elementare. L&#8217;esemplare, di giovane et\u00e0, si era schiantata al suolo, evidentemente non ancora pratica del volo, impossibilitata a muoversi, con le ali spezzate. I militari l&#8217;hanno amorevolmente [&hellip;]<\/p>\n","protected":false},"author":4,"featured_media":180356,"comment_status":"open","ping_status":"closed","sticky":false,"template":"","format":"standard","meta":[],"categories":[69],"tags":[],"_links":{"self":[{"href":"https:\/\/www.leccecronaca.it\/index.php\/wp-json\/wp\/v2\/posts\/180355"}],"collection":[{"href":"https:\/\/www.leccecronaca.it\/index.php\/wp-json\/wp\/v2\/posts"}],"about":[{"href":"https:\/\/www.leccecronaca.it\/index.php\/wp-json\/wp\/v2\/types\/post"}],"author":[{"embeddable":true,"href":"https:\/\/www.leccecronaca.it\/index.php\/wp-json\/wp\/v2\/users\/4"}],"replies":[{"embeddable":true,"href":"https:\/\/www.leccecronaca.it\/index.php\/wp-json\/wp\/v2\/comments?post=180355"}],"version-history":[{"count":1,"href":"https:\/\/www.leccecronaca.it\/index.php\/wp-json\/wp\/v2\/posts\/180355\/revisions"}],"predecessor-version":[{"id":180357,"href":"https:\/\/www.leccecronaca.it\/index.php\/wp-json\/wp\/v2\/posts\/180355\/revisions\/180357"}],"wp:featuredmedia":[{"embeddable":true,"href":"https:\/\/www.leccecronaca.it\/index.php\/wp-json\/wp\/v2\/media\/180356"}],"wp:attachment":[{"href":"https:\/\/www.leccecronaca.it\/index.php\/wp-json\/wp\/v2\/media?parent=180355"}],"wp:term":[{"taxonomy":"category","embeddable":true,"href":"https:\/\/www.leccecronaca.it\/index.php\/wp-json\/wp\/v2\/categories?post=180355"},{"taxonomy":"post_tag","embeddable":true,"href":"https:\/\/www.leccecronaca.it\/index.php\/wp-json\/wp\/v2\/tags?post=180355"}],"curies":[{"name":"wp","href":"https:\/\/api.w.org\/{rel}","templated":true}]}}