{"id":180392,"date":"2021-03-17T00:02:46","date_gmt":"2021-03-16T23:02:46","guid":{"rendered":"http:\/\/www.leccecronaca.it\/?p=180392"},"modified":"2021-03-16T19:06:31","modified_gmt":"2021-03-16T18:06:31","slug":"artisti-salentini-vittorio-balsebre","status":"publish","type":"post","link":"https:\/\/www.leccecronaca.it\/index.php\/2021\/03\/17\/artisti-salentini-vittorio-balsebre\/","title":{"rendered":"ARTISTI SALENTINI \/ VITTORIO BALSEBRE"},"content":{"rendered":"<p><img decoding=\"async\" loading=\"lazy\" class=\"alignnone size-full wp-image-180393\" src=\"https:\/\/www.leccecronaca.it\/wordpress\/wp-content\/uploads\/2021\/03\/balsebre-ok.jpg\" alt=\"\" width=\"387\" height=\"290\" srcset=\"https:\/\/www.leccecronaca.it\/wordpress\/wp-content\/uploads\/2021\/03\/balsebre-ok.jpg 387w, https:\/\/www.leccecronaca.it\/wordpress\/wp-content\/uploads\/2021\/03\/balsebre-ok-300x225.jpg 300w\" sizes=\"(max-width: 387px) 100vw, 387px\" \/>di <strong>Raffaele Polo<\/strong>______<\/p>\n<p>Andavamo a trovarlo nel suo appartamento leccese, proprio di fronte alla chiesa di Fulgenzio. Negli ultimi tempi era cordiale e bonario, sorrideva sempre e sembrava incredibile che fosse proprio lui il <strong>Vittorio Balsebre<\/strong>\u00a0(nella foto, tratta dalla rivista Arte e Luoghi, edizioni Il Raggio Verde) che avevamo sempre visto battagliare con veemenza, a sostegno delle sue idee sull&#8217;arte e sulla societ\u00e0.<\/p>\n<p>Perch\u00e9, se c&#8217;\u00e8 stato un artista &#8216;militante&#8217; e ricco di verve critica e voglia di polemizzare sempre e comunque, era proprio lui, il Vittorio che aveva scelto Lecce come ultima dimora, ma che si considerava salentino a tutti gli effetti, tanto da reinventarsi guida turistica, conducendo frotte di visitatori nella scoperta degli angoli pi\u00f9 interessanti del capoluogo. E, per noi,la sua scelta perpetuava la tradizione di chi, nato lontano dalla Terra d&#8217;Otranto, finisce per diventarne figlio prediletto e per tesserne le lodi.<\/p>\n<p>&nbsp;<\/p>\n<p>L&#8217;ultima volta, Balsebre, ci spieg\u00f2 cosa erano quelle lunghe strisce di negativi che appendeva uno affianco all&#8217;altro e che erano segnati con un pennarello.<\/p>\n<p><em>&#8216;Questo significa modificare la realt\u00e0&#8217;<\/em> ci disse sorridendo. <em>&#8216;I negativi fotografano e fissano per sempre un&#8217;immagine. Ma solo il Poeta, l&#8217;Artista, l&#8217;Uomo pu\u00f2 modificare questa realt\u00e0. E pu\u00f2 farlo con la Poesia, col segno, creando un&#8217;altra realt\u00e0 che non \u00e8 la stessa di prima e modificando anche il passato&#8217;<\/em>.<\/p>\n<p>Balsebre ci guardava con sguardo intento, pronto a controbattere alle nostre domande, pronto a sconfiggere la nostra evidente diffidenza. Ma lui era cos\u00ec, la sua costante idea di ricercare, di sperimentare, di proporre idee estreme e interessanti che mettevano in evidenza il rapporto tra Arte Poesia e Societ\u00e0, lo faceva diventare un vero e proprio punto di riferimento per tutti i movimenti artistici che hanno caratterizzato il Salento, fino a qualche tempo fa.<\/p>\n<p>Balsebre se n&#8217;\u00e8 andato nel 2013, sfiorando il secolo di vita.<\/p>\n<p>Ed \u00e8 rimasto il chiaro ricordo della sua figura di critico ferrato e consapevole, ricco di cultura e di una predisposizione alla polemica di rara intensit\u00e0&#8230;<\/p>\n<p>Restano le testimonianze dei suoi lavori, molte raccolte in volumi che egli stesso predisponeva, in una originale sintesi artistica che esemplificasse come l&#8217;Arte sin potesse &#8216;leggere&#8217; anche nella tradizionale forma di\u00a0 testo scritto.<\/p>\n<p>Piacevoli e interessanti le mostre che, ancora oggi, si tengono con i suoi manufatti. Mostre che hanno l&#8217;intento di ricordare la sua figura ma, soprattutto, di allargare, per quanto possibile, lo sguardo e l&#8217;attenzione sugli argomenti d&#8217;arte.\u00a0Come ha sempre fatto in vita lui, Vittorio Balsebre piemontese di nascita, ma salentino nel cuore.<\/p>\n<fb:like href='https:\/\/www.leccecronaca.it\/index.php\/2021\/03\/17\/artisti-salentini-vittorio-balsebre\/' send='true' layout='button_count' show_faces='true' width='450' height='65' action='recommend' colorscheme='light' font='lucida grande'><\/fb:like><span class=\"fb_share\"><fb:like href=\"https:\/\/www.leccecronaca.it\/index.php\/2021\/03\/17\/artisti-salentini-vittorio-balsebre\/\" layout=\"button_count\"><\/fb:like><\/span>","protected":false},"excerpt":{"rendered":"<p>di Raffaele Polo______ Andavamo a trovarlo nel suo appartamento leccese, proprio di fronte alla chiesa di Fulgenzio. Negli ultimi tempi era cordiale e bonario, sorrideva sempre e sembrava incredibile che fosse proprio lui il Vittorio Balsebre\u00a0(nella foto, tratta dalla rivista Arte e Luoghi, edizioni Il Raggio Verde) che avevamo sempre visto battagliare con veemenza, a [&hellip;]<\/p>\n","protected":false},"author":4,"featured_media":180393,"comment_status":"open","ping_status":"closed","sticky":false,"template":"","format":"standard","meta":[],"categories":[31],"tags":[],"_links":{"self":[{"href":"https:\/\/www.leccecronaca.it\/index.php\/wp-json\/wp\/v2\/posts\/180392"}],"collection":[{"href":"https:\/\/www.leccecronaca.it\/index.php\/wp-json\/wp\/v2\/posts"}],"about":[{"href":"https:\/\/www.leccecronaca.it\/index.php\/wp-json\/wp\/v2\/types\/post"}],"author":[{"embeddable":true,"href":"https:\/\/www.leccecronaca.it\/index.php\/wp-json\/wp\/v2\/users\/4"}],"replies":[{"embeddable":true,"href":"https:\/\/www.leccecronaca.it\/index.php\/wp-json\/wp\/v2\/comments?post=180392"}],"version-history":[{"count":1,"href":"https:\/\/www.leccecronaca.it\/index.php\/wp-json\/wp\/v2\/posts\/180392\/revisions"}],"predecessor-version":[{"id":180394,"href":"https:\/\/www.leccecronaca.it\/index.php\/wp-json\/wp\/v2\/posts\/180392\/revisions\/180394"}],"wp:featuredmedia":[{"embeddable":true,"href":"https:\/\/www.leccecronaca.it\/index.php\/wp-json\/wp\/v2\/media\/180393"}],"wp:attachment":[{"href":"https:\/\/www.leccecronaca.it\/index.php\/wp-json\/wp\/v2\/media?parent=180392"}],"wp:term":[{"taxonomy":"category","embeddable":true,"href":"https:\/\/www.leccecronaca.it\/index.php\/wp-json\/wp\/v2\/categories?post=180392"},{"taxonomy":"post_tag","embeddable":true,"href":"https:\/\/www.leccecronaca.it\/index.php\/wp-json\/wp\/v2\/tags?post=180392"}],"curies":[{"name":"wp","href":"https:\/\/api.w.org\/{rel}","templated":true}]}}