{"id":180545,"date":"2021-03-20T00:02:43","date_gmt":"2021-03-19T23:02:43","guid":{"rendered":"http:\/\/www.leccecronaca.it\/?p=180545"},"modified":"2021-03-18T20:55:28","modified_gmt":"2021-03-18T19:55:28","slug":"la-mia-visita-fantozziana-al-mercato-alimentari","status":"publish","type":"post","link":"https:\/\/www.leccecronaca.it\/index.php\/2021\/03\/20\/la-mia-visita-fantozziana-al-mercato-alimentari\/","title":{"rendered":"LA MIA USCITA FANTOZZIANA AL MERCATO ALIMENTARI"},"content":{"rendered":"<p><img decoding=\"async\" loading=\"lazy\" class=\"alignnone size-full wp-image-180548\" src=\"https:\/\/www.leccecronaca.it\/wordpress\/wp-content\/uploads\/2021\/03\/bu.jpg\" alt=\"\" width=\"424\" height=\"230\" srcset=\"https:\/\/www.leccecronaca.it\/wordpress\/wp-content\/uploads\/2021\/03\/bu.jpg 424w, https:\/\/www.leccecronaca.it\/wordpress\/wp-content\/uploads\/2021\/03\/bu-300x163.jpg 300w\" sizes=\"(max-width: 424px) 100vw, 424px\" \/>di <strong>Raffaele Polo<\/strong>______<\/p>\n<p>Sono stato al mercato.<\/p>\n<p>Si, perch\u00e8 \u00e8 vero che in &#8216;zona rossa&#8217; sono vietati gli assembramenti, ma chi vende prodotti alimentari al mercato, pu\u00f2 esporre la propria merce.\u00a0 Non \u00e8 il solito mercato pieno di vocianti venditori che si danno battaglia sui prezzi degli indumenti, ma c&#8217;\u00e8 comunque tutto il colore e il sapore della frutta, della verdura, del baccal\u00e0 e dei pizzi.<\/p>\n<p>Veramente, proprio il venditore del pane e delle saporite specialit\u00e0 di grano, stava gi\u00e0 andando via. &#8216;Come mai?&#8217; ho chiesto. &#8216;Non \u00e8 venuto nessuno?&#8217;<\/p>\n<p>&#8216;Al contrario&#8217; ha risposto quello. &#8216;Ho finito tutto subito e vado via. Non era mai successo, se sapevo, portavo altri pizzi, altro pane&#8230;&#8217; ha detto sconsolato, richiudendo la saracinesca della sua roulotte.<\/p>\n<p>&#8216;E non \u00e8 rimasto niente?&#8217; ho insistito.<\/p>\n<p>&#8216;Guarda, proprio ca s\u00ec signuria, \u00e8 rimasta una pagnotta di grano di due giorni fa. Ma \u00e8 buonissima se vuoi fare la bruschetta, col pomodoro e la ricotta forte. La cumandi?&#8217; mi ha detto. E stava gi\u00e0 incartando il pane.<\/p>\n<p>&#8216;Tre euro&#8217; mi ha detto.<\/p>\n<p>Non ho fiatato e ho messo l&#8217;involucro sotto il braccio.<\/p>\n<p>&nbsp;<\/p>\n<p>Dal salumiere, i due giovanotti erano alle prese con un nugolo di donne battagliere: &#8216;La ricotta, l&#8217;hai portata?&#8217; gridava una. E un&#8217;altra le faceva eco: &#8216;Il caff\u00e8 trasparente voglio, non quello in stuoia&#8217;.\u00a0\u00a0\u00a0 Si riferiva al Caff\u00e8 Quarta che non ho capito che differenza c&#8217;\u00e8 tra quello impacchettato nella confezione color marrone e quello che lascia vedere il suo colore naturale.<\/p>\n<p>&#8216;Le mozzarelle sono finite, \u00e8 rimasta solo una bomba&#8217; ha detto il salumiere pi\u00f9 loquace, che sembrava conoscesse tutte le sue attempate clienti.<\/p>\n<p>&#8216;Io, la bomba \u00e8 mia, prenotata!!&#8217; ha gridato una voce dietro di me. E il venditore ha fatto proprio come i banditori delle aste tradizionali. &#8216;Aggiudicata a Concettina!&#8217; ha detto. E tutti ci siamo girati a guardare Concettina che aveva la mascherina ma si vedeva che era tronfia e orgogliosa del suo successo. Soprattutto perch\u00e9 aveva dimostrato a tutti che era conosciuta dai venditori e quindi persona ragguardevole.<\/p>\n<p>Per non essere da meno, una affianco a me ha pigolato, dietro la mascherina: &#8216;Dammi un pezzo di gavoi, Mauro. Ma che sia buono&#8230;&#8217;\u00a0 Sottolineando a sua volta che anche lei era &#8216;di casa&#8217; e conosceva il nome dell&#8217;altrimenti anonimo salumiere.<\/p>\n<p>Poi \u00e8 venuto il mio turno. Ho cominciato a dire &#8216; Tre etti di Parma..&#8217; ma sono stato subito interrotto da una virago che era abbondantemente dietro di me. &#8216;C&#8217;ero prima io, mi sono spostata un attimo&#8230;&#8217; ha gridato. Mi sono immobilizzato e non ho potuto fare altro che borbottare &#8216;Scusate&#8217;, arrossendo come chi \u00e8 colto in fallo. Si sono girate a guardarmi, meno male che la mascherina ha coperto il mio imbarazzo. &#8216;Dimmi Nicetina, non c&#8217;\u00e8 problema&#8230;&#8217; ha detto il venditore di salumi, diventato improvvisamente come Cecco, garzone del fornaio che insidia la moglie di Fantozzi&#8230;<\/p>\n<p>Quando \u00e8 toccato a me, il dialogo \u00e8 stato quasi kafkiano.<\/p>\n<p>&#8216;Ricotta&#8230;&#8217;<\/p>\n<p>&#8216;Niente&#8217;<\/p>\n<p>&#8216;Mozzarella&#8230;&#8217;<\/p>\n<p>&#8216;Terminata&#8217;<\/p>\n<p>&#8216;Tre etti di Parma&#8230;&#8217;<\/p>\n<p>&#8216;Che altro?&#8217;<\/p>\n<p>Non mi serviva altro ma ho sentito lo stimolo a chiedere del caff\u00e8 &#8216;trasparente&#8217;.<\/p>\n<p>&#8216;Solo in stuoia&#8217; mi ha risposto quello, che aveva gi\u00e0 preparato il pacchetto.<\/p>\n<p>&#8216;Quindici euro&#8217;<\/p>\n<p>Mi \u00e8 sembrato esagerato, ma non ho avuto il coraggio di fiatare e sono scappato via, inciampando nella esposizione di rape che l&#8217;ortolano affianco stava riponendo nel camion, apprestandosi ad andare.<\/p>\n<p>&#8216;Prendile tutte, ti faccio un buon prezzo&#8217; mi ha detto.<\/p>\n<p>E mi sono ritrovato stracarico di rape semi appassite. Per\u00f2 avevo conquistato il prezzemolo e il sedano, che bonariamente mi era stato elargito gratis.<\/p>\n<p>Col mio prezioso carico, sbuffando e con gli occhiali appannati (maledetta mascherina&#8230;) ho pensato che meno male, il mercato \u00e8 una volta la settimana&#8230;\u00a0 (a Lecce il luned\u00ec e il venerd\u00ec).<\/p>\n<p>Ma per adesso, solo alimentari.<\/p>\n<p>&nbsp;<\/p>\n<fb:like href='https:\/\/www.leccecronaca.it\/index.php\/2021\/03\/20\/la-mia-visita-fantozziana-al-mercato-alimentari\/' send='true' layout='button_count' show_faces='true' width='450' height='65' action='recommend' colorscheme='light' font='lucida grande'><\/fb:like><span class=\"fb_share\"><fb:like href=\"https:\/\/www.leccecronaca.it\/index.php\/2021\/03\/20\/la-mia-visita-fantozziana-al-mercato-alimentari\/\" layout=\"button_count\"><\/fb:like><\/span>","protected":false},"excerpt":{"rendered":"<p>di Raffaele Polo______ Sono stato al mercato. Si, perch\u00e8 \u00e8 vero che in &#8216;zona rossa&#8217; sono vietati gli assembramenti, ma chi vende prodotti alimentari al mercato, pu\u00f2 esporre la propria merce.\u00a0 Non \u00e8 il solito mercato pieno di vocianti venditori che si danno battaglia sui prezzi degli indumenti, ma c&#8217;\u00e8 comunque tutto il colore e [&hellip;]<\/p>\n","protected":false},"author":4,"featured_media":180548,"comment_status":"open","ping_status":"closed","sticky":false,"template":"","format":"standard","meta":[],"categories":[1,69],"tags":[],"_links":{"self":[{"href":"https:\/\/www.leccecronaca.it\/index.php\/wp-json\/wp\/v2\/posts\/180545"}],"collection":[{"href":"https:\/\/www.leccecronaca.it\/index.php\/wp-json\/wp\/v2\/posts"}],"about":[{"href":"https:\/\/www.leccecronaca.it\/index.php\/wp-json\/wp\/v2\/types\/post"}],"author":[{"embeddable":true,"href":"https:\/\/www.leccecronaca.it\/index.php\/wp-json\/wp\/v2\/users\/4"}],"replies":[{"embeddable":true,"href":"https:\/\/www.leccecronaca.it\/index.php\/wp-json\/wp\/v2\/comments?post=180545"}],"version-history":[{"count":2,"href":"https:\/\/www.leccecronaca.it\/index.php\/wp-json\/wp\/v2\/posts\/180545\/revisions"}],"predecessor-version":[{"id":180551,"href":"https:\/\/www.leccecronaca.it\/index.php\/wp-json\/wp\/v2\/posts\/180545\/revisions\/180551"}],"wp:featuredmedia":[{"embeddable":true,"href":"https:\/\/www.leccecronaca.it\/index.php\/wp-json\/wp\/v2\/media\/180548"}],"wp:attachment":[{"href":"https:\/\/www.leccecronaca.it\/index.php\/wp-json\/wp\/v2\/media?parent=180545"}],"wp:term":[{"taxonomy":"category","embeddable":true,"href":"https:\/\/www.leccecronaca.it\/index.php\/wp-json\/wp\/v2\/categories?post=180545"},{"taxonomy":"post_tag","embeddable":true,"href":"https:\/\/www.leccecronaca.it\/index.php\/wp-json\/wp\/v2\/tags?post=180545"}],"curies":[{"name":"wp","href":"https:\/\/api.w.org\/{rel}","templated":true}]}}