{"id":181678,"date":"2021-04-14T00:05:39","date_gmt":"2021-04-13T22:05:39","guid":{"rendered":"http:\/\/www.leccecronaca.it\/?p=181678"},"modified":"2021-04-14T12:26:00","modified_gmt":"2021-04-14T10:26:00","slug":"mauro-marino-e-stefano-donno-protagonisti-della-cultura-salentina-degli-ultimi-anni-insieme-in-un-libro-sorprendente-identita-informi-dove-non-ci-sono-mani-fatto-di-poesi","status":"publish","type":"post","link":"https:\/\/www.leccecronaca.it\/index.php\/2021\/04\/14\/mauro-marino-e-stefano-donno-protagonisti-della-cultura-salentina-degli-ultimi-anni-insieme-in-un-libro-sorprendente-identita-informi-dove-non-ci-sono-mani-fatto-di-poesi\/","title":{"rendered":"MAURO MARINO E STEFANO DONNO, PROTAGONISTI DELLA CULTURA SALENTINA DEGLI ULTIMI ANNI, INSIEME IN UN LIBRO SORPRENDENTE, INTITOLATO \u201cIdentit\u00e0 Informi \u2026Dove non ci sono mani\u201d, E FATTO DI POESIE E DI FOTO"},"content":{"rendered":"<p><img decoding=\"async\" loading=\"lazy\" class=\"alignnone size-full wp-image-181679\" src=\"https:\/\/www.leccecronaca.it\/wordpress\/wp-content\/uploads\/2021\/04\/opera-stefano-donno.jpg\" alt=\"\" width=\"2250\" height=\"3000\" \/>di <strong>Raffaele Polo<\/strong>______<\/p>\n<p>Sono certamente tra gli &#8216;agitatori culturali&#8217; pi\u00f9 in forma e pi\u00f9 in vista del nostro Salento: <b><span style=\"color: #ff0000;\">Mauro Marino<\/span> (fo<\/b>to sopra) e <span style=\"color: #ff0000;\"><strong>Stefano Donno<\/strong><\/span><b> (<\/b>foto sotto<b>)\u00a0<\/b>\u00a0che, d&#8217;altro canto, lavorano assieme nelle edizioni de &#8216;I Quaderni del bardo&#8217;. E, oltre al gi\u00e0 impegnativo mestiere di editore, aggiungono i loro frequenti approdi verso l&#8217;Arte poetica, visiva e letteraria&#8230;<\/p>\n<p><img decoding=\"async\" loading=\"lazy\" class=\"alignnone size-full wp-image-181680\" src=\"https:\/\/www.leccecronaca.it\/wordpress\/wp-content\/uploads\/2021\/04\/mauro-marino-1.jpg\" alt=\"\" width=\"675\" height=\"457\" srcset=\"https:\/\/www.leccecronaca.it\/wordpress\/wp-content\/uploads\/2021\/04\/mauro-marino-1.jpg 675w, https:\/\/www.leccecronaca.it\/wordpress\/wp-content\/uploads\/2021\/04\/mauro-marino-1-300x203.jpg 300w\" sizes=\"(max-width: 675px) 100vw, 675px\" \/><img decoding=\"async\" loading=\"lazy\" class=\"alignnone size-full wp-image-181681\" src=\"https:\/\/www.leccecronaca.it\/wordpress\/wp-content\/uploads\/2021\/04\/Stefano-Donno.jpg\" alt=\"\" width=\"512\" height=\"384\" srcset=\"https:\/\/www.leccecronaca.it\/wordpress\/wp-content\/uploads\/2021\/04\/Stefano-Donno.jpg 512w, https:\/\/www.leccecronaca.it\/wordpress\/wp-content\/uploads\/2021\/04\/Stefano-Donno-300x225.jpg 300w, https:\/\/www.leccecronaca.it\/wordpress\/wp-content\/uploads\/2021\/04\/Stefano-Donno-400x300.jpg 400w\" sizes=\"(max-width: 512px) 100vw, 512px\" \/><\/p>\n<p>Insomma, da loro ti aspetti sempre qualcosa di importante, di diverso, di esaustivo: e, stavolta, esce la singolare pubblicazione dove l\u2019autore\/ editore Stefano Donno mette tra parentesi il verso, e affida la sua narrazione di contenuti alle immagini, alla fotografia digitale (un esempio di queste sue crazioni, nella foto di copertina), lasciando che completi il senso della pubblicazione la forza per versi di Mauro Marino.<\/p>\n<p>Il libro ha per titolo <span style=\"color: #ff0000;\"><strong><em>\u201cIdentit\u00e0 Informi \u2026Dove non ci sono mani<\/em><\/strong>\u201d<\/span>\u00a0(90 pagg- 8,75 euro) ed \u00e8 a firma per l\u2019appunto di Stefano Donno e Mauro Marino.<\/p>\n<p>Mentre prendeva forma e corpo, questo libro pare abbia cominciato a vivere di vita propria, ma soprattutto sembra che si sia posto autonomamente l\u2019obiettivo di raccontare come due attori con due linguaggi e grammatiche differenti, sentano la Realt\u00e0 che si trovano ad agire e vivere.<\/p>\n<p>L\u2019amore, la notte, i corpi, le parole, le esperienze, i ricordi, sono le chiavi per accedere a quello che l\u2019Esistenza in fondo \u00e8, ovvero un mistero talvolta sconosciuto anche a chi dice di amarla, assaporarla, di sentirne il flusso.<\/p>\n<p>Certamente tutta un\u2019illusione, che queste pagine vogliono far cadere, per potersi poi finalmente riappropriare autenticamente di s\u00e9 e degli altri, nell\u2019incontro, nel dono.<\/p>\n<p>Interessante e sintetico il commento apparso su Il Giornale a cura di Carlo Franza che scrive: <em>&#8216;(\u2026) Le cose non hanno significato, hanno esistenza, tutto si compone intimamente come gli elementi chimici nei corpi viventi. Donno racconta digitalmente idee e fantasmi, quella spaventosa realt\u00e0 nascosta ai pi\u00f9, la materia digitale con le sue simmetrie e asimmetrie e un linguaggio carico di particolari rivestimenti ritmici; e questa sua poetica personale, matura, oggi certo promossa, si lascia leggere aperta, inquieta, problematica, in cammino tra frammenti, resti, decomposizioni, fantasmi. Donno libera la carica che si cela sotto le cose, risignificandola in quel nunc aeternum che \u00e8 l\u2019attimo, e ricomincia il suo pellegrinaggio verso una meta, verso un\u2019altra meta\u00a0 che \u00e8 impossibile prevedere.<\/em> &#8216; (dal blog di Carlo Franza su Il Giornale.it)<\/p>\n<p>E, a lui, si aggiunge Marcello Buttazzo che afferma:<em>\u201cLa poesia di Mauro Marino cerca compiutamente la vita, la rincorre, la scompone, la ricompone. La vita \u00e8 incontro, \u00e8 spazio condiviso, \u00e8 compartecipazione, \u00e8 slancio vivido, vibrazione compagna. La poesia di Mauro \u00e8 ascolto, un prestare attenzione alle sollecitazioni degli altri. La sua poesia \u00e8 etica di comportamento, intesa come pane cereale che si spezza tutti assieme, per avere la ragione e la forza di resistere, per avere fiato, trasalimento. La sua poesia \u00e8 coralit\u00e0, perch\u00e9 tutti assieme dobbiamo salvarci la vita<\/em>\u201d. (Marcello Buttazzo su Salento Poesia).<\/p>\n<p>Continua, insomma, la preziosa opera culturale di Donno e Marino: dal loro sodalizio \u00e8 nata la vigorosa costruzione che d\u00e0 senso, spessore e gusto critico al Salento poetico di questi anni.______<\/p>\n<p><img decoding=\"async\" loading=\"lazy\" class=\"alignnone size-full wp-image-181683\" src=\"https:\/\/www.leccecronaca.it\/wordpress\/wp-content\/uploads\/2021\/04\/c.jpg\" alt=\"\" width=\"1418\" height=\"1418\" srcset=\"https:\/\/www.leccecronaca.it\/wordpress\/wp-content\/uploads\/2021\/04\/c.jpg 1418w, https:\/\/www.leccecronaca.it\/wordpress\/wp-content\/uploads\/2021\/04\/c-300x300.jpg 300w, https:\/\/www.leccecronaca.it\/wordpress\/wp-content\/uploads\/2021\/04\/c-1024x1024.jpg 1024w, https:\/\/www.leccecronaca.it\/wordpress\/wp-content\/uploads\/2021\/04\/c-150x150.jpg 150w, https:\/\/www.leccecronaca.it\/wordpress\/wp-content\/uploads\/2021\/04\/c-768x768.jpg 768w, https:\/\/www.leccecronaca.it\/wordpress\/wp-content\/uploads\/2021\/04\/c-60x60.jpg 60w\" sizes=\"(max-width: 1418px) 100vw, 1418px\" \/><\/p>\n<p>Per acquistarlo:<\/p>\n<p>Giunti al Punto<\/p>\n<p><a href=\"https:\/\/www.giuntialpunto.it\/product\/b0928hs2ft\/libri-identit-informi-dove-non-ci-sono-mani-donno-stefano\">https:\/\/www.giuntialpunto.it\/product\/b0928hs2ft\/libri-identit-informi-dove-non-ci-sono-mani-donno-stefano<\/a><\/p>\n<p>Amazon<\/p>\n<p><a href=\"https:\/\/www.amazon.it\/dp\/B0928HS2FT\/ref=sr_1_1?__mk_it_IT=%C3%85M%C3%85%C5%BD%C3%95%C3%91&amp;dchild=1&amp;keywords=Identit%C3%A0+Informi+%E2%80%A6+Dove+non+ci+sono+mani&amp;qid=1618241177&amp;sr=8-1\">https:\/\/www.amazon.it\/dp\/B0928HS2FT\/ref=sr_1_1?__mk_it_IT=%C3%85M%C3%85%C5%BD%C3%95%C3%91&amp;dchild=1&amp;keywords=Identit%C3%A0+Informi+%E2%80%A6+Dove+non+ci+sono+mani&amp;qid=1618241177&amp;sr=8-1<\/a><\/p>\n<p>&nbsp;<\/p>\n<p>&nbsp;<\/p>\n<p>&nbsp;<\/p>\n<fb:like href='https:\/\/www.leccecronaca.it\/index.php\/2021\/04\/14\/mauro-marino-e-stefano-donno-protagonisti-della-cultura-salentina-degli-ultimi-anni-insieme-in-un-libro-sorprendente-identita-informi-dove-non-ci-sono-mani-fatto-di-poesi\/' send='true' layout='button_count' show_faces='true' width='450' height='65' action='recommend' colorscheme='light' font='lucida grande'><\/fb:like><span class=\"fb_share\"><fb:like href=\"https:\/\/www.leccecronaca.it\/index.php\/2021\/04\/14\/mauro-marino-e-stefano-donno-protagonisti-della-cultura-salentina-degli-ultimi-anni-insieme-in-un-libro-sorprendente-identita-informi-dove-non-ci-sono-mani-fatto-di-poesi\/\" layout=\"button_count\"><\/fb:like><\/span>","protected":false},"excerpt":{"rendered":"<p>di Raffaele Polo______ Sono certamente tra gli &#8216;agitatori culturali&#8217; pi\u00f9 in forma e pi\u00f9 in vista del nostro Salento: Mauro Marino (foto sopra) e Stefano Donno (foto sotto)\u00a0\u00a0che, d&#8217;altro canto, lavorano assieme nelle edizioni de &#8216;I Quaderni del bardo&#8217;. E, oltre al gi\u00e0 impegnativo mestiere di editore, aggiungono i loro frequenti approdi verso l&#8217;Arte poetica, [&hellip;]<\/p>\n","protected":false},"author":4,"featured_media":181679,"comment_status":"open","ping_status":"closed","sticky":false,"template":"","format":"standard","meta":[],"categories":[31,57],"tags":[],"_links":{"self":[{"href":"https:\/\/www.leccecronaca.it\/index.php\/wp-json\/wp\/v2\/posts\/181678"}],"collection":[{"href":"https:\/\/www.leccecronaca.it\/index.php\/wp-json\/wp\/v2\/posts"}],"about":[{"href":"https:\/\/www.leccecronaca.it\/index.php\/wp-json\/wp\/v2\/types\/post"}],"author":[{"embeddable":true,"href":"https:\/\/www.leccecronaca.it\/index.php\/wp-json\/wp\/v2\/users\/4"}],"replies":[{"embeddable":true,"href":"https:\/\/www.leccecronaca.it\/index.php\/wp-json\/wp\/v2\/comments?post=181678"}],"version-history":[{"count":5,"href":"https:\/\/www.leccecronaca.it\/index.php\/wp-json\/wp\/v2\/posts\/181678\/revisions"}],"predecessor-version":[{"id":181688,"href":"https:\/\/www.leccecronaca.it\/index.php\/wp-json\/wp\/v2\/posts\/181678\/revisions\/181688"}],"wp:featuredmedia":[{"embeddable":true,"href":"https:\/\/www.leccecronaca.it\/index.php\/wp-json\/wp\/v2\/media\/181679"}],"wp:attachment":[{"href":"https:\/\/www.leccecronaca.it\/index.php\/wp-json\/wp\/v2\/media?parent=181678"}],"wp:term":[{"taxonomy":"category","embeddable":true,"href":"https:\/\/www.leccecronaca.it\/index.php\/wp-json\/wp\/v2\/categories?post=181678"},{"taxonomy":"post_tag","embeddable":true,"href":"https:\/\/www.leccecronaca.it\/index.php\/wp-json\/wp\/v2\/tags?post=181678"}],"curies":[{"name":"wp","href":"https:\/\/api.w.org\/{rel}","templated":true}]}}