{"id":181786,"date":"2021-04-16T12:43:57","date_gmt":"2021-04-16T10:43:57","guid":{"rendered":"http:\/\/www.leccecronaca.it\/?p=181786"},"modified":"2021-04-16T12:44:10","modified_gmt":"2021-04-16T10:44:10","slug":"carlo-salvemini-sulle-concessioni-balneari","status":"publish","type":"post","link":"https:\/\/www.leccecronaca.it\/index.php\/2021\/04\/16\/carlo-salvemini-sulle-concessioni-balneari\/","title":{"rendered":"CARLO SALVEMINI SULLE CONCESSIONI BALNEARI"},"content":{"rendered":"<p><img decoding=\"async\" loading=\"lazy\" class=\"alignnone size-full wp-image-181787\" src=\"https:\/\/www.leccecronaca.it\/wordpress\/wp-content\/uploads\/2021\/04\/6006.jpg\" alt=\"\" width=\"800\" height=\"452\" srcset=\"https:\/\/www.leccecronaca.it\/wordpress\/wp-content\/uploads\/2021\/04\/6006.jpg 800w, https:\/\/www.leccecronaca.it\/wordpress\/wp-content\/uploads\/2021\/04\/6006-300x170.jpg 300w, https:\/\/www.leccecronaca.it\/wordpress\/wp-content\/uploads\/2021\/04\/6006-768x434.jpg 768w\" sizes=\"(max-width: 800px) 100vw, 800px\" \/>Riceviamo e volentieri pubblichiamo. L&#8217;ufficio stampa del Comune di Lecce ci manda una dichiarazione di questa mattina del sindaco che fa il punto della situazione sulla concessione di proroghe ai gestori dei lidi balneari delle marine, una questione che si trascina ormai da tempo.______<\/p>\n<p>\u201c<i>Il Consiglio di Stato ha respinto la richiesta presentata dal Comune di &#8220;sospendere&#8221; le sentenze con le quali il TAR di Lecce ha definito illegittimo il diniego firmato dal dirigente sulla richiesta di proroga al 2033 delle concessioni in scadenza.<\/i><i><br \/>\n<\/i><i><br \/>\n<\/i><i>La V sezione del CDS ha ritenuto quindi di non doversi esprimere sul merito della questione: se cio\u00e8 sia legittimo o meno concedere una proroga delle concessioni demaniali marittime al 2033, come richiesto dai gestori balneari.\u00a0<\/i><i><br \/>\n<\/i><i><br \/>\n<\/i><i>Pertanto non \u00e8 stata esaminata la questione di diritto posta a base della controversia e, in particolare, la compatibilit\u00e0 della normativa italiana con il diritto comunitario. Che ha innescato da tempo conflitto giurisprudenziale, dibattito dottrinale, avvio di procedimenti penali.<\/i><i><br \/>\n<\/i><i><br \/>\n<\/i><i>\u00c8 utile ribadire che nulla cambia per la stagione balneare 2021: i concessionari demaniali dispongono infatti dei titoli autorizzativi per esercitare tranquillamente la propria attivit\u00e0. E&#8217; sul futuro che resta l&#8217;incertezza.<\/i><i><br \/>\n<\/i><i><br \/>\n<\/i><i>Sar\u00e0 inevitabilmente il pronunciamento di merito &#8211; la cui udienza non \u00e8 stata ancora fissata &#8211; a dover stabilire se il dirigente comunale potr\u00e0 legittimamente accogliere o meno la richiesta di proroga per i prossimi dodici anni. L&#8217;ordinanza odierna, infatti, non d\u00e0 le risposte attese a nessuno dei protagonisti di questa vicenda: a chi presenta le istanze di rinnovo; a chi dovr\u00e0 assumersi la responsabilit\u00e0 di concederle con propria firma.<\/i><i><br \/>\n<\/i><i><br \/>\n<\/i><i>\u00c8 probabile &#8211; e fortemente auspicato &#8211; che intervenga nel frattempo una nuova disposizione del Governo, come in tal senso sollecitato sia da ANCI che da AGCM allo scopo di dare certezze agli imprenditori e tranquillit\u00e0 agli amministratori. L&#8217;invito come sempre \u00e8 quello di misurarsi con una materia cos\u00ec complessa e controversa senza proclami e senza anticipare conclusioni definitive<\/i>\u201d.<\/p>\n<fb:like href='https:\/\/www.leccecronaca.it\/index.php\/2021\/04\/16\/carlo-salvemini-sulle-concessioni-balneari\/' send='true' layout='button_count' show_faces='true' width='450' height='65' action='recommend' colorscheme='light' font='lucida grande'><\/fb:like><span class=\"fb_share\"><fb:like href=\"https:\/\/www.leccecronaca.it\/index.php\/2021\/04\/16\/carlo-salvemini-sulle-concessioni-balneari\/\" layout=\"button_count\"><\/fb:like><\/span>","protected":false},"excerpt":{"rendered":"<p>Riceviamo e volentieri pubblichiamo. L&#8217;ufficio stampa del Comune di Lecce ci manda una dichiarazione di questa mattina del sindaco che fa il punto della situazione sulla concessione di proroghe ai gestori dei lidi balneari delle marine, una questione che si trascina ormai da tempo.______ \u201cIl Consiglio di Stato ha respinto la richiesta presentata dal Comune [&hellip;]<\/p>\n","protected":false},"author":4,"featured_media":181787,"comment_status":"open","ping_status":"closed","sticky":false,"template":"","format":"standard","meta":[],"categories":[69,76,36],"tags":[],"_links":{"self":[{"href":"https:\/\/www.leccecronaca.it\/index.php\/wp-json\/wp\/v2\/posts\/181786"}],"collection":[{"href":"https:\/\/www.leccecronaca.it\/index.php\/wp-json\/wp\/v2\/posts"}],"about":[{"href":"https:\/\/www.leccecronaca.it\/index.php\/wp-json\/wp\/v2\/types\/post"}],"author":[{"embeddable":true,"href":"https:\/\/www.leccecronaca.it\/index.php\/wp-json\/wp\/v2\/users\/4"}],"replies":[{"embeddable":true,"href":"https:\/\/www.leccecronaca.it\/index.php\/wp-json\/wp\/v2\/comments?post=181786"}],"version-history":[{"count":1,"href":"https:\/\/www.leccecronaca.it\/index.php\/wp-json\/wp\/v2\/posts\/181786\/revisions"}],"predecessor-version":[{"id":181788,"href":"https:\/\/www.leccecronaca.it\/index.php\/wp-json\/wp\/v2\/posts\/181786\/revisions\/181788"}],"wp:featuredmedia":[{"embeddable":true,"href":"https:\/\/www.leccecronaca.it\/index.php\/wp-json\/wp\/v2\/media\/181787"}],"wp:attachment":[{"href":"https:\/\/www.leccecronaca.it\/index.php\/wp-json\/wp\/v2\/media?parent=181786"}],"wp:term":[{"taxonomy":"category","embeddable":true,"href":"https:\/\/www.leccecronaca.it\/index.php\/wp-json\/wp\/v2\/categories?post=181786"},{"taxonomy":"post_tag","embeddable":true,"href":"https:\/\/www.leccecronaca.it\/index.php\/wp-json\/wp\/v2\/tags?post=181786"}],"curies":[{"name":"wp","href":"https:\/\/api.w.org\/{rel}","templated":true}]}}