{"id":18184,"date":"2013-06-26T14:58:47","date_gmt":"2013-06-26T14:58:47","guid":{"rendered":"http:\/\/www.leccecronaca.it\/?p=18184"},"modified":"2013-06-26T14:58:47","modified_gmt":"2013-06-26T14:58:47","slug":"vicenda-on-raffaele-baldassarre","status":"publish","type":"post","link":"https:\/\/www.leccecronaca.it\/index.php\/2013\/06\/26\/vicenda-on-raffaele-baldassarre\/","title":{"rendered":"VICENDA ON. RAFFAELE BALDASSARRE"},"content":{"rendered":"<p><a href=\"https:\/\/www.leccecronaca.it\/wordpress\/wp-content\/uploads\/2013\/06\/Unknown4.jpeg\"><img decoding=\"async\" loading=\"lazy\" src=\"https:\/\/www.leccecronaca.it\/wordpress\/wp-content\/uploads\/2013\/06\/Unknown4.jpeg\" alt=\"\" width=\"259\" height=\"194\" class=\"alignleft size-full wp-image-18185\" \/><\/a>Il coordinatore provinciale del PDL, Antonio Gabellone, comunica il suo pensiero sulla vicenda riguardante On. Raffaele Baldassarre:<\/p>\n<p>&#8220;Il rilievo riservato dagli organi di stampa all\u2019episodio che ha visto coinvolto di recente, a Bruxelles, il parlamentare europeo salentino, On. Raffaele Baldassarre, va inquadrato nell\u2019atmosfera che da tempo connota i rapporti fra il mondo del giornalismo e quello della politica.<\/p>\n<p>Personalmente sono fra quelli che riconoscono alla stampa ogni pi\u00f9 ampio diritto di critica e di denuncia di fatti rilevanti, anche &#8211; e soprattutto &#8211; quando questi riguardino i rappresentanti del popolo in seno alle assemblee legislative di qualsiasi livello. Tuttavia, mi stupisce il fatto che ad una vicenda, obiettivamente incresciosa, si riservino ampi spazi in prima pagina o varie colonne in cronaca.<\/p>\n<p>A ben guardare, si \u00e8 trattato di una reazione esagerata del parlamentare in presenza di un comportamento certamente provocatorio del giornalista.<\/p>\n<p>Si sa che l\u2019On. Baldassarre \u00e8 fra i parlamentari europei pi\u00f9 presenti ed attivi e conosco bene, per consuetudine di rapporti, la sua indole notoriamente mite e la civilt\u00e0 di relazioni che egli riesce a coltivare con gli altri, indipendentemente dal ruolo che ricoprono.<\/p>\n<p>Desidero, quindi, esprimergli l\u2019affettuosa vicinanza del PdL salentino e riconfermargli sentimenti di stima e sincera amicizia.&#8221;<\/p>\n<p>&nbsp;<\/p>\n<fb:like href='https:\/\/www.leccecronaca.it\/index.php\/2013\/06\/26\/vicenda-on-raffaele-baldassarre\/' send='true' layout='button_count' show_faces='true' width='450' height='65' action='recommend' colorscheme='light' font='lucida grande'><\/fb:like><span class=\"fb_share\"><fb:like href=\"https:\/\/www.leccecronaca.it\/index.php\/2013\/06\/26\/vicenda-on-raffaele-baldassarre\/\" layout=\"button_count\"><\/fb:like><\/span>","protected":false},"excerpt":{"rendered":"<p>Il coordinatore provinciale del PDL, Antonio Gabellone, comunica il suo pensiero sulla vicenda riguardante On. Raffaele Baldassarre: &#8220;Il rilievo riservato dagli organi di stampa all\u2019episodio che ha visto coinvolto di recente, a Bruxelles, il parlamentare europeo salentino, On. Raffaele Baldassarre, va inquadrato nell\u2019atmosfera che da tempo connota i rapporti fra il mondo del giornalismo e [&hellip;]<\/p>\n","protected":false},"author":4,"featured_media":18185,"comment_status":"open","ping_status":"closed","sticky":false,"template":"","format":"standard","meta":[],"categories":[36],"tags":[],"_links":{"self":[{"href":"https:\/\/www.leccecronaca.it\/index.php\/wp-json\/wp\/v2\/posts\/18184"}],"collection":[{"href":"https:\/\/www.leccecronaca.it\/index.php\/wp-json\/wp\/v2\/posts"}],"about":[{"href":"https:\/\/www.leccecronaca.it\/index.php\/wp-json\/wp\/v2\/types\/post"}],"author":[{"embeddable":true,"href":"https:\/\/www.leccecronaca.it\/index.php\/wp-json\/wp\/v2\/users\/4"}],"replies":[{"embeddable":true,"href":"https:\/\/www.leccecronaca.it\/index.php\/wp-json\/wp\/v2\/comments?post=18184"}],"version-history":[{"count":2,"href":"https:\/\/www.leccecronaca.it\/index.php\/wp-json\/wp\/v2\/posts\/18184\/revisions"}],"predecessor-version":[{"id":18187,"href":"https:\/\/www.leccecronaca.it\/index.php\/wp-json\/wp\/v2\/posts\/18184\/revisions\/18187"}],"wp:featuredmedia":[{"embeddable":true,"href":"https:\/\/www.leccecronaca.it\/index.php\/wp-json\/wp\/v2\/media\/18185"}],"wp:attachment":[{"href":"https:\/\/www.leccecronaca.it\/index.php\/wp-json\/wp\/v2\/media?parent=18184"}],"wp:term":[{"taxonomy":"category","embeddable":true,"href":"https:\/\/www.leccecronaca.it\/index.php\/wp-json\/wp\/v2\/categories?post=18184"},{"taxonomy":"post_tag","embeddable":true,"href":"https:\/\/www.leccecronaca.it\/index.php\/wp-json\/wp\/v2\/tags?post=18184"}],"curies":[{"name":"wp","href":"https:\/\/api.w.org\/{rel}","templated":true}]}}