{"id":18192,"date":"2013-06-26T15:08:53","date_gmt":"2013-06-26T15:08:53","guid":{"rendered":"http:\/\/www.leccecronaca.it\/?p=18192"},"modified":"2013-06-26T15:08:53","modified_gmt":"2013-06-26T15:08:53","slug":"cavallino-convegno-coscienza-e-conoscenza","status":"publish","type":"post","link":"https:\/\/www.leccecronaca.it\/index.php\/2013\/06\/26\/cavallino-convegno-coscienza-e-conoscenza\/","title":{"rendered":"CAVALLINO: CONVEGNO &#8220;COSCIENZA E CONOSCENZA&#8221;"},"content":{"rendered":"<p><a href=\"https:\/\/www.leccecronaca.it\/wordpress\/wp-content\/uploads\/2013\/06\/260px-Cavallino_Piazza_Castromediano.jpg\"><img decoding=\"async\" loading=\"lazy\" src=\"https:\/\/www.leccecronaca.it\/wordpress\/wp-content\/uploads\/2013\/06\/260px-Cavallino_Piazza_Castromediano.jpg\" alt=\"\" width=\"260\" height=\"195\" class=\"alignleft size-full wp-image-18193\" \/><\/a>Come apprendere semplici tecniche di ascolto del proprio corpo e di mobilizzazione della propria energia. Se ne parler\u00e0 a Casina Vernazza dal 28 al 30 giugno prossimi con il convegno \u00abCoscienza e conoscenza &#8211; esperienze a confronto\u00bb, organizzato da Armonia Progressiva e da SISSC con il patrocinio dell\u2019Amministrazione Comunale di Cavallino.<\/p>\n<p>Che rapporti esistono tra coscienza e conoscenza e che influenza reciproca possono avere? Se ne discuter\u00e0 per tre giorni a Casina Vernazza Cavallino, dal 28 al 30 giugno prossimi, con il convegno \u00abCoscienza e conoscenza &#8211; esperienze a confronto\u00bb, iniziativa siglata dall\u2019 associazione culturale Armonia Progressiva e da SISSC &#8211; Societ\u00e0 Italiana per lo Studio degli Stati di Coscienza con il patrocinio dell\u2019Amministrazione Comunale di Cavallino. L\u2019evento, cui parteciperanno studiosi provenienti da diverse citt\u00e0 d\u2019Italia, sar\u00e0 articolato in una parte teorica che consister\u00e0 di tre cicli di conferenze pomeridiane e di due workshop mattutini. La finalit\u00e0 del convegno sar\u00e0 quella di offrire non solo spunti di riflessione sul rapporto tra coscienza e conoscenza nella loro reciproca influenza, partendo da vari contesti ed esperienze, ma, anche, di offrire a tutti l\u2019opportunit\u00e0 di apprendere semplici tecniche di ascolto del proprio corpo e di mobilizzazione della propria energia e della coscienza per essere pi\u00f9 sereni e centrati, migliorare la qualit\u00e0 della vita e viverla con pi\u00f9 gioia. Un convegno, dunque, non solo di rilevanza culturale (dati gli argomenti ed i relatori), ma di grande importanza per poter sperimentare l\u2019utilit\u00e0 pratica e l\u2019applicazione nella realt\u00e0 quotidiana di alcuni argomenti discussi nei tre giorni di lavori. Al meeting interverranno i dottori Gilberto Camilla, Fulvia Cariglia, Piero Cucugliato, Piero Fumarola, Fulvio Gosso, Francesco Perricelli e Bruno Severi, i professori Maurizio Nocera e Maurizio Paolillo e padre Gianni Capaccioni, missionario comboniano. Ad aprire i lavori saranno i saluti istituzionali del sindaco della Citt\u00e0 di Cavalliono avvocato Michele Lombardi. Per informazioni e iscrizioni (obbligatorie per i seminari mattutini che sono a numero chiuso): 328.4138634 &#8211; sisscaltrove@gmail.com &#8211; https:\/\/sites.google.com\/site\/sisscaltrove\/.<\/p>\n<p>&nbsp;<\/p>\n<fb:like href='https:\/\/www.leccecronaca.it\/index.php\/2013\/06\/26\/cavallino-convegno-coscienza-e-conoscenza\/' send='true' layout='button_count' show_faces='true' width='450' height='65' action='recommend' colorscheme='light' font='lucida grande'><\/fb:like><span class=\"fb_share\"><fb:like href=\"https:\/\/www.leccecronaca.it\/index.php\/2013\/06\/26\/cavallino-convegno-coscienza-e-conoscenza\/\" layout=\"button_count\"><\/fb:like><\/span>","protected":false},"excerpt":{"rendered":"<p>Come apprendere semplici tecniche di ascolto del proprio corpo e di mobilizzazione della propria energia. Se ne parler\u00e0 a Casina Vernazza dal 28 al 30 giugno prossimi con il convegno \u00abCoscienza e conoscenza &#8211; esperienze a confronto\u00bb, organizzato da Armonia Progressiva e da SISSC con il patrocinio dell\u2019Amministrazione Comunale di Cavallino. Che rapporti esistono tra [&hellip;]<\/p>\n","protected":false},"author":4,"featured_media":18193,"comment_status":"open","ping_status":"closed","sticky":false,"template":"","format":"standard","meta":[],"categories":[1],"tags":[],"_links":{"self":[{"href":"https:\/\/www.leccecronaca.it\/index.php\/wp-json\/wp\/v2\/posts\/18192"}],"collection":[{"href":"https:\/\/www.leccecronaca.it\/index.php\/wp-json\/wp\/v2\/posts"}],"about":[{"href":"https:\/\/www.leccecronaca.it\/index.php\/wp-json\/wp\/v2\/types\/post"}],"author":[{"embeddable":true,"href":"https:\/\/www.leccecronaca.it\/index.php\/wp-json\/wp\/v2\/users\/4"}],"replies":[{"embeddable":true,"href":"https:\/\/www.leccecronaca.it\/index.php\/wp-json\/wp\/v2\/comments?post=18192"}],"version-history":[{"count":1,"href":"https:\/\/www.leccecronaca.it\/index.php\/wp-json\/wp\/v2\/posts\/18192\/revisions"}],"predecessor-version":[{"id":18194,"href":"https:\/\/www.leccecronaca.it\/index.php\/wp-json\/wp\/v2\/posts\/18192\/revisions\/18194"}],"wp:featuredmedia":[{"embeddable":true,"href":"https:\/\/www.leccecronaca.it\/index.php\/wp-json\/wp\/v2\/media\/18193"}],"wp:attachment":[{"href":"https:\/\/www.leccecronaca.it\/index.php\/wp-json\/wp\/v2\/media?parent=18192"}],"wp:term":[{"taxonomy":"category","embeddable":true,"href":"https:\/\/www.leccecronaca.it\/index.php\/wp-json\/wp\/v2\/categories?post=18192"},{"taxonomy":"post_tag","embeddable":true,"href":"https:\/\/www.leccecronaca.it\/index.php\/wp-json\/wp\/v2\/tags?post=18192"}],"curies":[{"name":"wp","href":"https:\/\/api.w.org\/{rel}","templated":true}]}}