{"id":182224,"date":"2021-04-25T10:27:34","date_gmt":"2021-04-25T08:27:34","guid":{"rendered":"http:\/\/www.leccecronaca.it\/?p=182224"},"modified":"2021-04-25T10:40:11","modified_gmt":"2021-04-25T08:40:11","slug":"la-democrazia-sospesa","status":"publish","type":"post","link":"https:\/\/www.leccecronaca.it\/index.php\/2021\/04\/25\/la-democrazia-sospesa\/","title":{"rendered":"LA DEMOCRAZIA SOSPESA"},"content":{"rendered":"<p><img decoding=\"async\" loading=\"lazy\" class=\"alignnone size-full wp-image-182225\" src=\"https:\/\/www.leccecronaca.it\/wordpress\/wp-content\/uploads\/2021\/04\/dra.jpg\" alt=\"\" width=\"860\" height=\"600\" srcset=\"https:\/\/www.leccecronaca.it\/wordpress\/wp-content\/uploads\/2021\/04\/dra.jpg 860w, https:\/\/www.leccecronaca.it\/wordpress\/wp-content\/uploads\/2021\/04\/dra-300x209.jpg 300w, https:\/\/www.leccecronaca.it\/wordpress\/wp-content\/uploads\/2021\/04\/dra-768x536.jpg 768w\" sizes=\"(max-width: 860px) 100vw, 860px\" \/>di <strong>Giuseppe Puppo<\/strong>______Un consiglio dei ministri cos\u00ec importante, quale quello dedicato ai provvedimenti economici da adottare per l&#8217;utilizzo dei fondi europei, il cos\u00ec detto &#8220;Piano nazionale di ripresa e resilenza&#8221;, su cui si gioca il futuro delle prossime generazioni, col passare delle ore \u00e8 diventato via via sempre pi\u00f9 misterioso.<\/p>\n<p>Previsto per l&#8217;altro giorno, venerd\u00ec, fissato poi per ieri mattina, sabato, si \u00e8 svolto alla fine questa notte.<\/p>\n<p>Cosa \u00e8 stato deciso? Ah, saperlo&#8230;<\/p>\n<p>Parliamo di concreto.<\/p>\n<p>Continua il deficit di informazione, anzi, di democrazia tout court, con Mario Draghi, il quale per di pi\u00f9 ha alzato una vera e propria barriera intorno al piedistallo ideale su cui \u00e8 stato posto dai pi\u00f9, spesso con stomachevole piaggeria, al suo arrivo &#8220;salvifico&#8221;.<\/p>\n<p>Un premier non eletto da nessuno, e non c&#8217;era bisogno di Erdogan, per dirlo.<\/p>\n<p>&nbsp;<\/p>\n<p>Continuano i decreti di cui c&#8217;\u00e8 solo l&#8217;annuncio sintetico con comunicati stampa propagandistici, che danno una versione edulcorata, funzionale solo agli interessi dei decisori. Salvo poi, quando, dopo giorni, sono pubblicati in Gazzetta Ufficiale, accorgersi della reale portata dei provvedimenti adottati.<\/p>\n<p>E se ne accorge solamente chi ha la possibilit\u00e0, sarebbe meglio dire la pazienza, di esaminare con spirito critico e vigile centinaia e centinaia di pagine, in cui fra l&#8217;altro c&#8217;\u00e8 mischiato un po&#8217; di tutto e un po&#8217; del contrario di tutto rispetto al tema indicato.<\/p>\n<p>Esempio indicativo: l&#8217;ultimo adottato gioved\u00ec scorso, quello delle cos\u00ec dette &#8220;Riaperture&#8221;, era stato presentato con enfasi concessiva, salvo poi accorgersi che rimaneva il coprifuoco alle 22, che in pratica vanificava in buona sostanza le riaperture, e prevedeva il divieto di\u00a0consumo all&#8217;interno dei locali, pure quello di un caff\u00e8 al bancone del bar, anche nella zona gialla.<\/p>\n<p>E le hanno chiamate &#8220;riaperture&#8221;&#8230;<\/p>\n<p>Un governo, un presidente del consiglio nominato dalle nomenklatura finanziaria, refrattario pure al buon senso, evocato in maniera bipartisan dai tanti che almeno al buon senso non vogliono\u00a0 rinunciare.<\/p>\n<p>&nbsp;<\/p>\n<p>Questa mattina ci risiamo.<\/p>\n<p>Della riunione notturna abbiamo solo il comunicato ufficiale del governo, comunque eccolo:<\/p>\n<p>&nbsp;<\/p>\n<p><strong><em>Il Consiglio dei Ministri si \u00e8 riunito sabato 24 aprile 2021, alle ore 22.00 a Palazzo Chigi, sotto la presidenza del Presidente Mario Draghi. Segretario, il Sottosegretario alla Presidenza Roberto Garofoli.<\/em><\/strong><\/p>\n<p><strong><em>PIANO NAZIONALE DI RIPRESA E RESILIENZA<\/em><\/strong><br \/>\n<strong><em>Il Ministro dell\u2019economia e delle finanze Daniele Franco ha svolto una informativa al Consiglio dei Ministri in merito al Piano per la ripresa e la resilienza, di cui all\u2019articolo 18 del Regolamento (UE) n. 2021\/241 del Parlamento europeo e del Consiglio del 12 febbraio 2021, e al Fondo nazionale complementare.<\/em><\/strong><\/p>\n<p><strong><em>L\u2019Italia \u00e8 la prima beneficiaria, in valore assoluto, dei due principali strumenti del programma Next Generation EU (NGEU), predisposto dall\u2019Unione Europea in risposta alla crisi pandemica e che prevede investimenti e riforme per accelerare la transizione ecologica e digitale, migliorare la formazione delle lavoratrici e dei lavoratori e conseguire una maggiore equit\u00e0 di genere, territoriale e generazionale. Si tratta del Dispositivo per la Ripresa e Resilienza (RRF) e del Pacchetto di Assistenza alla Ripresa per la Coesione e i Territori di Europa (REACT-EU). Il solo RRF garantisce risorse per 191,5 miliardi di euro, delle quali 68,9 miliardi sono sovvenzioni a fondo perduto, da impiegare nel periodo 2021-2026.<\/em><\/strong><\/p>\n<p><strong><em>Il Piano Nazionale di Ripresa e Resilienza (PNRR) prevede un corposo e organico pacchetto di investimenti e riforme, con l\u2019obiettivo di modernizzare la pubblica amministrazione, rafforzare il sistema produttivo e intensificare gli sforzi nel contrasto alla povert\u00e0, all\u2019esclusione sociale e alle disuguaglianze, per riprendere un percorso di crescita economica sostenibile e duraturo rimuovendo gli ostacoli che hanno bloccato la crescita italiana negli ultimi decenni. Si articola in 6 Missioni (digitalizzazione, innovazione, competitivit\u00e0, cultura; rivoluzione verde e transizione ecologica; infrastrutture per una mobilit\u00e0 sostenibile; istruzione e ricerca; inclusione e coesione; salute) e 16 Componenti.<\/em><\/strong><\/p>\n<p><strong><em>Il Piano \u00e8 in piena coerenza con i sei pilastri del NGEU e soddisfa i parametri fissati dai regolamenti europei, con una quota di progetti \u201cverdi\u201d pari al 40 per cento del totale e di progetti digitali del 27 per cento. Il 40 per cento circa delle risorse territorializzabili sono destinate al Mezzogiorno, a testimonianza dell\u2019attenzione al tema del riequilibrio territoriale. Il Piano \u00e8 fortemente orientato all\u2019inclusione di genere e al sostegno all\u2019istruzione, formazione e occupazione dei giovani e contribuisce a ciascuno dei sette progetti di punta (European flagship) della Strategia annuale sulla crescita sostenibile dell\u2019UE. Gli impatti ambientali indiretti sono stati valutati e la loro entit\u00e0 minimizzata, in linea con i principi che ispirano il NGEU.<\/em><\/strong><\/p>\n<p><strong><em>Il Governo intende attuare quattro importanti riforme di contesto: pubblica amministrazione, giustizia, semplificazione della legislazione e promozione della concorrenza.<\/em><\/strong><\/p>\n<p><strong><em>Gli investimenti previsti avranno un impatto significativo sulle principali variabili macroeconomiche e miglioreranno in maniera importante gli indicatori sui divari territoriali, l\u2019occupazione giovanile e quella femminile. Il programma di riforme potr\u00e0 ulteriormente accrescere questo impatto.<\/em><\/strong><\/p>\n<p><strong><em>Inoltre, nel quadro di una pi\u00f9 ampia e ambiziosa politica di ammodernamento del Paese, il Governo intende aggiornare e perfezionare le strategie nazionali in tema di sviluppo e mobilit\u00e0 sostenibile, ambiente e clima, idrogeno, automotive, filiera della salute.<\/em><\/strong><\/p>\n<p><strong><em>Alle risorse previste dal PNRR si aggiungono quelle della programmazione nazionale complementare, quelle rese disponibili dal REACT-EU e quelle derivanti dalla programmazione dei fondi strutturali e di investimento UE.<\/em><\/strong><\/p>\n<p>&nbsp;<\/p>\n<p>Che significa?<\/p>\n<p>Tutto, cio\u00e8 niente.<\/p>\n<p>Ne sapremo di pi\u00f9 probabilmente solo in sede di dibattito in Parlamento, il cui inizio \u00e8 previsto a Montecitorio domani mattina, luned\u00ec 26, alle 11.<\/p>\n<p>Meraviglioso: i deputati chiamati a dibattere su qualcosa che nemmeno possono conoscere.<\/p>\n<p>Provvedimenti su cui era necessario sollecitare la partecipazione e ottenere la condivisione popolare, adottati invece &#8220;col favore delle tenebre&#8221; nelle segrete stanze.<\/p>\n<p>Questa \u00e8 ormai diventata una democrazia sospesa, esattamente come continuano a essere sospesi ormai da troppo tempo e senza giustificazione valida alcuni diritti fondamentali dei cittadini previsti dalla Costituzione.<\/p>\n<p>&nbsp;<\/p>\n<p>In questi provvedimenti adottati questa notte, come \u00e8 stata prevista la ripartizione delle risorse, per esempio fra le Regioni, quindi fra Nord e Sud Italia? Come \u00e8 prevista che avvenga la cos\u00ec detta &#8216;transizione ecologica&#8217;? Perch\u00e9 in buona sostanza per tanti versi pare che si preveda di continuare a dare aiuti e quindi soldi alle grandi imprese, cio\u00e8 ai ricchi, invece di rimetterli in circolo assegnandoli direttamente ai bisogni dei ceti popolari, degli ultimi, degli esclusi, delle persone in difficolt\u00e0?<\/p>\n<p>Le &#8216;detrazioni edilizie&#8217; sono una priorit\u00e0?<\/p>\n<p>&nbsp;<\/p>\n<p>E &#8211; fateci capire &#8211; \u00e8 vero che, come si sussurra e non si grida, viene abolita la cos\u00ec detta quota 100, cio\u00e8 la possibilit\u00e0 di andare in pensione col il nuovo e pi\u00f9 giusto sistema adottato sulle ceneri del massacro sociale che era stato architettato dalla Fornero?<\/p>\n<p>Se \u00e8 vero, vorremmo poi sapere che cosa ne pensa quel nuovo, risibile partito di lotta e di governo che dell&#8217;abolizione della legge Fornero aveva fatto la sua bandiera.<\/p>\n<p>&nbsp;<\/p>\n<p>&nbsp;<\/p>\n<p>&nbsp;<\/p>\n<fb:like href='https:\/\/www.leccecronaca.it\/index.php\/2021\/04\/25\/la-democrazia-sospesa\/' send='true' layout='button_count' show_faces='true' width='450' height='65' action='recommend' colorscheme='light' font='lucida grande'><\/fb:like><span class=\"fb_share\"><fb:like href=\"https:\/\/www.leccecronaca.it\/index.php\/2021\/04\/25\/la-democrazia-sospesa\/\" layout=\"button_count\"><\/fb:like><\/span>","protected":false},"excerpt":{"rendered":"<p>di Giuseppe Puppo______Un consiglio dei ministri cos\u00ec importante, quale quello dedicato ai provvedimenti economici da adottare per l&#8217;utilizzo dei fondi europei, il cos\u00ec detto &#8220;Piano nazionale di ripresa e resilenza&#8221;, su cui si gioca il futuro delle prossime generazioni, col passare delle ore \u00e8 diventato via via sempre pi\u00f9 misterioso. Previsto per l&#8217;altro giorno, venerd\u00ec, [&hellip;]<\/p>\n","protected":false},"author":4,"featured_media":182225,"comment_status":"open","ping_status":"closed","sticky":false,"template":"","format":"standard","meta":[],"categories":[69,76],"tags":[],"_links":{"self":[{"href":"https:\/\/www.leccecronaca.it\/index.php\/wp-json\/wp\/v2\/posts\/182224"}],"collection":[{"href":"https:\/\/www.leccecronaca.it\/index.php\/wp-json\/wp\/v2\/posts"}],"about":[{"href":"https:\/\/www.leccecronaca.it\/index.php\/wp-json\/wp\/v2\/types\/post"}],"author":[{"embeddable":true,"href":"https:\/\/www.leccecronaca.it\/index.php\/wp-json\/wp\/v2\/users\/4"}],"replies":[{"embeddable":true,"href":"https:\/\/www.leccecronaca.it\/index.php\/wp-json\/wp\/v2\/comments?post=182224"}],"version-history":[{"count":10,"href":"https:\/\/www.leccecronaca.it\/index.php\/wp-json\/wp\/v2\/posts\/182224\/revisions"}],"predecessor-version":[{"id":182235,"href":"https:\/\/www.leccecronaca.it\/index.php\/wp-json\/wp\/v2\/posts\/182224\/revisions\/182235"}],"wp:featuredmedia":[{"embeddable":true,"href":"https:\/\/www.leccecronaca.it\/index.php\/wp-json\/wp\/v2\/media\/182225"}],"wp:attachment":[{"href":"https:\/\/www.leccecronaca.it\/index.php\/wp-json\/wp\/v2\/media?parent=182224"}],"wp:term":[{"taxonomy":"category","embeddable":true,"href":"https:\/\/www.leccecronaca.it\/index.php\/wp-json\/wp\/v2\/categories?post=182224"},{"taxonomy":"post_tag","embeddable":true,"href":"https:\/\/www.leccecronaca.it\/index.php\/wp-json\/wp\/v2\/tags?post=182224"}],"curies":[{"name":"wp","href":"https:\/\/api.w.org\/{rel}","templated":true}]}}