{"id":182236,"date":"2021-04-25T12:35:46","date_gmt":"2021-04-25T10:35:46","guid":{"rendered":"http:\/\/www.leccecronaca.it\/?p=182236"},"modified":"2021-04-25T12:35:46","modified_gmt":"2021-04-25T10:35:46","slug":"unamministrazione-che-sta-deludendo-sempre-piu-le-aspettative-di-cambiamento-che-molti-cittadini-pensavano-potessero-realizzarsi-con-il-cambio-di-governo","status":"publish","type":"post","link":"https:\/\/www.leccecronaca.it\/index.php\/2021\/04\/25\/unamministrazione-che-sta-deludendo-sempre-piu-le-aspettative-di-cambiamento-che-molti-cittadini-pensavano-potessero-realizzarsi-con-il-cambio-di-governo\/","title":{"rendered":"&#8220;Un\u2019amministrazione che sta deludendo sempre pi\u00f9 le aspettative di cambiamento che molti cittadini pensavano potessero realizzarsi con il cambio di governo&#8221;"},"content":{"rendered":"<p><img decoding=\"async\" loading=\"lazy\" class=\"alignnone size-full wp-image-182237\" src=\"https:\/\/www.leccecronaca.it\/wordpress\/wp-content\/uploads\/2021\/04\/carico-e-scarico-lecce-2.jpg\" alt=\"\" width=\"360\" height=\"480\" srcset=\"https:\/\/www.leccecronaca.it\/wordpress\/wp-content\/uploads\/2021\/04\/carico-e-scarico-lecce-2.jpg 360w, https:\/\/www.leccecronaca.it\/wordpress\/wp-content\/uploads\/2021\/04\/carico-e-scarico-lecce-2-225x300.jpg 225w\" sizes=\"(max-width: 360px) 100vw, 360px\" \/>Riceviamo e volentieri pubblichiamo. il presidente dell&#8217;associazione Sportello dei Diritti Giovanni D&#8217;Agata ci manda il seguente comunicato______<\/p>\n<p>Mobilit\u00e0 a Lecce e diritti dei commercianti leccesi piegati all\u2019esigenze della sosta a pagamento. In via San Lazzaro tolti gli stalli per il \u201ccarico e scarico\u201d per far posto alle \u201cstrisce blu\u201d. Amministrazione \u201csorda\u201d: nessun riscontro alle istanze scritte degli esercenti e dello \u201cSportello dei Diritti\u201d<\/p>\n<p>&nbsp;<\/p>\n<p>Noi dello \u201cSportello dei Diritti\u201d sono anni che abbiamo sollevato il problema dell\u2019espansione delle aree a pagamento della sosta a Lecce che, nonostante il sistema adottato da oltre vent\u2019anni, non ha comportato i miglioramenti che si ritenevano programmati sulla mobilit\u00e0 e sulla riduzione dei veicoli a quattro ruote circolanti. E la scelta di eliminare posti \u201cgratis\u201d o quelli necessari al \u201ccarico e scarico\u201d delle merci per far posto a un tappeto di \u201cstrisce blu\u201d, si \u00e8 sempre scontrata con le esigenze dei commercianti che si trovano spesso a far i salti mortali per accedere nelle proprie attivit\u00e0 e trasportarvi i prodotti da vendere in quanto gli spazi di sosta antistanti sono spesso occupati per ore da autovetture o anche veicoli pi\u00f9 grandi.<\/p>\n<p><img decoding=\"async\" loading=\"lazy\" class=\"alignnone size-full wp-image-182238\" src=\"https:\/\/www.leccecronaca.it\/wordpress\/wp-content\/uploads\/2021\/04\/carico-e-scarico-lecce-3.jpg\" alt=\"\" width=\"614\" height=\"461\" srcset=\"https:\/\/www.leccecronaca.it\/wordpress\/wp-content\/uploads\/2021\/04\/carico-e-scarico-lecce-3.jpg 614w, https:\/\/www.leccecronaca.it\/wordpress\/wp-content\/uploads\/2021\/04\/carico-e-scarico-lecce-3-300x225.jpg 300w, https:\/\/www.leccecronaca.it\/wordpress\/wp-content\/uploads\/2021\/04\/carico-e-scarico-lecce-3-400x300.jpg 400w\" sizes=\"(max-width: 614px) 100vw, 614px\" \/><\/p>\n<p>Emblematico il caso di via San Lazzaro dove qualche mese or sono gli esercenti delle attivit\u00e0 prossime ai civici tra il 20 e il 22 si sono trovate la spiacevole sorpresa di vedersi cancellate le strisce che delimitavano lo spazio per il \u201ccarico e scarico\u201d per nuove \u201cstrisce blu\u201d, con la conseguenza che d\u2019allora la loro vita lavorativa \u00e8 divenuta molto pi\u00f9 difficile. Proprio per questo hanno cercato di rappresentare pi\u00f9 volte la necessit\u00e0 del ripristino del \u201ccarico e scarico\u201d anche formalmente, sia con istanza del 21 gennaio a firma di un paio dei commercianti della zona che con una nostra nota protocollata lo scorso 16 marzo.<\/p>\n<p>Purtroppo, le garbate richieste sono cadute completamente nel vuoto con un\u2019amministrazione che sta deludendo sempre pi\u00f9 le aspettative di cambiamento che molti cittadini pensavano potessero realizzarsi con il cambio di \u201cgoverno\u201d, quantomeno nella capacit\u00e0 di ascolto delle doglianze della cittadinanza. Al contrario, l\u2019assoluto silenzio serbato dopo le suddette istanze formali ci fa pensare legittimamente che i diritti dei commercianti leccesi siano piegati all\u2019esigenze della sosta a pagamento. Ecco perch\u00e9 \u2013 rileva Giovanni D\u2019Agata, presidente dello \u201cSportello dei Diritti\u201d &#8211; siamo costretti a rilanciare il nostro appello, questa volta in forma pubblica, nella speranza che almeno dopo un comunicato &#8211; che, si auspica, venga rilanciato dalla stampa locale &#8211; sia dato ascolto ai commercianti di via San Lazzaro affinch\u00e8 venga ripristinata la piccola porzione di \u201ccarico e scarico\u201d e cancellati solo quattro, cinque metri di \u201cstrisce blu\u201d.<\/p>\n<p>&nbsp;<\/p>\n<fb:like href='https:\/\/www.leccecronaca.it\/index.php\/2021\/04\/25\/unamministrazione-che-sta-deludendo-sempre-piu-le-aspettative-di-cambiamento-che-molti-cittadini-pensavano-potessero-realizzarsi-con-il-cambio-di-governo\/' send='true' layout='button_count' show_faces='true' width='450' height='65' action='recommend' colorscheme='light' font='lucida grande'><\/fb:like><span class=\"fb_share\"><fb:like href=\"https:\/\/www.leccecronaca.it\/index.php\/2021\/04\/25\/unamministrazione-che-sta-deludendo-sempre-piu-le-aspettative-di-cambiamento-che-molti-cittadini-pensavano-potessero-realizzarsi-con-il-cambio-di-governo\/\" layout=\"button_count\"><\/fb:like><\/span>","protected":false},"excerpt":{"rendered":"<p>Riceviamo e volentieri pubblichiamo. il presidente dell&#8217;associazione Sportello dei Diritti Giovanni D&#8217;Agata ci manda il seguente comunicato______ Mobilit\u00e0 a Lecce e diritti dei commercianti leccesi piegati all\u2019esigenze della sosta a pagamento. In via San Lazzaro tolti gli stalli per il \u201ccarico e scarico\u201d per far posto alle \u201cstrisce blu\u201d. Amministrazione \u201csorda\u201d: nessun riscontro alle istanze [&hellip;]<\/p>\n","protected":false},"author":4,"featured_media":182237,"comment_status":"open","ping_status":"closed","sticky":false,"template":"","format":"standard","meta":[],"categories":[69,76,36],"tags":[],"_links":{"self":[{"href":"https:\/\/www.leccecronaca.it\/index.php\/wp-json\/wp\/v2\/posts\/182236"}],"collection":[{"href":"https:\/\/www.leccecronaca.it\/index.php\/wp-json\/wp\/v2\/posts"}],"about":[{"href":"https:\/\/www.leccecronaca.it\/index.php\/wp-json\/wp\/v2\/types\/post"}],"author":[{"embeddable":true,"href":"https:\/\/www.leccecronaca.it\/index.php\/wp-json\/wp\/v2\/users\/4"}],"replies":[{"embeddable":true,"href":"https:\/\/www.leccecronaca.it\/index.php\/wp-json\/wp\/v2\/comments?post=182236"}],"version-history":[{"count":1,"href":"https:\/\/www.leccecronaca.it\/index.php\/wp-json\/wp\/v2\/posts\/182236\/revisions"}],"predecessor-version":[{"id":182239,"href":"https:\/\/www.leccecronaca.it\/index.php\/wp-json\/wp\/v2\/posts\/182236\/revisions\/182239"}],"wp:featuredmedia":[{"embeddable":true,"href":"https:\/\/www.leccecronaca.it\/index.php\/wp-json\/wp\/v2\/media\/182237"}],"wp:attachment":[{"href":"https:\/\/www.leccecronaca.it\/index.php\/wp-json\/wp\/v2\/media?parent=182236"}],"wp:term":[{"taxonomy":"category","embeddable":true,"href":"https:\/\/www.leccecronaca.it\/index.php\/wp-json\/wp\/v2\/categories?post=182236"},{"taxonomy":"post_tag","embeddable":true,"href":"https:\/\/www.leccecronaca.it\/index.php\/wp-json\/wp\/v2\/tags?post=182236"}],"curies":[{"name":"wp","href":"https:\/\/api.w.org\/{rel}","templated":true}]}}