{"id":182371,"date":"2021-04-30T14:12:57","date_gmt":"2021-04-30T12:12:57","guid":{"rendered":"http:\/\/www.leccecronaca.it\/?p=182371"},"modified":"2021-04-30T17:58:11","modified_gmt":"2021-04-30T15:58:11","slug":"anteprima-di-lecce-cittadella-sabato-1-maggio-ore-14-00","status":"publish","type":"post","link":"https:\/\/www.leccecronaca.it\/index.php\/2021\/04\/30\/anteprima-di-lecce-cittadella-sabato-1-maggio-ore-14-00\/","title":{"rendered":"ANTEPRIMA DI LECCE-CITTADELLA, SABATO 1 ORE 14.00"},"content":{"rendered":"<p><img decoding=\"async\" loading=\"lazy\" class=\"alignnone size-full wp-image-172598\" src=\"https:\/\/www.leccecronaca.it\/wordpress\/wp-content\/uploads\/2020\/09\/5484762_1256_corini_eu.jpg\" alt=\"\" width=\"990\" height=\"743\" srcset=\"https:\/\/www.leccecronaca.it\/wordpress\/wp-content\/uploads\/2020\/09\/5484762_1256_corini_eu.jpg 990w, https:\/\/www.leccecronaca.it\/wordpress\/wp-content\/uploads\/2020\/09\/5484762_1256_corini_eu-300x225.jpg 300w, https:\/\/www.leccecronaca.it\/wordpress\/wp-content\/uploads\/2020\/09\/5484762_1256_corini_eu-768x576.jpg 768w, https:\/\/www.leccecronaca.it\/wordpress\/wp-content\/uploads\/2020\/09\/5484762_1256_corini_eu-400x300.jpg 400w\" sizes=\"(max-width: 990px) 100vw, 990px\" \/>di <strong>Mattia Ala_______<\/strong><\/p>\n<p>Il campionato cadetto giunge ormai al termine e la lotta per la promozione\u00a0 in Serie A si fa sempre pi\u00f9 infuocata.<\/p>\n<p>Con l&#8217;<strong>Empoli<\/strong> che ormai attende solo l&#8217;aritmetica per festeggiare il ritorno nella massima serie, a contendersi fino all&#8217;ultima partita il secondo e ultimo posto disponibile\u00a0 per il salto diretto di categoria saranno <strong>Lecce<\/strong> e <strong>Salernitana<\/strong>, senza dimenticare\u00a0 \u00a0il <strong>Monza,\u00a0<\/strong>\u00a0formazioni distanti una sola lunghezza in classifica.<\/p>\n<p>Sulla carta il calendario pi\u00f9 complicato sembra quello dei salentini, ma si sa il calcio \u00e8 imprevedibile e la sorpresa \u00e8 sempre dietro l&#8217;angolo, pensiamo all&#8217;ultima vittoria della stessa <strong>Salernitana<\/strong> in extremis contro il <strong>Venezia<\/strong>.<\/p>\n<p>Domani per ostacolare il percorso dei giallorossi arriva il <strong>Cittadella<\/strong>, mentre contemporaneamente i campani\u00a0 se la vedranno proprio contro il <strong>Monza<\/strong> di <strong>Berlusconi<\/strong> e <strong>Galliani<\/strong>.<\/p>\n<p>Guai quindi per i ragazzi di <strong>Eugenio Corini\u00a0<\/strong>(nella foto) lasciarsi distrarre dalle notizie provenienti dall&#8217;<strong>Arechi<\/strong>.<\/p>\n<p>&nbsp;<\/p>\n<p><strong>L&#8217;AVVERSARIO<\/strong><\/p>\n<p>I veneti, ormai da qualche stagione a questa parte gravitano nelle zone alte della classifica e hanno sfiorato a pi\u00f9 riprese il passaggio in Serie A, salvo poi essere sempre sconfitti sempre ai playoff.<\/p>\n<p>La loro crescita \u00e8 legata al lavoro eccellente dei <strong>Gabrielli<\/strong>, un&#8217;importante famiglia italiana che opera nel settore siderurgico, proprietaria del club, del direttore generale <strong>Stefano Marchett<\/strong>i, bravissimo a creare\u00a0 una fucina di giovani talenti, che vengono poi plasmati dal tecnico<strong> Roberto Venturato<\/strong>.<\/p>\n<p>Possono annoverare nella loro rosa elementi di grande esperienza e\u00a0 qualit\u00e0, pensiamo al capitano <strong>Manuel Iori<\/strong>, <strong>Mario Gargiulo<\/strong> o all&#8217;attaccante <strong>Robert Ogunseye<\/strong>, senza dimenticare gli ex giallorossi\u00a0 <strong>Marco Rosafio<\/strong> e <strong>Giacomo Beretta<\/strong>.<\/p>\n<p>Nelle ultime cinque uscite hanno collezionato cinque punti, frutto di due sconfitte, una vittoria e due pareggi. Attualmente occupano il sesto posto in classifica e sono in piena corsa per i playoff.<\/p>\n<p>Facile quindi pensare che scenderanno nel Salento tanto agguerriti e desiderosi di fare punti.<\/p>\n<p>&nbsp;<\/p>\n<p><strong><img decoding=\"async\" loading=\"lazy\" class=\"alignnone size-full wp-image-181148\" src=\"https:\/\/www.leccecronaca.it\/wordpress\/wp-content\/uploads\/2021\/04\/thumbnail_Allenamento-Acaya-est.003.jpg\" alt=\"\" width=\"1024\" height=\"768\" srcset=\"https:\/\/www.leccecronaca.it\/wordpress\/wp-content\/uploads\/2021\/04\/thumbnail_Allenamento-Acaya-est.003.jpg 1024w, https:\/\/www.leccecronaca.it\/wordpress\/wp-content\/uploads\/2021\/04\/thumbnail_Allenamento-Acaya-est.003-300x225.jpg 300w, https:\/\/www.leccecronaca.it\/wordpress\/wp-content\/uploads\/2021\/04\/thumbnail_Allenamento-Acaya-est.003-768x576.jpg 768w, https:\/\/www.leccecronaca.it\/wordpress\/wp-content\/uploads\/2021\/04\/thumbnail_Allenamento-Acaya-est.003-400x300.jpg 400w\" sizes=\"(max-width: 1024px) 100vw, 1024px\" \/>COME SCENDE IN CAMPO IL LECCE?<\/strong><\/p>\n<p>Il <strong>Lecce<\/strong> dovrebbe scendere in campo con il classico 4-3-1-2. Dunque, davanti a <strong>Gabriel<\/strong>, spazio a <strong>Maggio-Lucioni-Meccariello e Gallo<\/strong> a comporre il pacchetto difensivo.<\/p>\n<p>Sulla linea mediana, ai lati del play danese<strong> Hjulmand<\/strong>, agiranno <strong>Majer<\/strong> e <strong>Bjorkengren<\/strong>, mentre nel reparto avanzato, nonostante il recupero di <strong>Mancosu<\/strong>,\u00a0 <strong>Henderson<\/strong> ancora una volta sar\u00e0 impiegato da trequartista a supporto\u00a0 del tandem <strong>Coda<\/strong>&#8211;<strong>Rodriguez.\u00a0<\/strong>Sullo sfondo l&#8217;ipotesi <strong>Stepinski<\/strong> accanto al bomber campano.<\/p>\n<p>&nbsp;<\/p>\n<p><strong><img decoding=\"async\" loading=\"lazy\" class=\"alignnone size-full wp-image-182468\" src=\"https:\/\/www.leccecronaca.it\/wordpress\/wp-content\/uploads\/2021\/04\/Logo_AS_Cittadella.png\" alt=\"\" width=\"800\" height=\"800\" srcset=\"https:\/\/www.leccecronaca.it\/wordpress\/wp-content\/uploads\/2021\/04\/Logo_AS_Cittadella.png 800w, https:\/\/www.leccecronaca.it\/wordpress\/wp-content\/uploads\/2021\/04\/Logo_AS_Cittadella-300x300.png 300w, https:\/\/www.leccecronaca.it\/wordpress\/wp-content\/uploads\/2021\/04\/Logo_AS_Cittadella-150x150.png 150w, https:\/\/www.leccecronaca.it\/wordpress\/wp-content\/uploads\/2021\/04\/Logo_AS_Cittadella-768x768.png 768w, https:\/\/www.leccecronaca.it\/wordpress\/wp-content\/uploads\/2021\/04\/Logo_AS_Cittadella-60x60.png 60w\" sizes=\"(max-width: 800px) 100vw, 800px\" \/>COME SCENDE IN CAMPO IL CITTADELLA?\u00a0<\/strong>I veneti scenderanno in campo con un 4-3-1-2 speculare a quello dei giallorossi.\u00a0<strong>Ghiringhelli, Frare, Adorni e Donnarumma<\/strong>\u00a0andranno a formare \u00a0il reparto difensivo a protezione dell&#8217;estremo difensore<strong> Kastrati.<\/strong><\/p>\n<p>A centrocampo spazio a <strong>Proia, Iori e Branca<\/strong>, mentre in avanti <strong>D&#8217;Urso<\/strong> agir\u00e0 alle spalle del duo <strong>Beretta-Ogunseye<\/strong>.<\/p>\n<p>&nbsp;<\/p>\n<p>L&#8217;arbitro del match sar\u00e0 il sig. <strong>Marco Serra<\/strong> della sezione di Torino, coadiuvato dagli assistenti <strong>Gianluca Sechi<\/strong> di Sassari e <strong>Emanuele Yoshikawa<\/strong>.<\/p>\n<p>Come quarto uomo, \u00e8 stato invece designato <strong>Valerio Marini<\/strong> della sezione di Roma 1.<\/p>\n<p>La partita si disputer\u00e0 domani, sabato 1 maggio presso lo stadio <strong>Via del Mare<\/strong> di <strong>Lecce<\/strong> alle ore 14.00. Diretta <strong>TV<\/strong> esclusivamente sulla <strong>Paytv<\/strong> <strong>Dazn<\/strong>.<\/p>\n<p>&nbsp;<\/p>\n<p>&nbsp;<\/p>\n<p>&nbsp;<\/p>\n<p>&nbsp;<\/p>\n<p>&nbsp;<\/p>\n<p>&nbsp;<\/p>\n<fb:like href='https:\/\/www.leccecronaca.it\/index.php\/2021\/04\/30\/anteprima-di-lecce-cittadella-sabato-1-maggio-ore-14-00\/' send='true' layout='button_count' show_faces='true' width='450' height='65' action='recommend' colorscheme='light' font='lucida grande'><\/fb:like><span class=\"fb_share\"><fb:like href=\"https:\/\/www.leccecronaca.it\/index.php\/2021\/04\/30\/anteprima-di-lecce-cittadella-sabato-1-maggio-ore-14-00\/\" layout=\"button_count\"><\/fb:like><\/span>","protected":false},"excerpt":{"rendered":"<p>di Mattia Ala_______ Il campionato cadetto giunge ormai al termine e la lotta per la promozione\u00a0 in Serie A si fa sempre pi\u00f9 infuocata. Con l&#8217;Empoli che ormai attende solo l&#8217;aritmetica per festeggiare il ritorno nella massima serie, a contendersi fino all&#8217;ultima partita il secondo e ultimo posto disponibile\u00a0 per il salto diretto di categoria [&hellip;]<\/p>\n","protected":false},"author":4,"featured_media":181151,"comment_status":"open","ping_status":"closed","sticky":false,"template":"","format":"standard","meta":[],"categories":[28],"tags":[],"_links":{"self":[{"href":"https:\/\/www.leccecronaca.it\/index.php\/wp-json\/wp\/v2\/posts\/182371"}],"collection":[{"href":"https:\/\/www.leccecronaca.it\/index.php\/wp-json\/wp\/v2\/posts"}],"about":[{"href":"https:\/\/www.leccecronaca.it\/index.php\/wp-json\/wp\/v2\/types\/post"}],"author":[{"embeddable":true,"href":"https:\/\/www.leccecronaca.it\/index.php\/wp-json\/wp\/v2\/users\/4"}],"replies":[{"embeddable":true,"href":"https:\/\/www.leccecronaca.it\/index.php\/wp-json\/wp\/v2\/comments?post=182371"}],"version-history":[{"count":12,"href":"https:\/\/www.leccecronaca.it\/index.php\/wp-json\/wp\/v2\/posts\/182371\/revisions"}],"predecessor-version":[{"id":182496,"href":"https:\/\/www.leccecronaca.it\/index.php\/wp-json\/wp\/v2\/posts\/182371\/revisions\/182496"}],"wp:featuredmedia":[{"embeddable":true,"href":"https:\/\/www.leccecronaca.it\/index.php\/wp-json\/wp\/v2\/media\/181151"}],"wp:attachment":[{"href":"https:\/\/www.leccecronaca.it\/index.php\/wp-json\/wp\/v2\/media?parent=182371"}],"wp:term":[{"taxonomy":"category","embeddable":true,"href":"https:\/\/www.leccecronaca.it\/index.php\/wp-json\/wp\/v2\/categories?post=182371"},{"taxonomy":"post_tag","embeddable":true,"href":"https:\/\/www.leccecronaca.it\/index.php\/wp-json\/wp\/v2\/tags?post=182371"}],"curies":[{"name":"wp","href":"https:\/\/api.w.org\/{rel}","templated":true}]}}