{"id":183138,"date":"2021-05-14T00:02:00","date_gmt":"2021-05-13T22:02:00","guid":{"rendered":"http:\/\/www.leccecronaca.it\/?p=183138"},"modified":"2021-05-16T18:18:18","modified_gmt":"2021-05-16T16:18:18","slug":"tornano-le-giornate-di-primavera-del-fondo-ambiente-italiano-sabato-15-e-domenica-16-ecco-tutto-quello-che-sara-aperto-a-lecce-e-provincia-ce-solo-limbarazzo-della-scelta","status":"publish","type":"post","link":"https:\/\/www.leccecronaca.it\/index.php\/2021\/05\/14\/tornano-le-giornate-di-primavera-del-fondo-ambiente-italiano-sabato-15-e-domenica-16-ecco-tutto-quello-che-sara-aperto-a-lecce-e-provincia-ce-solo-limbarazzo-della-scelta\/","title":{"rendered":"TORNANO LE GIORNATE DI PRIMAVERA DEL FONDO AMBIENTE ITALIANO SABATO 15 E DOMENICA 16"},"content":{"rendered":"<p>&nbsp;<\/p>\n<p><img decoding=\"async\" loading=\"lazy\" class=\"alignnone size-full wp-image-183139\" src=\"https:\/\/www.leccecronaca.it\/wordpress\/wp-content\/uploads\/2021\/05\/palazzo-dei-celestini.jpg\" alt=\"\" width=\"1500\" height=\"844\" srcset=\"https:\/\/www.leccecronaca.it\/wordpress\/wp-content\/uploads\/2021\/05\/palazzo-dei-celestini.jpg 1500w, https:\/\/www.leccecronaca.it\/wordpress\/wp-content\/uploads\/2021\/05\/palazzo-dei-celestini-300x169.jpg 300w, https:\/\/www.leccecronaca.it\/wordpress\/wp-content\/uploads\/2021\/05\/palazzo-dei-celestini-1024x576.jpg 1024w, https:\/\/www.leccecronaca.it\/wordpress\/wp-content\/uploads\/2021\/05\/palazzo-dei-celestini-768x432.jpg 768w\" sizes=\"(max-width: 1500px) 100vw, 1500px\" \/><\/p>\n<p><strong>ECCO TUTTO QUELLO CHE SARA&#8217; APERTO A LECCE E PROVINCIA, CON I DATI RELATIVI: C&#8217;E&#8217; SOLO L&#8217;IMBARAZZO DELLA SCELTA<\/strong><\/p>\n<p>(Rdl)______<strong>La Provincia di Lecce<\/strong> comunica che______<\/p>\n<p>nei giorni 15 e 16 maggio &#8211; dalle ore 9.30 alle 2.30 &#8211; e solo sabato (dalle ore 16.00 alle 20.00) in occasione della XXIX\u00b0 edizione delle Giornate FAI di Primavera saranno aperti al pubblico previa prenotazione i saloni di rappresentanza della Prefettura. Visita riservata ai soci Fai.<\/p>\n<p>Il palazzo dei Celestini viene per la prima volta in assoluto raccontato alla cittadinanza leccese con l\u2019ausilio degli studenti apprendisti ciceroni dell\u2019Istituto Marcelline.<\/p>\n<p>Sar\u00e0 possibile in tal modo, attraverso i racconti degli studenti dell\u2019Istituto Marcelline conoscere il patrimonio artistico e la storia della Prefettura di Lecce, gi\u00e0 convento dei Padri Celestini nel 1600.<\/p>\n<p>Il rispetto delle vigenti misure di prevenzione e contenimento di contagio da Covid-19 sar\u00e0 assicurato dagli organizzatori e dalla Croce Rossa Italiana sezione di Lecce.<\/p>\n<p>L\u2019iniziativa che sar\u00e0 resa possibile grazie ad una rete di delegati, volontari della delegazione FAI di Lecce e di studenti, intende sempre meglio affermare il ruolo della Prefettura vicino ai cittadini anche attraverso la condivisione del prezioso complesso architettonico in cui ha sede.<\/p>\n<p>I visitatori saranno accolti dagli alunni del Liceo Classico Musicale Palmieri di Lecce che eseguiranno dei brani nei pressi dello scalone all\u2019interno dell\u2019atrio dei Celestini.______<\/p>\n<p>&nbsp;<\/p>\n<p><strong>Il Comune di Lecce<\/strong> comunica che______<\/p>\n<p>Nel rispetto della normativa vigente, per partecipare alle Giornate FAI di Primavera \u00e8 OBBLIGATORIO PRENOTARSI SUL SITO<br \/>\nWWW.GIORNATEFAI.IT<\/p>\n<p>ENTRO E NON OLTRE LA MEZZANOTTE DEL GIORNO PRECEDENTE LA VISITA.<\/p>\n<p>GLI INGRESSI SARANNO DISPONIBILI FINO\u00a0ALL\u2019ESAURIMENTO DEI POSTI DI OGNI TURNO PER GARANTIRE LA SICUREZZA DI TUTTI.<\/p>\n<p>Quest\u2019anno\u00a0il contributo minimo suggerito per prenotarsi e prendere parte alle Giornate FAI di Primavera \u00e8 di 3 \u20ac. Per chi lo volesse, sar\u00e0 possibile sostenere\u00a0ulteriormente la missione della Fondazione con contributi di importo maggiore oppure attraverso l\u2019iscrizione annuale, online o in piazza in\u00a0occasione dell\u2019evento, un gesto concreto in difesa del patrimonio d&#8217;arte e natura italiano che permette di godere di iniziative e vantaggi\u00a0dedicati.<\/p>\n<p>PER L\u2019EDIZIONE 2021 LA DELEGAZIONE FAI DI LECCE HA PREVISTO IL SEGUENTE PROGRAMMA:<\/p>\n<p>LECCE<br \/>\nOLIVETANI: CHIESA DI SAN NICCOL\u00d2 E CATALDO &#8211; Bene promosso dai Volontari FAI<br \/>\ndalle 9:30 alle 12:30<br \/>\nVisite a cura dei Volontari FAI e degli Apprendisti Ciceroni Liceo Scientifico C. De Giorgi<\/p>\n<p>AGOSTINIANI: CHIESA DI SANTA MARIA DI OGNI BENE E GIARDINO<br \/>\ndalle 16:30 alle 20:30<br \/>\nVisite e Momenti musicali a cura del Liceo Scientifico C. De Giorgi.<br \/>\nDurante le visite, \u00e8 prevista la partecipazione del paesaggista e agronomo Gianluca Tramutola che ha collaborato con il Comune di Lecce per la progettazione\u00a0del Giardino<\/p>\n<p>GESUITI: IL CIRCOLO CITTADINO<br \/>\ndalle 9:30 alle 12:30 e dalle 16:30 alle 20:30<br \/>\nVisite a cura degli Apprendisti Ciceroni Liceo Scientifico C. De Giorgi e Momenti musicali a cura del Conservatorio Tito Schipa di Lecce<\/p>\n<p>FAI\u2026I PARCHI NATURALI<br \/>\nMARINA SERRA DI TRICASE<br \/>\nPARCO NATURALE REGIONALE \u201cCOSTA OTRANTO S. M. DI LEUCA E BOSCO DI TRICASE\u201d &#8211; VISITA TORRE PALANE<br \/>\nD\u2019in su la vetta della torre antica\u2026che FAI!\u201d<br \/>\ndalle 16:00 alle 20:00<br \/>\nVisite a cura degli Apprendisti Ciceroni del Liceo Scientifico Classico \u201cStampacchia\u201d di Tricase<\/p>\n<p>GALLIPOLI<br \/>\nPARCO NATURALE REGIONALE \u201cISOLA DI SANT\u2019ANDREA E LITORALE DI PUNTA PIZZO\u201d &#8211; VISITA PARCO E MASSERIA DI PUNTA PIZZO<br \/>\ndalle 9:00 alle 12:30 e dalle 16:00 alle 19:30<br \/>\nVisite a cura dei Volontari FAI<\/p>\n<p>RI\u2026FAI IL TEATRO COMUNALE DI NARDO\u2019<br \/>\nNARDO\u2019<br \/>\nTEATRO COMUNALE DI NARDO\u2019<br \/>\ndalle 16:00 alle 20:00<br \/>\nVisite a cura degli Apprendisti Ciceroni del Liceo Classico Galileo Galilei di Nard\u00f2<\/p>\n<p>ABBAZIA DI SANTA MARIA DI CERRATE<br \/>\nLECCE &#8211; S.P. 100 Squinzano &#8211; Casalabate, km. 5.900<br \/>\nABBAZIA DI SANTA MARIA DI CERRATE &#8211; Bene FAI<br \/>\ndalle 10:00 alle 13:00 e dalle 14:00 alle 19:00______<\/p>\n<p>&nbsp;<\/p>\n<p>Inoltre, a parte le Giornate Fai, <strong>i responsabili del progetto di valorizzazione del\u00a0Castello Carlo V\u00a0<\/strong>di\u00a0Lecce, nato dalla collaborazione tra la Soprintendenza Archeologica, Belle Arti e Paesaggio per le Province di Brindisi e Lecce e le associazioni di promozione sociale\u00a034\u00b0 Fuso\u00a0e\u00a0The Monuments People, comunicano che<\/p>\n<p>ogni venerd\u00ec da venerd\u00ec 14 \u00e8 previsto appuntamento con\u00a0tre tour\u00a0(ore\u00a016, 17 e 18\u00a0&#8211; max 15 persone) che permetteranno ai visitatori di immergersi in totale sicurezza nella storia e negli ambienti del Castello esplorando prigioni, camminamenti di ronda, Cappella di Santa Barbara, Museo della Cartapesta e gallerie sotterranee.<\/p>\n<p>Per partecipare \u00e8 sufficiente presentarsi al punto accoglienza (fino a esaurimento posti) che si affaccia sulla piazza d\u2019armi del Castello almeno un quarto d\u2019ora prima della partenza del tour.<\/p>\n<p>Dal luned\u00ec al gioved\u00ec\u00a0e il\u00a0sabato e la domenica,\u00a0invece,\u00a0Attraverso il Castello\u00a0attiver\u00e0 i suoi tour guidati solo su prenotazione (per un minimo di 4 persone).<\/p>\n<p>Il\u00a0Castello\u00a0di\u00a0Lecce, costruito in et\u00e0 normanna a ridosso delle mura dell\u2019abitato, sub\u00ec numerose ristrutturazioni nel corso dei secoli successivi. Interventi sono attestati in et\u00e0 federiciana, angioina e aragonese. L\u2019edificio, che ospit\u00f2 Maria d\u2019Enghien e Giovanni Antonio Orsini del Balzo, era circondato sui quattro lati da un profondo fossato. L\u2019aspetto attuale \u00e8 dovuto agli interventi voluti da Carlo V nella prima met\u00e0 del Cinquecento e condotti dall\u2019architetto Gian Giacomo d\u2019Acaya.<\/p>\n<p>Il tour guidato ha un costo di 8 euro<br \/>\nRidotto (8-17 anni) 4 euro &#8211; Gratuito\u00a00-7 anni<br \/>\nPacchetto famiglia 20 euro<\/p>\n<p>Info e prenotazioni:<br \/>\n3357009614 &#8211;\u00a0attraversoilcastello@gmail.com<\/p>\n<p>&nbsp;<\/p>\n<p>______Sempre a parte le giornate di primavera, ma sempre nelle stesse date, altre due iniziative che ci sono state segnalate dagli organizzatori.<\/p>\n<p>Sabato 15 a Nard\u00f2.<\/p>\n<p>Tornano le visite guidate a cura dell\u2019associazione The Monuments People dedicate alla scoperta della storia e dell\u2019archeologia della costa neretina.<\/p>\n<p>Il primo itinerario che l\u2019associazione propone sabato 15 maggio 2021, in collaborazione con lo Studio Ambientale Avanguardie, \u00e8 dedicato alla visita della Palude del Capitano, del sito archeologico di Frascone e del Museo del Mare Antico di Nard\u00f2.<\/p>\n<p>Le visite guidate si svolgeranno in osservanza delle direttive regionali per la prevenzione Covid-19. Sar\u00e0 pertanto obbligatorio indossare la mascherina durante l&#8217;intero percorso e usare gel igienizzanti mani personali.<\/p>\n<p>La prenotazione \u00e8 obbligatoria poich\u00e9 i gruppi saranno gestiti in maniera contingentata rispettando il numero massimo di partecipanti.<\/p>\n<p>INFO<\/p>\n<p>Incontro presso il Parcheggio \u201cIl Frascone\u201d (S.P. 286), ore 16:30<\/p>\n<p>Contributo: 6 euro<\/p>\n<p>PRENOTAZIONE OBBLIGATORIA<\/p>\n<p>328 5762647 \u2013 329 0070282______<\/p>\n<p>Domenica 16 a Lecce. Tornano le visite guidate a cura dell\u2019associazione The Monuments People dedicate alla scoperta della storia e dell\u2019archeologia di Lecce con itinerari tematici per conoscere i monumenti simbolo della citt\u00e0 in et\u00e0 antica, medievale e moderna.<\/p>\n<p>Il primo itinerario che l\u2019associazione propone, nell\u2019ambito del progetto di valorizzazione \u201cTeatro Romano Experience\u201d nato dalla collaborazione con la Soprintendenza Archeologica, Belle Arti e Paesaggio per le Province di Brindisi e Lecce, \u00e8 dedicato alla storia di \u201cLecce Romana\u201d.<\/p>\n<p>L\u2019appuntamento \u00e8 per domenica 16 maggio ore 10:00 presso il Teatro Romano per una visita nell\u2019antica Lupiae, con ingresso nel Teatro Romano. La visita continua alla scoperta dell\u2019Anfiteatro, del Tempio di Iside, i cui resti sono conservati nei sotterranei di Palazzo Vernazza, del Trapetum, in piazzetta Castromediano, e delle Terme, rinvenute durante i lavori di sistemazione di piazzetta Vittorio Emanuele II. Al termine del percorso la proiezione di video 3D con ricostruzione degli edifici antichi presso Spazio Emme.<\/p>\n<p>Le visite guidate si svolgeranno in osservanza delle direttive regionali per la prevenzione Covid-19. Sar\u00e0 pertanto obbligatorio indossare la mascherina durante l&#8217;intero percorso e usare gel igienizzanti mani personali.<\/p>\n<p>La prenotazione \u00e8 obbligatoria poich\u00e9 i gruppi saranno gestiti in maniera contingentata rispettando il numero massimo di partecipanti.<\/p>\n<p>INFO:<\/p>\n<p>Partenza tour ore 10:00 dal Teatro Romano di Lecce.<\/p>\n<p>Costo: 15\u20ac a persona<\/p>\n<p>&nbsp;<\/p>\n<p>PRENOTAZIONE OBBLIGATORIA (NUMERO DI POSTI LIMITATO)*:<\/p>\n<p>Piattaforma di prenotazione online: www.ceposto.it<\/p>\n<p>WhatsApp: 3207610467 \u2013 3471999885 \u2013 3289632397<\/p>\n<p>Mail: themonumentspeople@gmail.com<\/p>\n<p>&nbsp;<\/p>\n<p>&nbsp;<\/p>\n<fb:like href='https:\/\/www.leccecronaca.it\/index.php\/2021\/05\/14\/tornano-le-giornate-di-primavera-del-fondo-ambiente-italiano-sabato-15-e-domenica-16-ecco-tutto-quello-che-sara-aperto-a-lecce-e-provincia-ce-solo-limbarazzo-della-scelta\/' send='true' layout='button_count' show_faces='true' width='450' height='65' action='recommend' colorscheme='light' font='lucida grande'><\/fb:like><span class=\"fb_share\"><fb:like href=\"https:\/\/www.leccecronaca.it\/index.php\/2021\/05\/14\/tornano-le-giornate-di-primavera-del-fondo-ambiente-italiano-sabato-15-e-domenica-16-ecco-tutto-quello-che-sara-aperto-a-lecce-e-provincia-ce-solo-limbarazzo-della-scelta\/\" layout=\"button_count\"><\/fb:like><\/span>","protected":false},"excerpt":{"rendered":"<p>&nbsp; ECCO TUTTO QUELLO CHE SARA&#8217; APERTO A LECCE E PROVINCIA, CON I DATI RELATIVI: C&#8217;E&#8217; SOLO L&#8217;IMBARAZZO DELLA SCELTA (Rdl)______La Provincia di Lecce comunica che______ nei giorni 15 e 16 maggio &#8211; dalle ore 9.30 alle 2.30 &#8211; e solo sabato (dalle ore 16.00 alle 20.00) in occasione della XXIX\u00b0 edizione delle Giornate FAI [&hellip;]<\/p>\n","protected":false},"author":4,"featured_media":183139,"comment_status":"open","ping_status":"closed","sticky":false,"template":"","format":"standard","meta":[],"categories":[69,31],"tags":[],"_links":{"self":[{"href":"https:\/\/www.leccecronaca.it\/index.php\/wp-json\/wp\/v2\/posts\/183138"}],"collection":[{"href":"https:\/\/www.leccecronaca.it\/index.php\/wp-json\/wp\/v2\/posts"}],"about":[{"href":"https:\/\/www.leccecronaca.it\/index.php\/wp-json\/wp\/v2\/types\/post"}],"author":[{"embeddable":true,"href":"https:\/\/www.leccecronaca.it\/index.php\/wp-json\/wp\/v2\/users\/4"}],"replies":[{"embeddable":true,"href":"https:\/\/www.leccecronaca.it\/index.php\/wp-json\/wp\/v2\/comments?post=183138"}],"version-history":[{"count":5,"href":"https:\/\/www.leccecronaca.it\/index.php\/wp-json\/wp\/v2\/posts\/183138\/revisions"}],"predecessor-version":[{"id":183274,"href":"https:\/\/www.leccecronaca.it\/index.php\/wp-json\/wp\/v2\/posts\/183138\/revisions\/183274"}],"wp:featuredmedia":[{"embeddable":true,"href":"https:\/\/www.leccecronaca.it\/index.php\/wp-json\/wp\/v2\/media\/183139"}],"wp:attachment":[{"href":"https:\/\/www.leccecronaca.it\/index.php\/wp-json\/wp\/v2\/media?parent=183138"}],"wp:term":[{"taxonomy":"category","embeddable":true,"href":"https:\/\/www.leccecronaca.it\/index.php\/wp-json\/wp\/v2\/categories?post=183138"},{"taxonomy":"post_tag","embeddable":true,"href":"https:\/\/www.leccecronaca.it\/index.php\/wp-json\/wp\/v2\/tags?post=183138"}],"curies":[{"name":"wp","href":"https:\/\/api.w.org\/{rel}","templated":true}]}}