{"id":18327,"date":"2013-07-02T15:41:38","date_gmt":"2013-07-02T15:41:38","guid":{"rendered":"http:\/\/www.leccecronaca.it\/?p=18327"},"modified":"2013-07-02T15:41:38","modified_gmt":"2013-07-02T15:41:38","slug":"fotogiornalismo-in-zone-di-conflitto","status":"publish","type":"post","link":"https:\/\/www.leccecronaca.it\/index.php\/2013\/07\/02\/fotogiornalismo-in-zone-di-conflitto\/","title":{"rendered":"FOTOGIORNALISMO IN ZONE DI CONFLITTO"},"content":{"rendered":"<p><a href=\"https:\/\/www.leccecronaca.it\/wordpress\/wp-content\/uploads\/2013\/07\/CITO-1.jpg\"><img decoding=\"async\" loading=\"lazy\" src=\"https:\/\/www.leccecronaca.it\/wordpress\/wp-content\/uploads\/2013\/07\/CITO-1-300x200.jpg\" alt=\"\" width=\"300\" height=\"200\" class=\"alignleft size-medium wp-image-18328\" srcset=\"https:\/\/www.leccecronaca.it\/wordpress\/wp-content\/uploads\/2013\/07\/CITO-1-300x200.jpg 300w, https:\/\/www.leccecronaca.it\/wordpress\/wp-content\/uploads\/2013\/07\/CITO-1.jpg 1000w\" sizes=\"(max-width: 300px) 100vw, 300px\" \/><\/a>Proseguono presso le sale del Castello Carlo V di Lecce le attivit\u00e0 di formazione di FotoScuolaLecce, diretta da Alessandra de Donatis. Dal 27 al 29 luglio (iscrizioni sino al 22) si terr\u00e0 il workshop di &#8220;Fotogiornalismo in zone di conflitto. Tecniche e attrezzature del giornalista al lavoro negli scontri urbani e nei teatri di guerra&#8221; a cura di Pier Paolo Cito, fotoreporter brindisino gi\u00e0 finalista al Premio Pulitzer che ha lavorato in Montenegro e Kosovo (1999, 2000, 2004), Etiopia (2000), Striscia di Gaza, Territori Occupati e Israele (dal 2000 al 2006), Iraq (2003, 2004), Libano (2006), Afghanistan (2010), Libia (2011). Dopo due giornate di teoria e tecnica in aula il corso si concluder\u00e0 con una esercitazione pratica presso il poligono di Torre Veneri durante un&#8217;attivit\u00e0 di un&#8217;unit\u00e0 dell&#8217;esercito italiano in addestramento operativo.<\/p>\n<p>Nato a Brindisi nel 1963, Pierpaolo Cito nel 1991 inizia l\u2019attivit\u00e0 di fotografo freelance collaborando con la redazione brindisina di &#8220;Quotidiano&#8221;. Dal 1992 la sua collaborazione si estende a gran parte dei quotidiani nazionali. Nel 1997 inizia la sua collaborazione con l&#8217;agenzia internazionale Associated Press. Lavora per tre mesi in Portogallo coprendo per Associated Press l&#8217;esibizione internazionale Expo 98 di Lisbona ed al suo rientro in Italia, entra definitivamente nello staff AP come editor e fotografo nella redazione di Roma. Segue le attivit\u00e0 in Vaticano e all\u2019estero di Papa Giovanni Paolo II (Assisi, Ischia, Polonia, Slovacchia, Israele, Palestina, Siria) e successivamente di Benedetto XVI (Germania, Stati Uniti d\u2019America, Polonia, Spagna, Turchia, Austria, Giordania, Israele, Palestina, Croazia). Copre i conflitti in Montenegro e Kosovo (1999, 2000, 2004), Etiopia (2000), Striscia di Gaza, Territori Occupati e Israele (dal 2000 al 2006), Iraq (2003, 2004), Libano (2006), Afghanistan (2010), Libia (2011). Le sue foto, attraverso il circuito dell\u2019agenzia Associated Press, sono pubblicate nelle principali testate giornalistiche del mondo. Ha vinto vari premi tra cui un riconoscimento dalla NPPA (National Press Photographers Association) negli USA per il suo lavoro sull\u2019eruzione dell\u2019Etna nel 2001. Lo stesso lavoro \u00e8 stato segnalato dalla rivista TIME che ha incluso il suo servizio tra le \u201cFoto dell\u2019anno 2001\u201d. Ha vinto il premio APME (Associated Press Managing Editors) nella categoria News Photography per la copertura del conflitto tra Israele e Hezbollah nel 2006. Il premio, nato negli anni Trenta, riconosce l\u2019eccellenza nel giornalismo tra i fotografi dell\u2019Associated Press ed \u00e8 assegnato annualmente da un\u2019associazione di giornalisti appartenenti a oltre 1.500 testate abbonate all\u2019agenzia AP negli USA e in Canada. Nel 2007 \u00e8 finalista al Premio Pulitzer con una foto appartenente a un \u201cphoto package\u201d sul conflitto tra Israele e Hezbollah. Questo premio \u00e8 il pi\u00f9 prestigioso riconoscimento assegnato dalla Columbia University a giornalisti e fotoreporter distintisi nei vari settori dell\u2019informazione a livello internazionale. Nel 2008 vince l\u2019\u201cAward of Excellence\u201d nella categoria General News Reporting del premio internazionale \u201cPicture of the Year International\u201d con la foto \u201cWaiting\u201d scattata a San Luca (RG) durante i funerali delle 5 vittime della \u201cStrage di Duisburg\u201d. Nato nel 1944, il &#8220;Picture Of The Year International&#8221; \u00e8 il pi\u00f9 vecchio e uno dei pi\u00f9 autorevoli concorsi di Fotogiornalismo nel mondo. Ha realizzato varie mostre fotografiche in Italia e all\u2019estero e alcuni libri fotografici. Svolge lezioni e seminari sulla Fotografia giornalistica e sul Giornalismo in guerra in vari centri di formazione giornalistica in Italia e all&#8217;estero.<\/p>\n<fb:like href='https:\/\/www.leccecronaca.it\/index.php\/2013\/07\/02\/fotogiornalismo-in-zone-di-conflitto\/' send='true' layout='button_count' show_faces='true' width='450' height='65' action='recommend' colorscheme='light' font='lucida grande'><\/fb:like><span class=\"fb_share\"><fb:like href=\"https:\/\/www.leccecronaca.it\/index.php\/2013\/07\/02\/fotogiornalismo-in-zone-di-conflitto\/\" layout=\"button_count\"><\/fb:like><\/span>","protected":false},"excerpt":{"rendered":"<p>Proseguono presso le sale del Castello Carlo V di Lecce le attivit\u00e0 di formazione di FotoScuolaLecce, diretta da Alessandra de Donatis. Dal 27 al 29 luglio (iscrizioni sino al 22) si terr\u00e0 il workshop di &#8220;Fotogiornalismo in zone di conflitto. Tecniche e attrezzature del giornalista al lavoro negli scontri urbani e nei teatri di guerra&#8221; [&hellip;]<\/p>\n","protected":false},"author":4,"featured_media":18328,"comment_status":"open","ping_status":"closed","sticky":false,"template":"","format":"standard","meta":[],"categories":[31],"tags":[],"_links":{"self":[{"href":"https:\/\/www.leccecronaca.it\/index.php\/wp-json\/wp\/v2\/posts\/18327"}],"collection":[{"href":"https:\/\/www.leccecronaca.it\/index.php\/wp-json\/wp\/v2\/posts"}],"about":[{"href":"https:\/\/www.leccecronaca.it\/index.php\/wp-json\/wp\/v2\/types\/post"}],"author":[{"embeddable":true,"href":"https:\/\/www.leccecronaca.it\/index.php\/wp-json\/wp\/v2\/users\/4"}],"replies":[{"embeddable":true,"href":"https:\/\/www.leccecronaca.it\/index.php\/wp-json\/wp\/v2\/comments?post=18327"}],"version-history":[{"count":2,"href":"https:\/\/www.leccecronaca.it\/index.php\/wp-json\/wp\/v2\/posts\/18327\/revisions"}],"predecessor-version":[{"id":18330,"href":"https:\/\/www.leccecronaca.it\/index.php\/wp-json\/wp\/v2\/posts\/18327\/revisions\/18330"}],"wp:featuredmedia":[{"embeddable":true,"href":"https:\/\/www.leccecronaca.it\/index.php\/wp-json\/wp\/v2\/media\/18328"}],"wp:attachment":[{"href":"https:\/\/www.leccecronaca.it\/index.php\/wp-json\/wp\/v2\/media?parent=18327"}],"wp:term":[{"taxonomy":"category","embeddable":true,"href":"https:\/\/www.leccecronaca.it\/index.php\/wp-json\/wp\/v2\/categories?post=18327"},{"taxonomy":"post_tag","embeddable":true,"href":"https:\/\/www.leccecronaca.it\/index.php\/wp-json\/wp\/v2\/tags?post=18327"}],"curies":[{"name":"wp","href":"https:\/\/api.w.org\/{rel}","templated":true}]}}