{"id":18334,"date":"2013-07-03T09:00:13","date_gmt":"2013-07-03T09:00:13","guid":{"rendered":"http:\/\/www.leccecronaca.it\/?p=18334"},"modified":"2013-07-03T09:00:13","modified_gmt":"2013-07-03T09:00:13","slug":"il-grande-cabaret-sbarca-al-lido-york","status":"publish","type":"post","link":"https:\/\/www.leccecronaca.it\/index.php\/2013\/07\/03\/il-grande-cabaret-sbarca-al-lido-york\/","title":{"rendered":"IL GRANDE CABARET &#8220;SBARCA&#8221; AL LIDO YORK"},"content":{"rendered":"<p><a href=\"https:\/\/www.leccecronaca.it\/wordpress\/wp-content\/uploads\/2013\/07\/gianluca-ansanelli.jpg\"><img decoding=\"async\" loading=\"lazy\" src=\"https:\/\/www.leccecronaca.it\/wordpress\/wp-content\/uploads\/2013\/07\/gianluca-ansanelli-300x199.jpg\" alt=\"\" width=\"300\" height=\"199\" class=\"alignleft size-medium wp-image-18335\" srcset=\"https:\/\/www.leccecronaca.it\/wordpress\/wp-content\/uploads\/2013\/07\/gianluca-ansanelli-300x199.jpg 300w, https:\/\/www.leccecronaca.it\/wordpress\/wp-content\/uploads\/2013\/07\/gianluca-ansanelli.jpg 600w\" sizes=\"(max-width: 300px) 100vw, 300px\" \/><\/a>A partire dal 4 luglio, ogni gioved\u00ec sera, appuntamento con \u201cIl Cabaret dello York\u201d, un ricco cartellone di spettacoli che vedranno protagonisti i pi\u00f9 noti cabarettisti della scena nazionale sul palco del Lido York, storico stabilimento balneare di San Cataldo, marina di Lecce.<\/p>\n<p>Si parte con l\u2019ironia dirompente del napoletano Gianluca Ansanelli (\u201cLe Iene\u201d, \u201cZelig\u201d), attore, regista, conduttore televisivo e radiofonico e autore televisivo e teatrale. Un \u201cultracomico\u201d, Ansanelli, monologhista intelligente ed abile intrattenitore, la sua satira tocca molti argomenti come la politica, la vita matrimoniale, le vacanze, la \u201cnapoletanit\u00e0\u201d, ma il filo conduttore della piece \u00e8 il ricordo delle manie e delle situazioni che hanno caratterizzato l&#8217;infanzia e l&#8217;adolescenza di tutti noi. Gioved\u00ec 11, sar\u00e0 la volta del siciliano Antonello Costa (direttamente da Zelig e Colorado Caf\u00e8). Il 18 luglio, sul palco del Lido York salir\u00e0 invece il cabarettista sardo Demo Mura, pronto a trascinare il pubblico in un viaggio all\u2019insegna del buonumore e della goliardica satira politica. Infine, il 25 luglio, sar\u00e0 la volta di una donna, Barbara Foria, con la sua dissacrante visione del matrimonio. Gli spettacoli cominceranno alle ore 22.30 (prenotazione obbligatoria per cena+spettacolo o solo per lo spettacolo al 340 8711158; info su www.lidoyork.com). Il 14 luglio, da non perdere, anche il mercatino del vinile.<\/p>\n<p>Ogni domenica, dalle 17, \u00e8 da non perdere il beach party pi\u00f9 glamour del Salento, con prestigiose dj set in riva al mare per gustare al meglio il \u201csapore\u201d del tramonto.<\/p>\n<p>Situato in via Amerigo Vespucci, il lido offre una spiaggia attrezzata di gazebo, ombrelloni, sdraio e lettini per rilassarsi al sole, oltre a un servizio bar e ristorazione fiore all\u2019occhiello della struttura.<\/p>\n<p>Gianluca Ansanelli nato nel 1974 a Napoli, comincia la sua attivit\u00e0 come capoanimatore e chitarrista nei villaggi turistici. Dopo alcuni anni di teatro approda al cabaret e alla televisione . Monologhista intelligente e abile intrattenitore lavora con successo nei principali clubs della penisola. In televisione veste i panni del conduttore brillante e dell\u2019inviato satirico prima in diverse televisioni regionali (di cui \u00e8 anche autore) e poi anche su ITALIA UNO nel programma cult &#8220;LE IENE&#8221;. Dal giugno 2001 conduce quotidianamente i quiz telefonici in diretta su LA7 (Mango, Zengi, Si o No). Dal maggio 2002 \u00e8 l\u2019ideatore , l\u2019autore e il conduttore di Ave Cesare (contenitore comico distribuito sul circuito dell\u2019emittenza regionale di tutta Italia).<\/p>\n<p>&nbsp;<\/p>\n<fb:like href='https:\/\/www.leccecronaca.it\/index.php\/2013\/07\/03\/il-grande-cabaret-sbarca-al-lido-york\/' send='true' layout='button_count' show_faces='true' width='450' height='65' action='recommend' colorscheme='light' font='lucida grande'><\/fb:like><span class=\"fb_share\"><fb:like href=\"https:\/\/www.leccecronaca.it\/index.php\/2013\/07\/03\/il-grande-cabaret-sbarca-al-lido-york\/\" layout=\"button_count\"><\/fb:like><\/span>","protected":false},"excerpt":{"rendered":"<p>A partire dal 4 luglio, ogni gioved\u00ec sera, appuntamento con \u201cIl Cabaret dello York\u201d, un ricco cartellone di spettacoli che vedranno protagonisti i pi\u00f9 noti cabarettisti della scena nazionale sul palco del Lido York, storico stabilimento balneare di San Cataldo, marina di Lecce. Si parte con l\u2019ironia dirompente del napoletano Gianluca Ansanelli (\u201cLe Iene\u201d, \u201cZelig\u201d), [&hellip;]<\/p>\n","protected":false},"author":4,"featured_media":18335,"comment_status":"open","ping_status":"closed","sticky":false,"template":"","format":"standard","meta":[],"categories":[1],"tags":[],"_links":{"self":[{"href":"https:\/\/www.leccecronaca.it\/index.php\/wp-json\/wp\/v2\/posts\/18334"}],"collection":[{"href":"https:\/\/www.leccecronaca.it\/index.php\/wp-json\/wp\/v2\/posts"}],"about":[{"href":"https:\/\/www.leccecronaca.it\/index.php\/wp-json\/wp\/v2\/types\/post"}],"author":[{"embeddable":true,"href":"https:\/\/www.leccecronaca.it\/index.php\/wp-json\/wp\/v2\/users\/4"}],"replies":[{"embeddable":true,"href":"https:\/\/www.leccecronaca.it\/index.php\/wp-json\/wp\/v2\/comments?post=18334"}],"version-history":[{"count":2,"href":"https:\/\/www.leccecronaca.it\/index.php\/wp-json\/wp\/v2\/posts\/18334\/revisions"}],"predecessor-version":[{"id":18337,"href":"https:\/\/www.leccecronaca.it\/index.php\/wp-json\/wp\/v2\/posts\/18334\/revisions\/18337"}],"wp:featuredmedia":[{"embeddable":true,"href":"https:\/\/www.leccecronaca.it\/index.php\/wp-json\/wp\/v2\/media\/18335"}],"wp:attachment":[{"href":"https:\/\/www.leccecronaca.it\/index.php\/wp-json\/wp\/v2\/media?parent=18334"}],"wp:term":[{"taxonomy":"category","embeddable":true,"href":"https:\/\/www.leccecronaca.it\/index.php\/wp-json\/wp\/v2\/categories?post=18334"},{"taxonomy":"post_tag","embeddable":true,"href":"https:\/\/www.leccecronaca.it\/index.php\/wp-json\/wp\/v2\/tags?post=18334"}],"curies":[{"name":"wp","href":"https:\/\/api.w.org\/{rel}","templated":true}]}}