{"id":18339,"date":"2013-07-03T14:26:07","date_gmt":"2013-07-03T14:26:07","guid":{"rendered":"http:\/\/www.leccecronaca.it\/?p=18339"},"modified":"2013-07-03T14:26:07","modified_gmt":"2013-07-03T14:26:07","slug":"inaugurazione-s-p-n-168-andrano-marina-di-andrano","status":"publish","type":"post","link":"https:\/\/www.leccecronaca.it\/index.php\/2013\/07\/03\/inaugurazione-s-p-n-168-andrano-marina-di-andrano\/","title":{"rendered":"INAUGURAZIONE: \u201cS.P. N. 168 ANDRANO-MARINA DI ANDRANO\u201d"},"content":{"rendered":"<p><a href=\"https:\/\/www.leccecronaca.it\/wordpress\/wp-content\/uploads\/2013\/07\/Unknown1.jpeg\"><img decoding=\"async\" loading=\"lazy\" src=\"https:\/\/www.leccecronaca.it\/wordpress\/wp-content\/uploads\/2013\/07\/Unknown1.jpeg\" alt=\"\" width=\"259\" height=\"194\" class=\"alignleft size-full wp-image-18340\" \/><\/a>Oggi, mercoled\u00ec 3 luglio, alle ore 18.30, appuntamento con la cerimonia di inaugurazione della rotatoria realizzata dalla Provincia di Lecce e dal Comune di Andrano, sulla strada provinciale n. 168 \u201cAndrano-Marina di Andrano\u201d (intersezione via del Mare, via Marine e via Panecaldo).<\/p>\n<p>Al taglio del nastro dell\u2019opera di edilizia stradale saranno presenti il presidente della Provincia di Lecce Antonio Gabellone, con l\u2019assessore provinciale ai Lavori pubblici Massimo Como, il sindaco di Andranno Carmine Pantaleo, con l\u2019assessore all\u2019Urbanistica Rocco Surano e l\u2019intero consiglio comunale, i consiglieri provinciali Biagio Ciardo ed Antonio Del Vino, i sindaci delle Comunit\u00e0 limitrofe ed i funzionari del Servizio viabilit\u00e0 della Provincia di Lecce. Ad impartire la benedizione don Antonio Accogli, parroco della Chiesa Madonna SS. delle Grazie di Andrano.<\/p>\n<p>\u201cL\u2019opera che oggi stiamo inaugurando \u00e8 frutto di una sinergia tra le istituzioni ed insiste in un\u2019area che costituisce un importante snodo ad alta intensit\u00e0 di traffico. La Provincia di Lecce tiene il passo rispetto alla previsioni programmatiche e nonostante le oggettive ed evidenti difficolt\u00e0 economiche continua ad investire sulla messa in sicurezza del nostro sistema stradale, mantenendo fermo l\u2019impegno programmatico definito nel nostro progetto di sviluppo per il quale i salentini ci hanno accordato la loro fiducia ed il loro sostegno\u201d, ha dichiarato il presidente Antonio Gabellone.<\/p>\n<p>Anche il sindaco di Andranno Carmine Pantaleo ha espresso la propria soddisfazione: \u201cL\u2019intervento realizzato dalla Provincia riduce notevolmente il livello di pericolosit\u00e0 di questo incrocio, peraltro accentuato dalla presenza dell\u2019Istituto Scolastico e dall\u2019oratorio parrocchiale, con annessi impianti sportivi, in quanto determina un deciso e forzato rallentamento dei veicoli in tutte le direzioni e soprattutto di quelli provenienti dal mare\u201d.\u201cNon \u00e8 da trascurare, inoltre, che la rotatoria, oltre a migliorare le condizioni di sicurezza, ha reso pi\u00f9 vivibile e pi\u00f9 decorosa tutta l\u2019area circostante, attraverso la riqualificazione di un incrocio importante che rappresenta \u2013 soprattutto nel periodo estivo &#8211; la Porta sud-est del paese\u201d, conclude il sindaco Panatelo.<\/p>\n<p>La soluzione progettuale individuata nell\u2019opera in questione, razionalizzando il funzionamento di una intersezione stradale esistente, garantisce l\u2019ottenimento di vantaggi in termini di maggiore sicurezza e di fluidit\u00e0 dei flussi veicolari per le diverse categorie di utenti, rispetto alla configurazione dell\u2019incrocio ed alla immediata vicinanza della scuola media e dell\u2019oratorio parrocchiale. Peraltro, la medesima strada provinciale, costituisce l\u2019unica arteria che conduce al mare.<\/p>\n<p>I lavori sono consistiti nella realizzazione di una rotatoria di 36 metri (diametro esterno) a cinque bracci. \u00c8 stato necessario occupare alcune propriet\u00e0 private, tra cui le aree dell\u2019oratorio, oltre ad una parte dell\u2019area di pertinenza scolastica.<\/p>\n<p>In particolare, i lavori hanno riguardato: la demolizione delle murature di recinzione, lo scavo di sbancamento, la realizzazione di isole spartitraffico con cordoni in pietra e calcestruzzo vibrato, la parziale pavimentazione con masselli autobloccanti e nella sistemazione a verde dell\u2019isola centrale, oltre che delle isole laterali. Infine, \u00e8 stato realizzato un impianto di pubblica illuminazione. L\u2019opera (180 mila euro) \u00e8 stata finanziata con risorse di bilancio provinciale e rientra nell\u2019ambito del programma di adeguamento delle intersezioni stradali lungo le strade provinciali che la Provincia sta conducendo da alcuni anni.<\/p>\n<p>&nbsp;<\/p>\n<fb:like href='https:\/\/www.leccecronaca.it\/index.php\/2013\/07\/03\/inaugurazione-s-p-n-168-andrano-marina-di-andrano\/' send='true' layout='button_count' show_faces='true' width='450' height='65' action='recommend' colorscheme='light' font='lucida grande'><\/fb:like><span class=\"fb_share\"><fb:like href=\"https:\/\/www.leccecronaca.it\/index.php\/2013\/07\/03\/inaugurazione-s-p-n-168-andrano-marina-di-andrano\/\" layout=\"button_count\"><\/fb:like><\/span>","protected":false},"excerpt":{"rendered":"<p>Oggi, mercoled\u00ec 3 luglio, alle ore 18.30, appuntamento con la cerimonia di inaugurazione della rotatoria realizzata dalla Provincia di Lecce e dal Comune di Andrano, sulla strada provinciale n. 168 \u201cAndrano-Marina di Andrano\u201d (intersezione via del Mare, via Marine e via Panecaldo). Al taglio del nastro dell\u2019opera di edilizia stradale saranno presenti il presidente della [&hellip;]<\/p>\n","protected":false},"author":4,"featured_media":18340,"comment_status":"open","ping_status":"closed","sticky":false,"template":"","format":"standard","meta":[],"categories":[36],"tags":[],"_links":{"self":[{"href":"https:\/\/www.leccecronaca.it\/index.php\/wp-json\/wp\/v2\/posts\/18339"}],"collection":[{"href":"https:\/\/www.leccecronaca.it\/index.php\/wp-json\/wp\/v2\/posts"}],"about":[{"href":"https:\/\/www.leccecronaca.it\/index.php\/wp-json\/wp\/v2\/types\/post"}],"author":[{"embeddable":true,"href":"https:\/\/www.leccecronaca.it\/index.php\/wp-json\/wp\/v2\/users\/4"}],"replies":[{"embeddable":true,"href":"https:\/\/www.leccecronaca.it\/index.php\/wp-json\/wp\/v2\/comments?post=18339"}],"version-history":[{"count":2,"href":"https:\/\/www.leccecronaca.it\/index.php\/wp-json\/wp\/v2\/posts\/18339\/revisions"}],"predecessor-version":[{"id":18342,"href":"https:\/\/www.leccecronaca.it\/index.php\/wp-json\/wp\/v2\/posts\/18339\/revisions\/18342"}],"wp:featuredmedia":[{"embeddable":true,"href":"https:\/\/www.leccecronaca.it\/index.php\/wp-json\/wp\/v2\/media\/18340"}],"wp:attachment":[{"href":"https:\/\/www.leccecronaca.it\/index.php\/wp-json\/wp\/v2\/media?parent=18339"}],"wp:term":[{"taxonomy":"category","embeddable":true,"href":"https:\/\/www.leccecronaca.it\/index.php\/wp-json\/wp\/v2\/categories?post=18339"},{"taxonomy":"post_tag","embeddable":true,"href":"https:\/\/www.leccecronaca.it\/index.php\/wp-json\/wp\/v2\/tags?post=18339"}],"curies":[{"name":"wp","href":"https:\/\/api.w.org\/{rel}","templated":true}]}}