{"id":183902,"date":"2021-05-31T00:02:04","date_gmt":"2021-05-30T22:02:04","guid":{"rendered":"http:\/\/www.leccecronaca.it\/?p=183902"},"modified":"2021-05-28T12:34:51","modified_gmt":"2021-05-28T10:34:51","slug":"novita-editoriali-gli-studi-arbereshe-di-eqrem-cabej","status":"publish","type":"post","link":"https:\/\/www.leccecronaca.it\/index.php\/2021\/05\/31\/novita-editoriali-gli-studi-arbereshe-di-eqrem-cabej\/","title":{"rendered":"NOVITA&#8217; EDITORIALI \/ GLI STUDI Arb\u00ebresh\u00eb DI EQREM CABEJ"},"content":{"rendered":"<p><img decoding=\"async\" loading=\"lazy\" class=\"alignnone size-full wp-image-183903\" src=\"https:\/\/www.leccecronaca.it\/wordpress\/wp-content\/uploads\/2021\/05\/eqrem_cabej.jpg\" alt=\"\" width=\"1500\" height=\"972\" srcset=\"https:\/\/www.leccecronaca.it\/wordpress\/wp-content\/uploads\/2021\/05\/eqrem_cabej.jpg 1500w, https:\/\/www.leccecronaca.it\/wordpress\/wp-content\/uploads\/2021\/05\/eqrem_cabej-300x194.jpg 300w, https:\/\/www.leccecronaca.it\/wordpress\/wp-content\/uploads\/2021\/05\/eqrem_cabej-1024x664.jpg 1024w, https:\/\/www.leccecronaca.it\/wordpress\/wp-content\/uploads\/2021\/05\/eqrem_cabej-768x498.jpg 768w\" sizes=\"(max-width: 1500px) 100vw, 1500px\" \/>di <strong>Raffaele Polo<\/strong>______<\/p>\n<p>Anche se ci \u00e8 vicinissimo geograficamente, poco o nulla conosciamo del sostrato culturale e linguistico del &#8216;popolo delle aquile&#8217;.<\/p>\n<p>Ma, tra gli studiosi albanesi del Novecento, <strong>Eqrem \u00c7abej<\/strong>\u00a0(nella foto), morto nel 1980 a 72 anni, \u00e8 considerato uno dei pi\u00f9 celebri fondatori della moderna albanologia e un grande conoscitore del mondo Arb\u00ebresh\u00eb. Entra in contatto con questo particolare mondo sin da laureando e viene inevitabilmente attratto dal ricco patrimonio letterario e culturale degli albanesi d&#8217;Italia. Una ricchezza che egli individua come fonte di grande documentazione storica: nei primi anni Trenta,\u00a0\u00c7abej visita per la prima volta gli Arb\u00ebresh\u00eb, soggiornando nella comunit\u00e0 albanofona di Piana degli Albanesi, all&#8217;epoca denominata &#8220;dei Greci&#8221;.<\/p>\n<p>Una grande conquista per il giovane che, pochi anni prima, per volere di suo padre, ha intrapreso la professione medica, abbandonando la sua passione per l&#8217;albanologia. L&#8217;idioma di Piana degli Albanesi costituisce cos\u00ec, l&#8217;inizio dell&#8217;abbandono di quello che ha precedentemente intrapreso e il proseguo di ci\u00f2 che \u00e8 la sua passione.<\/p>\n<p><strong><em>&#8216;Tra gli albanesi d&#8217;Italia&#8217;<\/em><\/strong> (Besa, pagine 216, euro 17) \u00e8 un&#8217;antologia che comprende i tanti contributi linguistici, storici, letterari e culturali, prodotti nel corso del tempo da \u00c7abej sull&#8217;universo degli Arb\u00ebresh\u00eb. Una testimonianza di interscambi intellettuali e umani tra le due rive dell&#8217;Adriatico, tra Albanesi e Italiani in terra italica, in particolare sugli Arb\u00ebresh\u00eb, nel corso di cinque secoli.<\/p>\n<p><img decoding=\"async\" loading=\"lazy\" class=\"alignnone size-full wp-image-183904\" src=\"https:\/\/www.leccecronaca.it\/wordpress\/wp-content\/uploads\/2021\/05\/COPERTINA-fronte_Cabej_Tra-gli-albanesi-dItalia-1.jpg\" alt=\"\" width=\"1763\" height=\"2539\" srcset=\"https:\/\/www.leccecronaca.it\/wordpress\/wp-content\/uploads\/2021\/05\/COPERTINA-fronte_Cabej_Tra-gli-albanesi-dItalia-1.jpg 1763w, https:\/\/www.leccecronaca.it\/wordpress\/wp-content\/uploads\/2021\/05\/COPERTINA-fronte_Cabej_Tra-gli-albanesi-dItalia-1-208x300.jpg 208w, https:\/\/www.leccecronaca.it\/wordpress\/wp-content\/uploads\/2021\/05\/COPERTINA-fronte_Cabej_Tra-gli-albanesi-dItalia-1-711x1024.jpg 711w, https:\/\/www.leccecronaca.it\/wordpress\/wp-content\/uploads\/2021\/05\/COPERTINA-fronte_Cabej_Tra-gli-albanesi-dItalia-1-768x1106.jpg 768w, https:\/\/www.leccecronaca.it\/wordpress\/wp-content\/uploads\/2021\/05\/COPERTINA-fronte_Cabej_Tra-gli-albanesi-dItalia-1-1067x1536.jpg 1067w, https:\/\/www.leccecronaca.it\/wordpress\/wp-content\/uploads\/2021\/05\/COPERTINA-fronte_Cabej_Tra-gli-albanesi-dItalia-1-1422x2048.jpg 1422w\" sizes=\"(max-width: 1763px) 100vw, 1763px\" \/><\/p>\n<p>&nbsp;<\/p>\n<fb:like href='https:\/\/www.leccecronaca.it\/index.php\/2021\/05\/31\/novita-editoriali-gli-studi-arbereshe-di-eqrem-cabej\/' send='true' layout='button_count' show_faces='true' width='450' height='65' action='recommend' colorscheme='light' font='lucida grande'><\/fb:like><span class=\"fb_share\"><fb:like href=\"https:\/\/www.leccecronaca.it\/index.php\/2021\/05\/31\/novita-editoriali-gli-studi-arbereshe-di-eqrem-cabej\/\" layout=\"button_count\"><\/fb:like><\/span>","protected":false},"excerpt":{"rendered":"<p>di Raffaele Polo______ Anche se ci \u00e8 vicinissimo geograficamente, poco o nulla conosciamo del sostrato culturale e linguistico del &#8216;popolo delle aquile&#8217;. Ma, tra gli studiosi albanesi del Novecento, Eqrem \u00c7abej\u00a0(nella foto), morto nel 1980 a 72 anni, \u00e8 considerato uno dei pi\u00f9 celebri fondatori della moderna albanologia e un grande conoscitore del mondo Arb\u00ebresh\u00eb. [&hellip;]<\/p>\n","protected":false},"author":4,"featured_media":183903,"comment_status":"open","ping_status":"closed","sticky":false,"template":"","format":"standard","meta":[],"categories":[31,57],"tags":[],"_links":{"self":[{"href":"https:\/\/www.leccecronaca.it\/index.php\/wp-json\/wp\/v2\/posts\/183902"}],"collection":[{"href":"https:\/\/www.leccecronaca.it\/index.php\/wp-json\/wp\/v2\/posts"}],"about":[{"href":"https:\/\/www.leccecronaca.it\/index.php\/wp-json\/wp\/v2\/types\/post"}],"author":[{"embeddable":true,"href":"https:\/\/www.leccecronaca.it\/index.php\/wp-json\/wp\/v2\/users\/4"}],"replies":[{"embeddable":true,"href":"https:\/\/www.leccecronaca.it\/index.php\/wp-json\/wp\/v2\/comments?post=183902"}],"version-history":[{"count":1,"href":"https:\/\/www.leccecronaca.it\/index.php\/wp-json\/wp\/v2\/posts\/183902\/revisions"}],"predecessor-version":[{"id":183905,"href":"https:\/\/www.leccecronaca.it\/index.php\/wp-json\/wp\/v2\/posts\/183902\/revisions\/183905"}],"wp:featuredmedia":[{"embeddable":true,"href":"https:\/\/www.leccecronaca.it\/index.php\/wp-json\/wp\/v2\/media\/183903"}],"wp:attachment":[{"href":"https:\/\/www.leccecronaca.it\/index.php\/wp-json\/wp\/v2\/media?parent=183902"}],"wp:term":[{"taxonomy":"category","embeddable":true,"href":"https:\/\/www.leccecronaca.it\/index.php\/wp-json\/wp\/v2\/categories?post=183902"},{"taxonomy":"post_tag","embeddable":true,"href":"https:\/\/www.leccecronaca.it\/index.php\/wp-json\/wp\/v2\/tags?post=183902"}],"curies":[{"name":"wp","href":"https:\/\/api.w.org\/{rel}","templated":true}]}}