{"id":184446,"date":"2021-06-11T15:23:25","date_gmt":"2021-06-11T13:23:25","guid":{"rendered":"http:\/\/www.leccecronaca.it\/?p=184446"},"modified":"2021-06-11T15:23:25","modified_gmt":"2021-06-11T13:23:25","slug":"una-speranza-per-carmelo-andra-tutto-bene","status":"publish","type":"post","link":"https:\/\/www.leccecronaca.it\/index.php\/2021\/06\/11\/una-speranza-per-carmelo-andra-tutto-bene\/","title":{"rendered":"UNA SPERANZA PER CARMELO \/ ANDRA&#8217; TUTTO&#8230;BENE?"},"content":{"rendered":"<p><img decoding=\"async\" loading=\"lazy\" class=\"alignnone size-full wp-image-184447\" src=\"https:\/\/www.leccecronaca.it\/wordpress\/wp-content\/uploads\/2021\/06\/118617533_10220422974797522_9199243313881050895_n.jpg\" alt=\"\" width=\"526\" height=\"707\" srcset=\"https:\/\/www.leccecronaca.it\/wordpress\/wp-content\/uploads\/2021\/06\/118617533_10220422974797522_9199243313881050895_n.jpg 526w, https:\/\/www.leccecronaca.it\/wordpress\/wp-content\/uploads\/2021\/06\/118617533_10220422974797522_9199243313881050895_n-223x300.jpg 223w\" sizes=\"(max-width: 526px) 100vw, 526px\" \/>(g.p.)_______Un progetto, non \u00e8 una notizia. Una partecipazione ad un bando, nemmeno. Bisogner\u00e0 vedere se il progetto sar\u00e0 finanziato, se sar\u00e0 fra quelli prescelti. Ma una notizia, c&#8217;\u00e8: il Comune di Lecce sta pensando di sistemare lo sconcio permanente dello stabile di via Adda su cui c&#8217;\u00e8 &#8211; c&#8217;era &#8211;\u00a0 l&#8217;unico omaggio tangibile della Citt\u00e0 al &#8216;suo&#8217; Maestro Carmelo Bene. Finalmente, ci sta pensando. Con calma, e pazienza se la riqualificazione delle periferie era stata la promessa pi\u00f9 importante in campagna elettorale.<\/p>\n<p>Ma ormai lo sappiamo, questa amministrazione i problemi li risolve con gli annunci reboanti nelle campagne elettorali, con i comunicati stampa di pie intenzioni in tutti i periodi, e con i progetti.<\/p>\n<p>Ci sta pensando perch\u00e9 ha deciso di partecipare ad un bando della Regione Puglia, per la riqualificazione\u00a0 di spazi pubblici con l&#8217;affidamento per due anni a un&#8217;organizzazione giovanile da essa individuata che sviluppi &#8220;progetti di innovazione sociale&#8221;.<\/p>\n<p>La decisione \u00e8 stata ufficializzata con la delibera di giunta numero 136 del 10\/ 06\/ 2021 (chi voglia prenderne visione nella versione integrale pu\u00f2 consultare il link qui sotto).<\/p>\n<p>&nbsp;<\/p>\n<p>Ora, siccome lo stabile in questione sta cadendo letteralmente a pezzi &#8211; e non \u00e8 una frase fatta &#8211; \u00e8 lecito supporre che i &#8220;progetti di innovazione sociale&#8221; che vi saranno attuati dall&#8217;organizzazione in seguito prescelta &#8211; e bisogner\u00e0 fare quindi un&#8217; altra selezione &#8211; partano proprio dalla ristrutturazione dell&#8217;immobile, &#8216;murale&#8217; compreso.<\/p>\n<p>E&#8217; lecito supporre. E&#8217; lecito sperare. E&#8217; lecito pure aspettare ancora, chiss\u00e0 quanto.<\/p>\n<p>&nbsp;<\/p>\n<p>Intanto da anni il volto di Carmelo Bene adesso non si vede quasi pi\u00f9, se non nella parte superiore della testa, perch\u00e9 la vegetazione spontanea \u00e8 cresciuta, fra i cumuli di detriti. La scritta, in alto, sull\u2019immobile abbandonato di via Adda, su cui dieci anni fa fu realizzato il murale da Checo\u2019s Art e Crash \u2013 l\u2019unico omaggio tangibile al Genio pi\u00f9 illustre, dimenticato, come la piazza che in teoria porta il Suo nome, ma che tutti continuano a chiamare Foro Boario \u2013\u00a0 la scritta, in alto, quella si vede ancora: \u201cLA CITTA\u2019 AL SUO MAESTRO\u201d, dice.<\/p>\n<p>Un monumento di rifiuti, un tempio del degrado e dell\u2019abbandono, sgarrupato e traballante, transennato come la cella di una prigione, questo la Citt\u00e0 ha dedicato al Suo Maestro.______<\/p>\n<p><a href=\"https:\/\/lecce.trasparenza-valutazione-merito.it\/web\/trasparenza\/papca-ap?p_p_id=jcitygovalbopubblicazioni_WAR_jcitygovalbiportlet&amp;p_p_lifecycle=2&amp;p_p_state=pop_up&amp;p_p_mode=view&amp;p_p_resource_id=downloadAllegato&amp;p_p_cacheability=cacheLevelPage&amp;_jcitygovalbopubblicazioni_WAR_jcitygovalbiportlet_downloadSigned=false&amp;_jcitygovalbopubblicazioni_WAR_jcitygovalbiportlet_id=3178759&amp;_jcitygovalbopubblicazioni_WAR_jcitygovalbiportlet_action=mostraDettaglio&amp;_jcitygovalbopubblicazioni_WAR_jcitygovalbiportlet_fromAction=recuperaDettaglio\">https:\/\/lecce.trasparenza-valutazione-merito.it\/web\/trasparenza\/papca-ap?p_p_id=jcitygovalbopubblicazioni_WAR_jcitygovalbiportlet&amp;p_p_lifecycle=2&amp;p_p_state=pop_up&amp;p_p_mode=view&amp;p_p_resource_id=downloadAllegato&amp;p_p_cacheability=cacheLevelPage&amp;_jcitygovalbopubblicazioni_WAR_jcitygovalbiportlet_downloadSigned=false&amp;_jcitygovalbopubblicazioni_WAR_jcitygovalbiportlet_id=3178759&amp;_jcitygovalbopubblicazioni_WAR_jcitygovalbiportlet_action=mostraDettaglio&amp;_jcitygovalbopubblicazioni_WAR_jcitygovalbiportlet_fromAction=recuperaDettaglio<\/a><\/p>\n<p>&nbsp;<\/p>\n<p>&nbsp;<\/p>\n<fb:like href='https:\/\/www.leccecronaca.it\/index.php\/2021\/06\/11\/una-speranza-per-carmelo-andra-tutto-bene\/' send='true' layout='button_count' show_faces='true' width='450' height='65' action='recommend' colorscheme='light' font='lucida grande'><\/fb:like><span class=\"fb_share\"><fb:like href=\"https:\/\/www.leccecronaca.it\/index.php\/2021\/06\/11\/una-speranza-per-carmelo-andra-tutto-bene\/\" layout=\"button_count\"><\/fb:like><\/span>","protected":false},"excerpt":{"rendered":"<p>(g.p.)_______Un progetto, non \u00e8 una notizia. Una partecipazione ad un bando, nemmeno. Bisogner\u00e0 vedere se il progetto sar\u00e0 finanziato, se sar\u00e0 fra quelli prescelti. Ma una notizia, c&#8217;\u00e8: il Comune di Lecce sta pensando di sistemare lo sconcio permanente dello stabile di via Adda su cui c&#8217;\u00e8 &#8211; c&#8217;era &#8211;\u00a0 l&#8217;unico omaggio tangibile della Citt\u00e0 [&hellip;]<\/p>\n","protected":false},"author":4,"featured_media":184447,"comment_status":"open","ping_status":"closed","sticky":false,"template":"","format":"standard","meta":[],"categories":[69,31,76],"tags":[],"_links":{"self":[{"href":"https:\/\/www.leccecronaca.it\/index.php\/wp-json\/wp\/v2\/posts\/184446"}],"collection":[{"href":"https:\/\/www.leccecronaca.it\/index.php\/wp-json\/wp\/v2\/posts"}],"about":[{"href":"https:\/\/www.leccecronaca.it\/index.php\/wp-json\/wp\/v2\/types\/post"}],"author":[{"embeddable":true,"href":"https:\/\/www.leccecronaca.it\/index.php\/wp-json\/wp\/v2\/users\/4"}],"replies":[{"embeddable":true,"href":"https:\/\/www.leccecronaca.it\/index.php\/wp-json\/wp\/v2\/comments?post=184446"}],"version-history":[{"count":1,"href":"https:\/\/www.leccecronaca.it\/index.php\/wp-json\/wp\/v2\/posts\/184446\/revisions"}],"predecessor-version":[{"id":184448,"href":"https:\/\/www.leccecronaca.it\/index.php\/wp-json\/wp\/v2\/posts\/184446\/revisions\/184448"}],"wp:featuredmedia":[{"embeddable":true,"href":"https:\/\/www.leccecronaca.it\/index.php\/wp-json\/wp\/v2\/media\/184447"}],"wp:attachment":[{"href":"https:\/\/www.leccecronaca.it\/index.php\/wp-json\/wp\/v2\/media?parent=184446"}],"wp:term":[{"taxonomy":"category","embeddable":true,"href":"https:\/\/www.leccecronaca.it\/index.php\/wp-json\/wp\/v2\/categories?post=184446"},{"taxonomy":"post_tag","embeddable":true,"href":"https:\/\/www.leccecronaca.it\/index.php\/wp-json\/wp\/v2\/tags?post=184446"}],"curies":[{"name":"wp","href":"https:\/\/api.w.org\/{rel}","templated":true}]}}