{"id":184829,"date":"2021-06-21T17:14:15","date_gmt":"2021-06-21T15:14:15","guid":{"rendered":"http:\/\/www.leccecronaca.it\/?p=184829"},"modified":"2021-06-21T18:24:55","modified_gmt":"2021-06-21T16:24:55","slug":"emanuela-orlandi-un-sit-in-per-la-verita","status":"publish","type":"post","link":"https:\/\/www.leccecronaca.it\/index.php\/2021\/06\/21\/emanuela-orlandi-un-sit-in-per-la-verita\/","title":{"rendered":"CASO EMANUELA ORLANDI \/ MARTEDI&#8217; 22 A ROMA VICINO AL VATICANO UN SIT IN PER LA VERIT\u00c0. UN APPUNTAMENTO PER TUTTE LE ANIME CON LE ALI STRAPPATE"},"content":{"rendered":"<p><img decoding=\"async\" loading=\"lazy\" class=\"aligncenter wp-image-184839 size-full\" src=\"https:\/\/www.leccecronaca.it\/wordpress\/wp-content\/uploads\/2021\/06\/mani-bu.jpg\" alt=\"\" width=\"1449\" height=\"2056\" srcset=\"https:\/\/www.leccecronaca.it\/wordpress\/wp-content\/uploads\/2021\/06\/mani-bu.jpg 1449w, https:\/\/www.leccecronaca.it\/wordpress\/wp-content\/uploads\/2021\/06\/mani-bu-211x300.jpg 211w, https:\/\/www.leccecronaca.it\/wordpress\/wp-content\/uploads\/2021\/06\/mani-bu-722x1024.jpg 722w, https:\/\/www.leccecronaca.it\/wordpress\/wp-content\/uploads\/2021\/06\/mani-bu-768x1090.jpg 768w, https:\/\/www.leccecronaca.it\/wordpress\/wp-content\/uploads\/2021\/06\/mani-bu-1083x1536.jpg 1083w, https:\/\/www.leccecronaca.it\/wordpress\/wp-content\/uploads\/2021\/06\/mani-bu-1443x2048.jpg 1443w\" sizes=\"(max-width: 1449px) 100vw, 1449px\" \/><\/p>\n<p>di<strong> Alisia Mariano<\/strong>______ \u00a0 \u00a0Sono passati ben trentotto anni dalla sparizione di Emanuela Orlandi. Quel fatidico 22 giugno 1983. Una data che non pu\u00f2 essere dimenticata.<\/p>\n<p>Quello che poteva sembrare un semplice allontanamento volontario\u00a0 di una ragazza adolescente, \u00e8 diventato uno dei casi di sparizione pi\u00f9 tristi e oscuri d\u2019Italia.\u00a0 Un simbolo.<\/p>\n<p>Non si sa nulla di Emanuela, all\u2019epoca una ragazzina di 15 anni, figlia di un commesso della Prefettura della casa Pontificia. Dove sar\u00e0 ora Emanuela Orlandi, o forse bisogna dire, dove \u00e8\u00a0 sepolto il suo corpo?<\/p>\n<p>Fin dal giorno della scomparsa la sua ricerca ha incontrato ostacoli, depistaggi, false testimonianze e silenzi che hanno intralciato le indagini, occultato la verit\u00e0, verit\u00e0 che sembra impossibile da raggiungere. Ma la sua famiglia non si arrende. Ed \u00e8 proprio per chiedere verit\u00e0 e chiarezza sulla misteriosa sparizione che la sua famiglia ha deciso di promuovere una manifestazione, domani, marted\u00ec 22 giugno, proprio nel giorno della sua scomparsa.<\/p>\n<p>Il fratello Pietro Orlandi, da sempre legatissimo alla sorella e infaticabile ricercatore della verit\u00e0, ha pubblicato sui social il post del sit in che si terr\u00e0 a Largo Giovanni XXIII a Roma, dalle ore 18 alle ore 20.00. Un appuntamento non solo<span class=\"Apple-converted-space\">\u00a0 <\/span>per Emanuela, ma anche<span class=\"Apple-converted-space\">\u00a0 <\/span>per tutte le anime con le ali strappate.<span class=\"Apple-converted-space\"><br \/>\n<\/span><\/p>\n<p>Pietro Orlandi si \u00e8 espresso cos\u00ec sui social: <em><strong>\u201dIl 22 giugno 2021 a 38 anni dal rapimento di Emanuela, sit in in Largo Giovanni XXIII a Roma dalle 18 alle 20. Speriamo di essere in tanti cosicch\u00e9 sar\u00e0 ancora pi\u00f9 grande la spada di Damocle che peser\u00e0 sulle teste di molti\u201d<\/strong><\/em><span class=\"Apple-converted-space\">\u00a0.<\/span><\/p>\n<p><img decoding=\"async\" loading=\"lazy\" class=\"aligncenter wp-image-184832 size-full\" src=\"https:\/\/www.leccecronaca.it\/wordpress\/wp-content\/uploads\/2021\/06\/96AF8B7F-1ECE-49CB-9F5B-DCC82539C5A1.jpeg\" alt=\"\" width=\"828\" height=\"460\" srcset=\"https:\/\/www.leccecronaca.it\/wordpress\/wp-content\/uploads\/2021\/06\/96AF8B7F-1ECE-49CB-9F5B-DCC82539C5A1.jpeg 828w, https:\/\/www.leccecronaca.it\/wordpress\/wp-content\/uploads\/2021\/06\/96AF8B7F-1ECE-49CB-9F5B-DCC82539C5A1-300x167.jpeg 300w, https:\/\/www.leccecronaca.it\/wordpress\/wp-content\/uploads\/2021\/06\/96AF8B7F-1ECE-49CB-9F5B-DCC82539C5A1-768x427.jpeg 768w\" sizes=\"(max-width: 828px) 100vw, 828px\" \/><\/p>\n<p>&nbsp;<\/p>\n<p><span class=\"Apple-converted-space\">______\u00a0<\/span><\/p>\n<p>L&#8217;APPROFONDIMENTO nel nostro articolo del 28 maggio scorso<\/p>\n<blockquote class=\"wp-embedded-content\" data-secret=\"5vNqZscfQC\"><p><a href=\"https:\/\/www.leccecronaca.it\/index.php\/2021\/05\/28\/caso-emanuela-orlandi\/\">CASO EMANUELA ORLANDI \/ TRENTOTTO ANNI DI MISTERO<\/a><\/p><\/blockquote>\n<p><iframe class=\"wp-embedded-content\" sandbox=\"allow-scripts\" security=\"restricted\" style=\"position: absolute; clip: rect(1px, 1px, 1px, 1px);\" src=\"https:\/\/www.leccecronaca.it\/index.php\/2021\/05\/28\/caso-emanuela-orlandi\/embed\/#?secret=5vNqZscfQC\" data-secret=\"5vNqZscfQC\" width=\"500\" height=\"282\" title=\"&#8220;CASO EMANUELA ORLANDI \/ TRENTOTTO ANNI DI MISTERO&#8221; &#8212; LecceCronaca.it\" frameborder=\"0\" marginwidth=\"0\" marginheight=\"0\" scrolling=\"no\"><\/iframe><\/p>\n<fb:like href='https:\/\/www.leccecronaca.it\/index.php\/2021\/06\/21\/emanuela-orlandi-un-sit-in-per-la-verita\/' send='true' layout='button_count' show_faces='true' width='450' height='65' action='recommend' colorscheme='light' font='lucida grande'><\/fb:like><span class=\"fb_share\"><fb:like href=\"https:\/\/www.leccecronaca.it\/index.php\/2021\/06\/21\/emanuela-orlandi-un-sit-in-per-la-verita\/\" layout=\"button_count\"><\/fb:like><\/span>","protected":false},"excerpt":{"rendered":"<p>di Alisia Mariano______ \u00a0 \u00a0Sono passati ben trentotto anni dalla sparizione di Emanuela Orlandi. Quel fatidico 22 giugno 1983. Una data che non pu\u00f2 essere dimenticata. Quello che poteva sembrare un semplice allontanamento volontario\u00a0 di una ragazza adolescente, \u00e8 diventato uno dei casi di sparizione pi\u00f9 tristi e oscuri d\u2019Italia.\u00a0 Un simbolo. Non si sa [&hellip;]<\/p>\n","protected":false},"author":4,"featured_media":184839,"comment_status":"open","ping_status":"closed","sticky":false,"template":"","format":"standard","meta":[],"categories":[69,76],"tags":[],"_links":{"self":[{"href":"https:\/\/www.leccecronaca.it\/index.php\/wp-json\/wp\/v2\/posts\/184829"}],"collection":[{"href":"https:\/\/www.leccecronaca.it\/index.php\/wp-json\/wp\/v2\/posts"}],"about":[{"href":"https:\/\/www.leccecronaca.it\/index.php\/wp-json\/wp\/v2\/types\/post"}],"author":[{"embeddable":true,"href":"https:\/\/www.leccecronaca.it\/index.php\/wp-json\/wp\/v2\/users\/4"}],"replies":[{"embeddable":true,"href":"https:\/\/www.leccecronaca.it\/index.php\/wp-json\/wp\/v2\/comments?post=184829"}],"version-history":[{"count":11,"href":"https:\/\/www.leccecronaca.it\/index.php\/wp-json\/wp\/v2\/posts\/184829\/revisions"}],"predecessor-version":[{"id":184847,"href":"https:\/\/www.leccecronaca.it\/index.php\/wp-json\/wp\/v2\/posts\/184829\/revisions\/184847"}],"wp:featuredmedia":[{"embeddable":true,"href":"https:\/\/www.leccecronaca.it\/index.php\/wp-json\/wp\/v2\/media\/184839"}],"wp:attachment":[{"href":"https:\/\/www.leccecronaca.it\/index.php\/wp-json\/wp\/v2\/media?parent=184829"}],"wp:term":[{"taxonomy":"category","embeddable":true,"href":"https:\/\/www.leccecronaca.it\/index.php\/wp-json\/wp\/v2\/categories?post=184829"},{"taxonomy":"post_tag","embeddable":true,"href":"https:\/\/www.leccecronaca.it\/index.php\/wp-json\/wp\/v2\/tags?post=184829"}],"curies":[{"name":"wp","href":"https:\/\/api.w.org\/{rel}","templated":true}]}}