{"id":185183,"date":"2021-06-28T00:02:21","date_gmt":"2021-06-27T22:02:21","guid":{"rendered":"http:\/\/www.leccecronaca.it\/?p=185183"},"modified":"2021-06-28T13:18:05","modified_gmt":"2021-06-28T11:18:05","slug":"i-magistrati-della-procura-della-repubblica-di-lecce-elsa-valeria-mignone-e-alessandro-prontera-al-convegno-di-vox-populi-a-alice-giovedi-1-luglio","status":"publish","type":"post","link":"https:\/\/www.leccecronaca.it\/index.php\/2021\/06\/28\/i-magistrati-della-procura-della-repubblica-di-lecce-elsa-valeria-mignone-e-alessandro-prontera-al-convegno-di-vox-populi-a-alice-giovedi-1-luglio\/","title":{"rendered":"I MAGISTRATI DELLA PROCURA DELLA REPUBBLICA DI LECCE ELSA VALERIA MIGNONE E ALESSANDRO PRONTERA AL CONVEGNO DI VOX POPULI A SALICE GIOVEDI&#8217; 1 LUGLIO"},"content":{"rendered":"<p><img decoding=\"async\" loading=\"lazy\" class=\"alignnone wp-image-185184\" src=\"https:\/\/www.leccecronaca.it\/wordpress\/wp-content\/uploads\/2021\/06\/elsa-valeria-mignone-lecce.jpg\" alt=\"\" width=\"400\" height=\"494\" srcset=\"https:\/\/www.leccecronaca.it\/wordpress\/wp-content\/uploads\/2021\/06\/elsa-valeria-mignone-lecce.jpg 290w, https:\/\/www.leccecronaca.it\/wordpress\/wp-content\/uploads\/2021\/06\/elsa-valeria-mignone-lecce-243x300.jpg 243w\" sizes=\"(max-width: 400px) 100vw, 400px\" \/>(Rdl)______Gioved\u00ec 1 luglio, alle 18.30, a Salice Salentino, presso il Cultural Club Civico 5, in via Dante Alighieri 5, ci sar\u00e0 un &#8220;incontro sulla cultura della legalit\u00e0&#8221; organizzato dall\u2019associazione Vox Populi.<\/p>\n<p>Partecipano il procuratore aggiunto della Repubblica del Tribunale di Lecce,\u00a0Elsa Valeria Mignone (nella foto), il sostituto procuratore Alessandro Prontera, il professor Luigi Melica\u00a0e la professoressa Eliana Augusti dell&#8217;Universit\u00e0 del Salento, il prete antimafia Don Antonio Coluccia\u00a0e il giornalista\u00a0Tonio Tondo.<\/p>\n<p>&nbsp;<\/p>\n<p>Cos\u00ec\u00a0 il Presidente di Vox Populi, Cosimo Gravili, ha presentato l&#8217;iniziativa:\u00a0<em>\u201cAbbiamo voluto fortemente ospitare donne e uomini che nei loro ruoli civici e istituzionali hanno sempre lottato, e continuano a farlo, per far diffondere e rispettare il principio di legalit\u00e0.<\/em><\/p>\n<p><em>Dobbiamo aumentare la fiducia dei cittadini nelle istituzioni attraverso l\u2019ascolto diretto di ospiti come quelli che avremo il piacere di ascoltare. <\/em><\/p>\n<p><em>Viviamo in un periodo complicato come Paese ma \u00e8 fondamentale essere cittadini consapevoli e attivi per il benessere e la giustizia delle proprie comunit\u00e0. <\/em><\/p>\n<p><em>La cultura della legalit\u00e0 continua Gravili deve essere coltivata giorno per giorno in tutte le realt\u00e0 che ci circondano a partire dalla famiglia e dalla scuola fino al posto di lavoro e alle istituzioni pubbliche\u201d.<\/em><\/p>\n<p>&nbsp;<\/p>\n<fb:like href='https:\/\/www.leccecronaca.it\/index.php\/2021\/06\/28\/i-magistrati-della-procura-della-repubblica-di-lecce-elsa-valeria-mignone-e-alessandro-prontera-al-convegno-di-vox-populi-a-alice-giovedi-1-luglio\/' send='true' layout='button_count' show_faces='true' width='450' height='65' action='recommend' colorscheme='light' font='lucida grande'><\/fb:like><span class=\"fb_share\"><fb:like href=\"https:\/\/www.leccecronaca.it\/index.php\/2021\/06\/28\/i-magistrati-della-procura-della-repubblica-di-lecce-elsa-valeria-mignone-e-alessandro-prontera-al-convegno-di-vox-populi-a-alice-giovedi-1-luglio\/\" layout=\"button_count\"><\/fb:like><\/span>","protected":false},"excerpt":{"rendered":"<p>(Rdl)______Gioved\u00ec 1 luglio, alle 18.30, a Salice Salentino, presso il Cultural Club Civico 5, in via Dante Alighieri 5, ci sar\u00e0 un &#8220;incontro sulla cultura della legalit\u00e0&#8221; organizzato dall\u2019associazione Vox Populi. Partecipano il procuratore aggiunto della Repubblica del Tribunale di Lecce,\u00a0Elsa Valeria Mignone (nella foto), il sostituto procuratore Alessandro Prontera, il professor Luigi Melica\u00a0e la [&hellip;]<\/p>\n","protected":false},"author":4,"featured_media":185184,"comment_status":"open","ping_status":"closed","sticky":false,"template":"","format":"standard","meta":[],"categories":[69,75,76],"tags":[],"_links":{"self":[{"href":"https:\/\/www.leccecronaca.it\/index.php\/wp-json\/wp\/v2\/posts\/185183"}],"collection":[{"href":"https:\/\/www.leccecronaca.it\/index.php\/wp-json\/wp\/v2\/posts"}],"about":[{"href":"https:\/\/www.leccecronaca.it\/index.php\/wp-json\/wp\/v2\/types\/post"}],"author":[{"embeddable":true,"href":"https:\/\/www.leccecronaca.it\/index.php\/wp-json\/wp\/v2\/users\/4"}],"replies":[{"embeddable":true,"href":"https:\/\/www.leccecronaca.it\/index.php\/wp-json\/wp\/v2\/comments?post=185183"}],"version-history":[{"count":2,"href":"https:\/\/www.leccecronaca.it\/index.php\/wp-json\/wp\/v2\/posts\/185183\/revisions"}],"predecessor-version":[{"id":185186,"href":"https:\/\/www.leccecronaca.it\/index.php\/wp-json\/wp\/v2\/posts\/185183\/revisions\/185186"}],"wp:featuredmedia":[{"embeddable":true,"href":"https:\/\/www.leccecronaca.it\/index.php\/wp-json\/wp\/v2\/media\/185184"}],"wp:attachment":[{"href":"https:\/\/www.leccecronaca.it\/index.php\/wp-json\/wp\/v2\/media?parent=185183"}],"wp:term":[{"taxonomy":"category","embeddable":true,"href":"https:\/\/www.leccecronaca.it\/index.php\/wp-json\/wp\/v2\/categories?post=185183"},{"taxonomy":"post_tag","embeddable":true,"href":"https:\/\/www.leccecronaca.it\/index.php\/wp-json\/wp\/v2\/tags?post=185183"}],"curies":[{"name":"wp","href":"https:\/\/api.w.org\/{rel}","templated":true}]}}