{"id":185268,"date":"2021-06-30T10:16:02","date_gmt":"2021-06-30T08:16:02","guid":{"rendered":"http:\/\/www.leccecronaca.it\/?p=185268"},"modified":"2021-06-30T10:16:58","modified_gmt":"2021-06-30T08:16:58","slug":"il-rettore-fabio-pollice-spiega-i-criteri-adottati-dallunisalento-per-le-tasse-universitarie-nel-nuovo-anno-accademico","status":"publish","type":"post","link":"https:\/\/www.leccecronaca.it\/index.php\/2021\/06\/30\/il-rettore-fabio-pollice-spiega-i-criteri-adottati-dallunisalento-per-le-tasse-universitarie-nel-nuovo-anno-accademico\/","title":{"rendered":"IL RETTORE FABIO POLLICE SPIEGA I CRITERI ADOTTATI DALL&#8217;UNISALENTO PER LE TASSE UNIVERSITARIE"},"content":{"rendered":"<p><img decoding=\"async\" loading=\"lazy\" class=\"alignnone size-full wp-image-185269\" src=\"https:\/\/www.leccecronaca.it\/wordpress\/wp-content\/uploads\/2021\/06\/unnamed-31.jpg\" alt=\"\" width=\"512\" height=\"340\" srcset=\"https:\/\/www.leccecronaca.it\/wordpress\/wp-content\/uploads\/2021\/06\/unnamed-31.jpg 512w, https:\/\/www.leccecronaca.it\/wordpress\/wp-content\/uploads\/2021\/06\/unnamed-31-300x199.jpg 300w\" sizes=\"(max-width: 512px) 100vw, 512px\" \/>Riceviamo e volentieri pubblichiamo. L&#8217;Universit\u00e0 del Salento Ci manda il seguente comunicato______<\/p>\n<p>REVISIONE DEL MODELLO DI TASSAZIONEIL RETTORE FABIO POLLICE:<\/p>\n<p>\u00abINTERVENTO NECESSARIO PER GARANTIRE LA SOSTENIBILIT\u00c0 FINANZIARIA DELL\u2019ATENEO\u00a0E IL MIGLIORAMENTO DEI SERVIZI.<br \/>\nGLI AUMENTI NON INCIDERANNO SULLE FAMIGLIE A BASSO REDDITO. L\u2019IMPEGNO \u00c8 RIMANERE NEL\u00a0CLUSTER\u00a0DELLE UNIVERSIT\u00c0 CON IL PI\u00d9 BASSO LIVELLO DI TASSAZIONE\u00bb<\/p>\n<p>Nella seduta odierna, il Consiglio di Amministrazione dell\u2019Universit\u00e0 del Salento\u00a0ha confermato il modello di tassazione proposto dalla Commissione Bilancio e approvato dal Senato Accademico, apportando alcuni correttivi tesi a promuovere una ripartizione pi\u00f9 equilibrata del gettito sugli studenti con ISEE superiore ai 25mila euro e mantenendo comunque inalterato il livello di gettito deliberato dal Senato Accademico. Questa redistribuzione si \u00e8 ispirata a principi di equit\u00e0 e solidariet\u00e0 sociale, tenendo conto della capacit\u00e0 contributiva degli studenti e delle loro famiglie.<\/p>\n<p>&nbsp;<\/p>\n<p><em>\u00abLa situazione finanziaria della nostra Universit\u00e0 ci ha obbligato a rivedere il sistema di tassazione\u00bb<\/em>, spiega il Rettore\u00a0Fabio Pollice, <em>\u00abma si \u00e8 deciso che questa misura, in considerazione delle difficolt\u00e0 economiche determinate dalla crisi pandemica, non tocchi l\u2019ampia fascia di studenti con ISEE fino a 25mila euro, mentre incida marginalmente e comunque in maniera progressiva sugli studenti che rientrano nella fascia compresa tra i 25mila e i 40mila euro di ISEE, aumentando significativamente solo per gli studenti con ISEE al di sopra dei 50mila euro. <\/em><\/p>\n<p><em>In sintesi, se al di sotto dei 25mila euro lo studente non avr\u00e0 alcun aumento contributivo, uno studente con ISEE di 30mila euro avr\u00e0 un incremento delle tasse pari a 180 euro all\u2019anno, che si ridurranno a 90 euro se meritevole. Con un ISEE di 40mila euro, lo studente avr\u00e0 un incremento massimo di 300 euro all\u2019anno, che si ridurranno a 150 euro se meritevole. <\/em><\/p>\n<p>&nbsp;<\/p>\n<p><em>Il pagamento delle tasse \u2013 \u00e8 bene ricordarlo \u2013 avviene in tre distinte rate, distribuite nell\u2019anno accademico per non pesare in maniera significativamente sui bilanci familiari. Come detto, larga parte dell\u2019incremento contributo graver\u00e0 sugli studenti con ISEE superiore ai 50mila euro e, in particolare, su quelli che hanno un ISEE pari o superiore a 100mila euro. Non dobbiamo dimenticare che il nostro \u00e8 l\u2019Ateneo con il pi\u00f9 basso livello di tassazione in Italia, pi\u00f9 basso anche con riferimento alle Universit\u00e0 dell\u2019intorno geografico. <\/em><\/p>\n<p><em>Nel confronto con queste Universit\u00e0 il livello di tassazione, a seguito dell\u2019applicazione degli incrementi appena descritti, rimarr\u00e0 comunque pi\u00f9 basso di circa il 40 per cento, e l\u2019impegno \u00e8 mantenere l\u2019Universit\u00e0 del Salento nel\u00a0cluster\u00a0degli Atenei italiani con il pi\u00f9 basso livello di tassazione. <\/em><\/p>\n<p><em>L\u2019incremento delle entrate, oltre a garantire la sostenibilit\u00e0 finanziaria dell\u2019Ateneo, verr\u00e0 utilizzato anche per migliorare la qualit\u00e0 dei servizi offerti e introdurne di nuovi. Voglio citare, in particolare, l\u2019introduzione dei corsi sulle\u00a0soft skills\u00a0e sull\u2019imprenditorialit\u00e0, che saranno trasversali a tutti i corsi di laurea, e le attivit\u00e0 per migliorare le prospettive occupazionali dei nostri laureati, tra le quali il finanziamento di tirocini extracurriculari. <\/em><\/p>\n<p><em>Si tratta di azioni di grande importanza, considerato che uno dei fattori che maggiormente penalizzano il nostro Ateneo deriva proprio dalle difficolt\u00e0 occupazionali che incontrano i nostri laureati\u00bb.<\/em><\/p>\n<p>&nbsp;<\/p>\n<p>Lecce, 29 giugno 2021<\/p>\n<p>&nbsp;<\/p>\n<p>Cordiali saluti e buon lavoro,<br \/>\nLoredana De Vitis<\/p>\n<p>Ufficio Comunicazione e URP<br \/>\nUniversit\u00e0 del Salento<br \/>\nRettorato, piazza Tancredi 7 &#8211; 73100 Lecce<br \/>\ne-mail\u00a0comunicazione@unisalento.it<br \/>\nweb\u00a0www.unisalento.it<\/p>\n<p>&nbsp;<\/p>\n<fb:like href='https:\/\/www.leccecronaca.it\/index.php\/2021\/06\/30\/il-rettore-fabio-pollice-spiega-i-criteri-adottati-dallunisalento-per-le-tasse-universitarie-nel-nuovo-anno-accademico\/' send='true' layout='button_count' show_faces='true' width='450' height='65' action='recommend' colorscheme='light' font='lucida grande'><\/fb:like><span class=\"fb_share\"><fb:like href=\"https:\/\/www.leccecronaca.it\/index.php\/2021\/06\/30\/il-rettore-fabio-pollice-spiega-i-criteri-adottati-dallunisalento-per-le-tasse-universitarie-nel-nuovo-anno-accademico\/\" layout=\"button_count\"><\/fb:like><\/span>","protected":false},"excerpt":{"rendered":"<p>Riceviamo e volentieri pubblichiamo. L&#8217;Universit\u00e0 del Salento Ci manda il seguente comunicato______ REVISIONE DEL MODELLO DI TASSAZIONEIL RETTORE FABIO POLLICE: \u00abINTERVENTO NECESSARIO PER GARANTIRE LA SOSTENIBILIT\u00c0 FINANZIARIA DELL\u2019ATENEO\u00a0E IL MIGLIORAMENTO DEI SERVIZI. GLI AUMENTI NON INCIDERANNO SULLE FAMIGLIE A BASSO REDDITO. L\u2019IMPEGNO \u00c8 RIMANERE NEL\u00a0CLUSTER\u00a0DELLE UNIVERSIT\u00c0 CON IL PI\u00d9 BASSO LIVELLO DI TASSAZIONE\u00bb Nella seduta [&hellip;]<\/p>\n","protected":false},"author":4,"featured_media":185269,"comment_status":"open","ping_status":"closed","sticky":false,"template":"","format":"standard","meta":[],"categories":[69,31,76,36],"tags":[],"_links":{"self":[{"href":"https:\/\/www.leccecronaca.it\/index.php\/wp-json\/wp\/v2\/posts\/185268"}],"collection":[{"href":"https:\/\/www.leccecronaca.it\/index.php\/wp-json\/wp\/v2\/posts"}],"about":[{"href":"https:\/\/www.leccecronaca.it\/index.php\/wp-json\/wp\/v2\/types\/post"}],"author":[{"embeddable":true,"href":"https:\/\/www.leccecronaca.it\/index.php\/wp-json\/wp\/v2\/users\/4"}],"replies":[{"embeddable":true,"href":"https:\/\/www.leccecronaca.it\/index.php\/wp-json\/wp\/v2\/comments?post=185268"}],"version-history":[{"count":2,"href":"https:\/\/www.leccecronaca.it\/index.php\/wp-json\/wp\/v2\/posts\/185268\/revisions"}],"predecessor-version":[{"id":185271,"href":"https:\/\/www.leccecronaca.it\/index.php\/wp-json\/wp\/v2\/posts\/185268\/revisions\/185271"}],"wp:featuredmedia":[{"embeddable":true,"href":"https:\/\/www.leccecronaca.it\/index.php\/wp-json\/wp\/v2\/media\/185269"}],"wp:attachment":[{"href":"https:\/\/www.leccecronaca.it\/index.php\/wp-json\/wp\/v2\/media?parent=185268"}],"wp:term":[{"taxonomy":"category","embeddable":true,"href":"https:\/\/www.leccecronaca.it\/index.php\/wp-json\/wp\/v2\/categories?post=185268"},{"taxonomy":"post_tag","embeddable":true,"href":"https:\/\/www.leccecronaca.it\/index.php\/wp-json\/wp\/v2\/tags?post=185268"}],"curies":[{"name":"wp","href":"https:\/\/api.w.org\/{rel}","templated":true}]}}