{"id":185430,"date":"2021-07-03T18:09:09","date_gmt":"2021-07-03T16:09:09","guid":{"rendered":"http:\/\/www.leccecronaca.it\/?p=185430"},"modified":"2021-07-03T18:09:09","modified_gmt":"2021-07-03T16:09:09","slug":"incidente-a-porto-cesareo-muore-automobilista","status":"publish","type":"post","link":"https:\/\/www.leccecronaca.it\/index.php\/2021\/07\/03\/incidente-a-porto-cesareo-muore-automobilista\/","title":{"rendered":"INCIDENTE A PORTO CESAREO, MUORE AUTOMOBILISTA"},"content":{"rendered":"<p><img decoding=\"async\" loading=\"lazy\" class=\"alignnone size-full wp-image-185431\" src=\"https:\/\/www.leccecronaca.it\/wordpress\/wp-content\/uploads\/2021\/07\/unnamed.png\" alt=\"\" width=\"512\" height=\"246\" srcset=\"https:\/\/www.leccecronaca.it\/wordpress\/wp-content\/uploads\/2021\/07\/unnamed.png 512w, https:\/\/www.leccecronaca.it\/wordpress\/wp-content\/uploads\/2021\/07\/unnamed-300x144.png 300w\" sizes=\"(max-width: 512px) 100vw, 512px\" \/>(e.l.)______Ore tristi, funestate dagli incidenti stradali. Questo pomeriggio ce n&#8217;\u00e8 stato un altro mortale, avvenuto lungo la provinciale Nard\u00f2 &#8211; Avetrana, all&#8217;altezza di Porto Cesareo. Per cause ancora da accertare, un furgone Fiat Dobl\u00f2 si \u00e8 scontrato frontalmente con un&#8217;auto Dr 5.<\/p>\n<p>L&#8217;impatto \u00e8 stato violentissimo, il conducente del furgone \u00e8 morto sul colpo, quando sono arrivati i sanitari del 118 non hanno potuto far altro che constatarne il decesso.<\/p>\n<p>Si tratta di\u00a0Vito Giuseppe Giancane, 69 anni, di Lequile, pensionato.<\/p>\n<p>L&#8217;altro conducente, rimasto intrappolato fra le lamiere, \u00e8 stato &#8216;liberato&#8217; dai Vigili del Fuoco e portato nell&#8217;ospedale Sacro Cuore di Ges\u00f9 di Gallipoli (nella foto).<\/p>\n<p>Sull&#8217;accaduto, indagini dei Carabinieri del Comando Stazione di Porto Cesareo in corso di svolgimento.<\/p>\n<fb:like href='https:\/\/www.leccecronaca.it\/index.php\/2021\/07\/03\/incidente-a-porto-cesareo-muore-automobilista\/' send='true' layout='button_count' show_faces='true' width='450' height='65' action='recommend' colorscheme='light' font='lucida grande'><\/fb:like><span class=\"fb_share\"><fb:like href=\"https:\/\/www.leccecronaca.it\/index.php\/2021\/07\/03\/incidente-a-porto-cesareo-muore-automobilista\/\" layout=\"button_count\"><\/fb:like><\/span>","protected":false},"excerpt":{"rendered":"<p>(e.l.)______Ore tristi, funestate dagli incidenti stradali. Questo pomeriggio ce n&#8217;\u00e8 stato un altro mortale, avvenuto lungo la provinciale Nard\u00f2 &#8211; Avetrana, all&#8217;altezza di Porto Cesareo. Per cause ancora da accertare, un furgone Fiat Dobl\u00f2 si \u00e8 scontrato frontalmente con un&#8217;auto Dr 5. L&#8217;impatto \u00e8 stato violentissimo, il conducente del furgone \u00e8 morto sul colpo, quando [&hellip;]<\/p>\n","protected":false},"author":4,"featured_media":185431,"comment_status":"open","ping_status":"closed","sticky":false,"template":"","format":"standard","meta":[],"categories":[69],"tags":[],"_links":{"self":[{"href":"https:\/\/www.leccecronaca.it\/index.php\/wp-json\/wp\/v2\/posts\/185430"}],"collection":[{"href":"https:\/\/www.leccecronaca.it\/index.php\/wp-json\/wp\/v2\/posts"}],"about":[{"href":"https:\/\/www.leccecronaca.it\/index.php\/wp-json\/wp\/v2\/types\/post"}],"author":[{"embeddable":true,"href":"https:\/\/www.leccecronaca.it\/index.php\/wp-json\/wp\/v2\/users\/4"}],"replies":[{"embeddable":true,"href":"https:\/\/www.leccecronaca.it\/index.php\/wp-json\/wp\/v2\/comments?post=185430"}],"version-history":[{"count":1,"href":"https:\/\/www.leccecronaca.it\/index.php\/wp-json\/wp\/v2\/posts\/185430\/revisions"}],"predecessor-version":[{"id":185432,"href":"https:\/\/www.leccecronaca.it\/index.php\/wp-json\/wp\/v2\/posts\/185430\/revisions\/185432"}],"wp:featuredmedia":[{"embeddable":true,"href":"https:\/\/www.leccecronaca.it\/index.php\/wp-json\/wp\/v2\/media\/185431"}],"wp:attachment":[{"href":"https:\/\/www.leccecronaca.it\/index.php\/wp-json\/wp\/v2\/media?parent=185430"}],"wp:term":[{"taxonomy":"category","embeddable":true,"href":"https:\/\/www.leccecronaca.it\/index.php\/wp-json\/wp\/v2\/categories?post=185430"},{"taxonomy":"post_tag","embeddable":true,"href":"https:\/\/www.leccecronaca.it\/index.php\/wp-json\/wp\/v2\/tags?post=185430"}],"curies":[{"name":"wp","href":"https:\/\/api.w.org\/{rel}","templated":true}]}}