{"id":185451,"date":"2021-07-04T18:45:09","date_gmt":"2021-07-04T16:45:09","guid":{"rendered":"http:\/\/www.leccecronaca.it\/?p=185451"},"modified":"2021-07-05T13:23:25","modified_gmt":"2021-07-05T11:23:25","slug":"uultimora-il-papa-in-ospedale-per-unoperazione","status":"publish","type":"post","link":"https:\/\/www.leccecronaca.it\/index.php\/2021\/07\/04\/uultimora-il-papa-in-ospedale-per-unoperazione\/","title":{"rendered":"ULTIM&#8217;ORA \/ IL PAPA IN OSPEDALE PER UN&#8217;OPERAZIONE"},"content":{"rendered":"<p><img decoding=\"async\" loading=\"lazy\" class=\"alignnone size-full wp-image-185452\" src=\"https:\/\/www.leccecronaca.it\/wordpress\/wp-content\/uploads\/2021\/07\/policlinico-gemelli1.jpg\" alt=\"\" width=\"630\" height=\"400\" srcset=\"https:\/\/www.leccecronaca.it\/wordpress\/wp-content\/uploads\/2021\/07\/policlinico-gemelli1.jpg 630w, https:\/\/www.leccecronaca.it\/wordpress\/wp-content\/uploads\/2021\/07\/policlinico-gemelli1-300x190.jpg 300w\" sizes=\"(max-width: 630px) 100vw, 630px\" \/>(Rdl)______Questo il testo del comunicato di pochi minuti fa della Sala Stampa del Vaticano______<strong><em>&#8220;Questo pomeriggio Sua Santit\u00e0 Papa Francesco si \u00e8 recato presso il Policlinico A. Gemelli di Roma dove verr\u00e0 sottoposto ad un intervento chirurgico programmato per una stenosi diverticolare sintomatica del colon.<\/em><\/strong><\/p>\n<p><strong><em>L\u2019intervento chirurgico sar\u00e0 eseguito dal Prof. Sergio Alfieri. Al termine dell\u2019intervento verr\u00e0 diramato un nuovo bollettino medico&#8221;._______<\/em><\/strong><\/p>\n<p>Il Papa ha 84 anni.<\/p>\n<p>La\u00a0stenosi diverticolare sintomatica del colon\u00a0\u00e8 una conseguenza della diverticolite, infiammazione dei diverticoli del colon, che negli anziani pu\u00f2 condurre a un restringimento del lume, impedendo il passaggio delle feci. Si pu\u00f2 curare con una terapia apposita, a volte per\u00f2 \u00e8 necessario l&#8217;intervento chirurgico, in cui viene asportata la parte compromessa. Operazione di una certa importanza, ma di uso frequente. Dopo di essa nella norma\u00a0 il paziente rimane in ospedale una decina di giorni.<\/p>\n<p>&nbsp;<\/p>\n<fb:like href='https:\/\/www.leccecronaca.it\/index.php\/2021\/07\/04\/uultimora-il-papa-in-ospedale-per-unoperazione\/' send='true' layout='button_count' show_faces='true' width='450' height='65' action='recommend' colorscheme='light' font='lucida grande'><\/fb:like><span class=\"fb_share\"><fb:like href=\"https:\/\/www.leccecronaca.it\/index.php\/2021\/07\/04\/uultimora-il-papa-in-ospedale-per-unoperazione\/\" layout=\"button_count\"><\/fb:like><\/span>","protected":false},"excerpt":{"rendered":"<p>(Rdl)______Questo il testo del comunicato di pochi minuti fa della Sala Stampa del Vaticano______&#8220;Questo pomeriggio Sua Santit\u00e0 Papa Francesco si \u00e8 recato presso il Policlinico A. Gemelli di Roma dove verr\u00e0 sottoposto ad un intervento chirurgico programmato per una stenosi diverticolare sintomatica del colon. L\u2019intervento chirurgico sar\u00e0 eseguito dal Prof. Sergio Alfieri. Al termine dell\u2019intervento [&hellip;]<\/p>\n","protected":false},"author":4,"featured_media":185452,"comment_status":"open","ping_status":"closed","sticky":false,"template":"","format":"standard","meta":[],"categories":[69],"tags":[],"_links":{"self":[{"href":"https:\/\/www.leccecronaca.it\/index.php\/wp-json\/wp\/v2\/posts\/185451"}],"collection":[{"href":"https:\/\/www.leccecronaca.it\/index.php\/wp-json\/wp\/v2\/posts"}],"about":[{"href":"https:\/\/www.leccecronaca.it\/index.php\/wp-json\/wp\/v2\/types\/post"}],"author":[{"embeddable":true,"href":"https:\/\/www.leccecronaca.it\/index.php\/wp-json\/wp\/v2\/users\/4"}],"replies":[{"embeddable":true,"href":"https:\/\/www.leccecronaca.it\/index.php\/wp-json\/wp\/v2\/comments?post=185451"}],"version-history":[{"count":4,"href":"https:\/\/www.leccecronaca.it\/index.php\/wp-json\/wp\/v2\/posts\/185451\/revisions"}],"predecessor-version":[{"id":185465,"href":"https:\/\/www.leccecronaca.it\/index.php\/wp-json\/wp\/v2\/posts\/185451\/revisions\/185465"}],"wp:featuredmedia":[{"embeddable":true,"href":"https:\/\/www.leccecronaca.it\/index.php\/wp-json\/wp\/v2\/media\/185452"}],"wp:attachment":[{"href":"https:\/\/www.leccecronaca.it\/index.php\/wp-json\/wp\/v2\/media?parent=185451"}],"wp:term":[{"taxonomy":"category","embeddable":true,"href":"https:\/\/www.leccecronaca.it\/index.php\/wp-json\/wp\/v2\/categories?post=185451"},{"taxonomy":"post_tag","embeddable":true,"href":"https:\/\/www.leccecronaca.it\/index.php\/wp-json\/wp\/v2\/tags?post=185451"}],"curies":[{"name":"wp","href":"https:\/\/api.w.org\/{rel}","templated":true}]}}