{"id":185742,"date":"2021-07-12T11:34:08","date_gmt":"2021-07-12T09:34:08","guid":{"rendered":"http:\/\/www.leccecronaca.it\/?p=185742"},"modified":"2021-07-12T13:50:55","modified_gmt":"2021-07-12T11:50:55","slug":"casa-lecce-presentato-alexis-blin","status":"publish","type":"post","link":"https:\/\/www.leccecronaca.it\/index.php\/2021\/07\/12\/casa-lecce-presentato-alexis-blin\/","title":{"rendered":"CASA LECCE \/ PRESENTATO ALEXIS BLIN"},"content":{"rendered":"<p>di <strong>Mattia Ala___________<\/strong><\/p>\n<p><strong><img decoding=\"async\" loading=\"lazy\" class=\"alignnone size-full wp-image-185743\" src=\"https:\/\/www.leccecronaca.it\/wordpress\/wp-content\/uploads\/2021\/07\/BLIN.jpg\" alt=\"\" width=\"640\" height=\"289\" srcset=\"https:\/\/www.leccecronaca.it\/wordpress\/wp-content\/uploads\/2021\/07\/BLIN.jpg 640w, https:\/\/www.leccecronaca.it\/wordpress\/wp-content\/uploads\/2021\/07\/BLIN-300x135.jpg 300w\" sizes=\"(max-width: 640px) 100vw, 640px\" \/>PRESENTAZIONE ALEXIS BLIN <\/strong>(a destra nella foto, insieme a Pantaleo Corvino).<\/p>\n<p>Questa mattina presso lo stadio Via del Mare il nuovo centrocampista del <strong>Lecce Alexis Blin<\/strong> si \u00e8 presentato ai suoi nuovi tifosi. Ricordiamo che il mediano francese classe 1996 \u00e8 stato prelevato dall&#8217;\u00a0<strong>Amiens (club della Serie B francese)<\/strong> a titolo definitivo.<\/p>\n<p>Di seguito le sue dichiarazioni:<\/p>\n<p><strong>ITALIA<\/strong>: &#8220;<em>Ho scelto Lecce perch\u00e9\u00a0 volevo iniziare un nuovo percorso in un altro Paese. Le mie aspettative sono alte, far\u00f2 di tutto per essere un buon compagno di squadra ed una buona pedina per Baroni&#8221;.<\/em><\/p>\n<p><strong>MODELLI<\/strong>:<em> &#8220;Essendo francese mi ispiro a Kant\u00e8, giocatore molto semplice ed efficace. Far\u00f2 di tutto per aiutare la squadra sia sul piano della corsa che su quello del gioco&#8221;.<\/em><\/p>\n<p><strong>SERIE B<\/strong>: <em>&#8220;Il campionato italiano \u00e8 molto pi\u00f9 difficile di quello francese. Predilige di pi\u00f9 quella che \u00e8 l&#8217;intelligenza<\/em> <em>tattica di un giocatore e questo mi affascina molto&#8221;.<\/em><\/p>\n<p><strong>NAZIONALE FRANCESE<\/strong>: &#8220;<em>Al momento la priorit\u00e0 \u00e8 il Lecce, non penso alla Nazionale&#8221;.<\/em><\/p>\n<p>&nbsp;<\/p>\n<p><strong>\u00a0<img decoding=\"async\" loading=\"lazy\" class=\"alignnone size-full wp-image-184523\" src=\"https:\/\/www.leccecronaca.it\/wordpress\/wp-content\/uploads\/2021\/06\/corvino.jpg\" alt=\"\" width=\"2048\" height=\"1636\" srcset=\"https:\/\/www.leccecronaca.it\/wordpress\/wp-content\/uploads\/2021\/06\/corvino.jpg 2048w, https:\/\/www.leccecronaca.it\/wordpress\/wp-content\/uploads\/2021\/06\/corvino-300x240.jpg 300w, https:\/\/www.leccecronaca.it\/wordpress\/wp-content\/uploads\/2021\/06\/corvino-1024x818.jpg 1024w, https:\/\/www.leccecronaca.it\/wordpress\/wp-content\/uploads\/2021\/06\/corvino-768x614.jpg 768w, https:\/\/www.leccecronaca.it\/wordpress\/wp-content\/uploads\/2021\/06\/corvino-1536x1227.jpg 1536w\" sizes=\"(max-width: 2048px) 100vw, 2048px\" \/>PANTALEO CORVINO <\/strong>(foto sopra)<strong>\u00a0HA FATTO IL PUNTO SUL MERCATO<\/strong><\/p>\n<p><strong>MARRONE E TRIPALDELLI<\/strong>: <em>&#8220;Mai trattato questi due nomi&#8221;.<\/em><\/p>\n<p><strong>PIZZINI<\/strong>: <em>&#8220;La trattativa \u00e8 in corso, vedremo&#8230;&#8221;. ______<\/em><\/p>\n<p>&nbsp;<\/p>\n<p>LA RICERCA nel nostro ultimo articolo, del 9 luglio scorso<\/p>\n<blockquote class=\"wp-embedded-content\" data-secret=\"XsqYfhARbX\"><p><a href=\"https:\/\/www.leccecronaca.it\/index.php\/2021\/07\/09\/casa-lecce-presentato-marco-olivieri\/\">CASA LECCE \/ PRESENTATO MARCO OLIVIERI<\/a><\/p><\/blockquote>\n<p><iframe class=\"wp-embedded-content\" sandbox=\"allow-scripts\" security=\"restricted\" style=\"position: absolute; clip: rect(1px, 1px, 1px, 1px);\" src=\"https:\/\/www.leccecronaca.it\/index.php\/2021\/07\/09\/casa-lecce-presentato-marco-olivieri\/embed\/#?secret=XsqYfhARbX\" data-secret=\"XsqYfhARbX\" width=\"500\" height=\"282\" title=\"&#8220;CASA LECCE \/ PRESENTATO MARCO OLIVIERI&#8221; &#8212; LecceCronaca.it\" frameborder=\"0\" marginwidth=\"0\" marginheight=\"0\" scrolling=\"no\"><\/iframe><\/p>\n<p>&nbsp;<\/p>\n<fb:like href='https:\/\/www.leccecronaca.it\/index.php\/2021\/07\/12\/casa-lecce-presentato-alexis-blin\/' send='true' layout='button_count' show_faces='true' width='450' height='65' action='recommend' colorscheme='light' font='lucida grande'><\/fb:like><span class=\"fb_share\"><fb:like href=\"https:\/\/www.leccecronaca.it\/index.php\/2021\/07\/12\/casa-lecce-presentato-alexis-blin\/\" layout=\"button_count\"><\/fb:like><\/span>","protected":false},"excerpt":{"rendered":"<p>di Mattia Ala___________ PRESENTAZIONE ALEXIS BLIN (a destra nella foto, insieme a Pantaleo Corvino). Questa mattina presso lo stadio Via del Mare il nuovo centrocampista del Lecce Alexis Blin si \u00e8 presentato ai suoi nuovi tifosi. Ricordiamo che il mediano francese classe 1996 \u00e8 stato prelevato dall&#8217;\u00a0Amiens (club della Serie B francese) a titolo definitivo. [&hellip;]<\/p>\n","protected":false},"author":4,"featured_media":185743,"comment_status":"open","ping_status":"closed","sticky":false,"template":"","format":"standard","meta":[],"categories":[28],"tags":[],"_links":{"self":[{"href":"https:\/\/www.leccecronaca.it\/index.php\/wp-json\/wp\/v2\/posts\/185742"}],"collection":[{"href":"https:\/\/www.leccecronaca.it\/index.php\/wp-json\/wp\/v2\/posts"}],"about":[{"href":"https:\/\/www.leccecronaca.it\/index.php\/wp-json\/wp\/v2\/types\/post"}],"author":[{"embeddable":true,"href":"https:\/\/www.leccecronaca.it\/index.php\/wp-json\/wp\/v2\/users\/4"}],"replies":[{"embeddable":true,"href":"https:\/\/www.leccecronaca.it\/index.php\/wp-json\/wp\/v2\/comments?post=185742"}],"version-history":[{"count":3,"href":"https:\/\/www.leccecronaca.it\/index.php\/wp-json\/wp\/v2\/posts\/185742\/revisions"}],"predecessor-version":[{"id":185749,"href":"https:\/\/www.leccecronaca.it\/index.php\/wp-json\/wp\/v2\/posts\/185742\/revisions\/185749"}],"wp:featuredmedia":[{"embeddable":true,"href":"https:\/\/www.leccecronaca.it\/index.php\/wp-json\/wp\/v2\/media\/185743"}],"wp:attachment":[{"href":"https:\/\/www.leccecronaca.it\/index.php\/wp-json\/wp\/v2\/media?parent=185742"}],"wp:term":[{"taxonomy":"category","embeddable":true,"href":"https:\/\/www.leccecronaca.it\/index.php\/wp-json\/wp\/v2\/categories?post=185742"},{"taxonomy":"post_tag","embeddable":true,"href":"https:\/\/www.leccecronaca.it\/index.php\/wp-json\/wp\/v2\/tags?post=185742"}],"curies":[{"name":"wp","href":"https:\/\/api.w.org\/{rel}","templated":true}]}}