{"id":185831,"date":"2021-07-14T14:25:17","date_gmt":"2021-07-14T12:25:17","guid":{"rendered":"http:\/\/www.leccecronaca.it\/?p=185831"},"modified":"2022-03-19T13:06:55","modified_gmt":"2022-03-19T12:06:55","slug":"ecco-il-nuovo-corso-di-lauerea-dellunisalento-in-sviluppo-sostenibile-e-cambiamenti-climatici","status":"publish","type":"post","link":"https:\/\/www.leccecronaca.it\/index.php\/2021\/07\/14\/ecco-il-nuovo-corso-di-lauerea-dellunisalento-in-sviluppo-sostenibile-e-cambiamenti-climatici\/","title":{"rendered":"ECCO IL NUOVO CORSO DI LAUREA DELL&#8217;UNISALENTO IN \u201cSviluppo sostenibile e cambiamenti climatici\u201d"},"content":{"rendered":"<p><img decoding=\"async\" loading=\"lazy\" class=\"alignnone size-full wp-image-185832\" src=\"https:\/\/www.leccecronaca.it\/wordpress\/wp-content\/uploads\/2021\/07\/20210714_113508.jpg\" alt=\"\" width=\"3264\" height=\"2448\" \/><\/p>\n<p><strong>c.e.______<\/strong><\/p>\n<p>\u00c8 stato presentato questa mattina, a Palazzo Granafei Nervegna a Brindisi, il nuovo corso di laurea in\u00a0\u201cSviluppo sostenibile e cambiamenti climatici\u201d\u00a0dell\u2019Universit\u00e0 del Salento, alla presenza del <strong>Rettore\u00a0Fabio Pollice<\/strong>, del Sindaco di Brindisi e Presidente della Provincia di Brindisi\u00a0<strong>Riccardo Rossi<\/strong>, del Delegato alla Sostenibilit\u00e0 UniSalento\u00a0<strong>Alberto Basset<\/strong>, del professor\u00a0<strong>Piero Lionello<\/strong>\u00a0del consiglio didattico di Scienze ambientali UniSalento, del Presidente della Fondazione CMCC &#8211; Centro Euro-Mediterraneo sui Cambiamenti Climatici\u00a0<strong>Antonio Navarra<\/strong>\u00a0e del Direttore generale di ARPA Puglia\u00a0<strong>Vito Bruno<\/strong>.<\/p>\n<p>Promosso dai Dipartimenti di \u201cScienze e tecnologie biologiche e ambientali\u201d, \u201cScienze dell\u2019economia\u201d e \u201cStoria, societ\u00e0 e studi sull\u2019uomo\u201d, il nuovo corso di laurea in \u201cSviluppo sostenibile e cambiamenti climatici\u201d dell\u2019Universit\u00e0 del Salento \u2013 della classe L-32 &#8211; sar\u00e0 attivato nel prossimo anno accademico 2021\/2022 e avr\u00e0 sede nella Cittadella della Ricerca di Mesagne (Brindisi). Ad accesso libero al primo anno di corso, prevede il superamento di una verifica della preparazione iniziale (non selettiva); vi possono accedere coloro che sono in possesso di un diploma quinquennale di scuola media superiore o di altro titolo conseguito all\u2019estero riconosciuto equipollente.<\/p>\n<p>Come spiegato dal Rettore\u00a0Fabio Pollice, la visione degli Obiettivi 2030 per lo sviluppo sostenibile integra tutte le componenti delle societ\u00e0 contemporanee nel contesto di un sistema ecologico di supporto alla vita, alla crescita e al benessere, in cambiamento per la questione climatica e per le pressioni antropiche.<\/p>\n<p>La transizione ecologica non pu\u00f2 prescindere da questo contesto e dalla necessit\u00e0 di rafforzamento di una cultura della sostenibilit\u00e0 che integri le conoscenze disciplinari. Da qui l\u2019esigenza di formazione di figure professionali in grado di leggere le diverse problematiche connesse alla sostenibilit\u00e0 dello sviluppo, tenendo conto dell\u2019intero insieme dei fattori che le determinano con un approccio culturale transdisciplinare.<\/p>\n<p>L\u2019Universit\u00e0 del Salento attiver\u00e0 questo nuovo corso di laurea proprio per rispondere a questa esigenza, coniugando le conoscenze e competenze ecologico-ambientali ed economico-sociali, necessarie ad affrontare i temi dello sviluppo sostenibile, alle conoscenze e competenze geo-fisiche e bio-ecologiche necessarie a comprendere i cambiamenti climatici e i loro effetti sugli ecosistemi. Il nuovo corso di laurea si propone, quindi, di dare agli studenti gli strumenti di base per definire gli scenari per uno sviluppo sostenibile in un pianeta che cambia.<\/p>\n<p>Il percorso formativo \u00e8 per questo caratterizzato da un approccio olistico, trasversale e inter- e trans-disciplinare mirato alla promozione di una nuova cultura della sostenibilit\u00e0 e alla formazione di nuove figure professionali, richieste sia dalle istituzioni e amministrazioni pubbliche sia dal mercato del lavoro nel privato per rispondere alle esigenze della transizione ecologica e del Green Deal dell\u2019Unione Europea, con la possibilit\u00e0 di acquisire competitivit\u00e0 a livello nazionale e internazionale.<\/p>\n<p>&nbsp;<\/p>\n<p>LA RICERCA nel nostro articolo del 9 luglio scorso<\/p>\n<blockquote class=\"wp-embedded-content\" data-secret=\"dayyIyd20n\"><p><a href=\"https:\/\/www.leccecronaca.it\/index.php\/2021\/07\/09\/pronti-via-ok-si-parte-ecco-medicina-e-chirurgia-a-lecce-istruzioni-per-luso-per-le-matricole-che-vogliano-iscriversi-a-un-percorso-formativo-di-eccellenza-come-lha-definito-il-rettore-fab\/\">PRONTI VIA! OK SI PARTE! ECCO MEDICINA E CHIRURGIA A LECCE<\/a><\/p><\/blockquote>\n<p><iframe class=\"wp-embedded-content\" sandbox=\"allow-scripts\" security=\"restricted\" style=\"position: absolute; clip: rect(1px, 1px, 1px, 1px);\" src=\"https:\/\/www.leccecronaca.it\/index.php\/2021\/07\/09\/pronti-via-ok-si-parte-ecco-medicina-e-chirurgia-a-lecce-istruzioni-per-luso-per-le-matricole-che-vogliano-iscriversi-a-un-percorso-formativo-di-eccellenza-come-lha-definito-il-rettore-fab\/embed\/#?secret=dayyIyd20n\" data-secret=\"dayyIyd20n\" width=\"500\" height=\"282\" title=\"&#8220;PRONTI VIA! OK SI PARTE! ECCO MEDICINA E CHIRURGIA A LECCE&#8221; &#8212; LecceCronaca.it\" frameborder=\"0\" marginwidth=\"0\" marginheight=\"0\" scrolling=\"no\"><\/iframe><\/p>\n<fb:like href='https:\/\/www.leccecronaca.it\/index.php\/2021\/07\/14\/ecco-il-nuovo-corso-di-lauerea-dellunisalento-in-sviluppo-sostenibile-e-cambiamenti-climatici\/' send='true' layout='button_count' show_faces='true' width='450' height='65' action='recommend' colorscheme='light' font='lucida grande'><\/fb:like><span class=\"fb_share\"><fb:like href=\"https:\/\/www.leccecronaca.it\/index.php\/2021\/07\/14\/ecco-il-nuovo-corso-di-lauerea-dellunisalento-in-sviluppo-sostenibile-e-cambiamenti-climatici\/\" layout=\"button_count\"><\/fb:like><\/span>","protected":false},"excerpt":{"rendered":"<p>c.e.______ \u00c8 stato presentato questa mattina, a Palazzo Granafei Nervegna a Brindisi, il nuovo corso di laurea in\u00a0\u201cSviluppo sostenibile e cambiamenti climatici\u201d\u00a0dell\u2019Universit\u00e0 del Salento, alla presenza del Rettore\u00a0Fabio Pollice, del Sindaco di Brindisi e Presidente della Provincia di Brindisi\u00a0Riccardo Rossi, del Delegato alla Sostenibilit\u00e0 UniSalento\u00a0Alberto Basset, del professor\u00a0Piero Lionello\u00a0del consiglio didattico di Scienze ambientali UniSalento, [&hellip;]<\/p>\n","protected":false},"author":4,"featured_media":185832,"comment_status":"open","ping_status":"closed","sticky":false,"template":"","format":"standard","meta":[],"categories":[31],"tags":[],"_links":{"self":[{"href":"https:\/\/www.leccecronaca.it\/index.php\/wp-json\/wp\/v2\/posts\/185831"}],"collection":[{"href":"https:\/\/www.leccecronaca.it\/index.php\/wp-json\/wp\/v2\/posts"}],"about":[{"href":"https:\/\/www.leccecronaca.it\/index.php\/wp-json\/wp\/v2\/types\/post"}],"author":[{"embeddable":true,"href":"https:\/\/www.leccecronaca.it\/index.php\/wp-json\/wp\/v2\/users\/4"}],"replies":[{"embeddable":true,"href":"https:\/\/www.leccecronaca.it\/index.php\/wp-json\/wp\/v2\/comments?post=185831"}],"version-history":[{"count":5,"href":"https:\/\/www.leccecronaca.it\/index.php\/wp-json\/wp\/v2\/posts\/185831\/revisions"}],"predecessor-version":[{"id":196918,"href":"https:\/\/www.leccecronaca.it\/index.php\/wp-json\/wp\/v2\/posts\/185831\/revisions\/196918"}],"wp:featuredmedia":[{"embeddable":true,"href":"https:\/\/www.leccecronaca.it\/index.php\/wp-json\/wp\/v2\/media\/185832"}],"wp:attachment":[{"href":"https:\/\/www.leccecronaca.it\/index.php\/wp-json\/wp\/v2\/media?parent=185831"}],"wp:term":[{"taxonomy":"category","embeddable":true,"href":"https:\/\/www.leccecronaca.it\/index.php\/wp-json\/wp\/v2\/categories?post=185831"},{"taxonomy":"post_tag","embeddable":true,"href":"https:\/\/www.leccecronaca.it\/index.php\/wp-json\/wp\/v2\/tags?post=185831"}],"curies":[{"name":"wp","href":"https:\/\/api.w.org\/{rel}","templated":true}]}}