{"id":186474,"date":"2021-07-29T00:02:49","date_gmt":"2021-07-28T22:02:49","guid":{"rendered":"http:\/\/www.leccecronaca.it\/?p=186474"},"modified":"2021-07-29T11:52:14","modified_gmt":"2021-07-29T09:52:14","slug":"note-darte-luisa-elia-al-must-venerdi-30","status":"publish","type":"post","link":"https:\/\/www.leccecronaca.it\/index.php\/2021\/07\/29\/note-darte-luisa-elia-al-must-venerdi-30\/","title":{"rendered":"NOTE D&#8217;ARTE \/ LUISA ELIA AL MUST DA VENERDI&#8217; 30"},"content":{"rendered":"<p><img decoding=\"async\" loading=\"lazy\" class=\"alignnone size-full wp-image-186475\" src=\"https:\/\/www.leccecronaca.it\/wordpress\/wp-content\/uploads\/2021\/07\/221187863_4085703651550408_4996816750674696836_n.jpg\" alt=\"\" width=\"697\" height=\"697\" srcset=\"https:\/\/www.leccecronaca.it\/wordpress\/wp-content\/uploads\/2021\/07\/221187863_4085703651550408_4996816750674696836_n.jpg 697w, https:\/\/www.leccecronaca.it\/wordpress\/wp-content\/uploads\/2021\/07\/221187863_4085703651550408_4996816750674696836_n-300x300.jpg 300w, https:\/\/www.leccecronaca.it\/wordpress\/wp-content\/uploads\/2021\/07\/221187863_4085703651550408_4996816750674696836_n-150x150.jpg 150w, https:\/\/www.leccecronaca.it\/wordpress\/wp-content\/uploads\/2021\/07\/221187863_4085703651550408_4996816750674696836_n-60x60.jpg 60w\" sizes=\"(max-width: 697px) 100vw, 697px\" \/>di <strong>Raffaele Polo<\/strong>_______<\/p>\n<p>Venerd\u00ec 30 luglio, alle 18, nelle sale al primo piano del Must \u2013 Museo Storico della Citt\u00e0 di Lecce si apre la mostra <em><strong>\u201cLuisa Elia \u2013 Lupiae<\/strong><\/em>\u201d.<\/p>\n<p>La personale dell&#8217;artista <strong>Luisa Elia <\/strong>(nella foto di copertina; nelle foto sotto tre delle sue opere), aperta fino al 30 settembre, \u00e8 dedicata alla sua citt\u00e0 di origine, Lecce, l&#8217;antica Lupiae, e propone un itinerario di sculture a terra, a parete e in sospensione, in diversi materiali, offrendo un\u2019idea poetica della ricerca della scultrice attraverso le sue opere pi\u00f9 recenti.<\/p>\n<p><img decoding=\"async\" loading=\"lazy\" class=\"alignnone size-full wp-image-186480\" src=\"https:\/\/www.leccecronaca.it\/wordpress\/wp-content\/uploads\/2021\/07\/c.jpg\" alt=\"\" width=\"1385\" height=\"2000\" srcset=\"https:\/\/www.leccecronaca.it\/wordpress\/wp-content\/uploads\/2021\/07\/c.jpg 1385w, https:\/\/www.leccecronaca.it\/wordpress\/wp-content\/uploads\/2021\/07\/c-208x300.jpg 208w, https:\/\/www.leccecronaca.it\/wordpress\/wp-content\/uploads\/2021\/07\/c-709x1024.jpg 709w, https:\/\/www.leccecronaca.it\/wordpress\/wp-content\/uploads\/2021\/07\/c-768x1109.jpg 768w, https:\/\/www.leccecronaca.it\/wordpress\/wp-content\/uploads\/2021\/07\/c-1064x1536.jpg 1064w\" sizes=\"(max-width: 1385px) 100vw, 1385px\" \/><\/p>\n<p><em>\u00abDurante i due lockdown imposti dalla pandemia, Luisa Elia ha lavorato, nello studio di Milano e poi a Lecce, nella sua terra d\u2019origine. Luisa<\/em> \u2013 spiega Giorgio Verzotti, il curatore della rassegna \u2013 <em>\u00e8 un\u2019artista e le opere di un artista non servono mai solo a chi le crea, sono sempre dei messaggi indirizzati agli altri, sono risposte ai dilemmi che noi viviamo. <\/em><\/p>\n<p><em>La forza di queste opere l\u2019artista l\u2019ha presa dalla sua terra, pensata quando era a Milano e ritrovata nella sua campagna, lo si vede dalle pratiche e dai materiali impiegati. La gomma \u00e8 adottata per la sua malleabilit\u00e0 che ricorda le pratiche manuali della vita quotidiana, per esempio impastare il pane. Poi il sale, la terra, e il colore, il blu del cielo e del mare, la luce. Si dislocano nello spazio nei modi pi\u00f9 diversi, per terra o alle pareti o anche quasi al soffitto, molto in alto. <\/em><\/p>\n<p><em>Sono nuclei energetici, manufatti che recano la vitalit\u00e0 della mano, del corpo. Per lo pi\u00f9 non sono molto grandi ma si impongono nello spazio e all\u2019occhio di chi guarda, perch\u00e9 sono affermazioni di volont\u00e0, in tempi di depressione e di incertezza riguardo al futuro, sono pura affermativit\u00e0<\/em>\u00bb.<\/p>\n<p><img decoding=\"async\" loading=\"lazy\" class=\"alignnone size-full wp-image-186477\" src=\"https:\/\/www.leccecronaca.it\/wordpress\/wp-content\/uploads\/2021\/07\/u.jpg\" alt=\"\" width=\"1540\" height=\"2000\" srcset=\"https:\/\/www.leccecronaca.it\/wordpress\/wp-content\/uploads\/2021\/07\/u.jpg 1540w, https:\/\/www.leccecronaca.it\/wordpress\/wp-content\/uploads\/2021\/07\/u-231x300.jpg 231w, https:\/\/www.leccecronaca.it\/wordpress\/wp-content\/uploads\/2021\/07\/u-788x1024.jpg 788w, https:\/\/www.leccecronaca.it\/wordpress\/wp-content\/uploads\/2021\/07\/u-768x997.jpg 768w, https:\/\/www.leccecronaca.it\/wordpress\/wp-content\/uploads\/2021\/07\/u-1183x1536.jpg 1183w\" sizes=\"(max-width: 1540px) 100vw, 1540px\" \/><\/p>\n<p><strong>Luisa Elia<\/strong> \u00e8 nata a Lecce nel 1960; dopo la laurea in Lettere Moderne con una tesi in Storia dell&#8217;Arte, nel 1987 decide di vivere a Milano, citt\u00e0 in cui attualmente risiede, ritornando spesso nel suo luogo di origine. Dal 1973 al 1980 inizia a creare le sue prime sculture presso lo studio di uno statuario leccese, e poi nel suo primo studio a Lecce, mentre coltiva la sua passione per l&#8217;arte e la poesia. Da fine anni Ottanta, a Milano, la sua ricerca si avvale della collaborazione e dell&#8217;amicizia con il fotografo Giovanni Ricci, che documenta sistematicamente, per trent&#8217;anni, il suo lavoro. Ha stretti rapporti con poeti e artisti, tra i quali: Dario Bellezza, Carmelo Bene, Bruno Brancher, Carmen Gregotti, Luciano Fabro, Hidetoshi Nagasawa, e partecipa ad una serie di esposizioni internazionali, invitata da Pierre Restany e Achille Bonito Oliva..<\/p>\n<p><img decoding=\"async\" loading=\"lazy\" class=\"alignnone size-full wp-image-186478\" src=\"https:\/\/www.leccecronaca.it\/wordpress\/wp-content\/uploads\/2021\/07\/d.jpg\" alt=\"\" width=\"1624\" height=\"1231\" srcset=\"https:\/\/www.leccecronaca.it\/wordpress\/wp-content\/uploads\/2021\/07\/d.jpg 1624w, https:\/\/www.leccecronaca.it\/wordpress\/wp-content\/uploads\/2021\/07\/d-300x227.jpg 300w, https:\/\/www.leccecronaca.it\/wordpress\/wp-content\/uploads\/2021\/07\/d-1024x776.jpg 1024w, https:\/\/www.leccecronaca.it\/wordpress\/wp-content\/uploads\/2021\/07\/d-768x582.jpg 768w, https:\/\/www.leccecronaca.it\/wordpress\/wp-content\/uploads\/2021\/07\/d-1536x1164.jpg 1536w\" sizes=\"(max-width: 1624px) 100vw, 1624px\" \/><\/p>\n<fb:like href='https:\/\/www.leccecronaca.it\/index.php\/2021\/07\/29\/note-darte-luisa-elia-al-must-venerdi-30\/' send='true' layout='button_count' show_faces='true' width='450' height='65' action='recommend' colorscheme='light' font='lucida grande'><\/fb:like><span class=\"fb_share\"><fb:like href=\"https:\/\/www.leccecronaca.it\/index.php\/2021\/07\/29\/note-darte-luisa-elia-al-must-venerdi-30\/\" layout=\"button_count\"><\/fb:like><\/span>","protected":false},"excerpt":{"rendered":"<p>di Raffaele Polo_______ Venerd\u00ec 30 luglio, alle 18, nelle sale al primo piano del Must \u2013 Museo Storico della Citt\u00e0 di Lecce si apre la mostra \u201cLuisa Elia \u2013 Lupiae\u201d. La personale dell&#8217;artista Luisa Elia (nella foto di copertina; nelle foto sotto tre delle sue opere), aperta fino al 30 settembre, \u00e8 dedicata alla sua [&hellip;]<\/p>\n","protected":false},"author":4,"featured_media":186475,"comment_status":"open","ping_status":"closed","sticky":false,"template":"","format":"standard","meta":[],"categories":[31,75],"tags":[],"_links":{"self":[{"href":"https:\/\/www.leccecronaca.it\/index.php\/wp-json\/wp\/v2\/posts\/186474"}],"collection":[{"href":"https:\/\/www.leccecronaca.it\/index.php\/wp-json\/wp\/v2\/posts"}],"about":[{"href":"https:\/\/www.leccecronaca.it\/index.php\/wp-json\/wp\/v2\/types\/post"}],"author":[{"embeddable":true,"href":"https:\/\/www.leccecronaca.it\/index.php\/wp-json\/wp\/v2\/users\/4"}],"replies":[{"embeddable":true,"href":"https:\/\/www.leccecronaca.it\/index.php\/wp-json\/wp\/v2\/comments?post=186474"}],"version-history":[{"count":2,"href":"https:\/\/www.leccecronaca.it\/index.php\/wp-json\/wp\/v2\/posts\/186474\/revisions"}],"predecessor-version":[{"id":186482,"href":"https:\/\/www.leccecronaca.it\/index.php\/wp-json\/wp\/v2\/posts\/186474\/revisions\/186482"}],"wp:featuredmedia":[{"embeddable":true,"href":"https:\/\/www.leccecronaca.it\/index.php\/wp-json\/wp\/v2\/media\/186475"}],"wp:attachment":[{"href":"https:\/\/www.leccecronaca.it\/index.php\/wp-json\/wp\/v2\/media?parent=186474"}],"wp:term":[{"taxonomy":"category","embeddable":true,"href":"https:\/\/www.leccecronaca.it\/index.php\/wp-json\/wp\/v2\/categories?post=186474"},{"taxonomy":"post_tag","embeddable":true,"href":"https:\/\/www.leccecronaca.it\/index.php\/wp-json\/wp\/v2\/tags?post=186474"}],"curies":[{"name":"wp","href":"https:\/\/api.w.org\/{rel}","templated":true}]}}