{"id":186505,"date":"2021-07-29T14:35:40","date_gmt":"2021-07-29T12:35:40","guid":{"rendered":"http:\/\/www.leccecronaca.it\/?p=186505"},"modified":"2021-07-29T17:35:57","modified_gmt":"2021-07-29T15:35:57","slug":"casa-lecce-doppio-colpo-di-corvino-ufficiali-calabresi-e-gendrey","status":"publish","type":"post","link":"https:\/\/www.leccecronaca.it\/index.php\/2021\/07\/29\/casa-lecce-doppio-colpo-di-corvino-ufficiali-calabresi-e-gendrey\/","title":{"rendered":"CASA LECCE \/ ECCO IL DOPPIO COLPO DI PANTALEO CORVINO: UFFICIALI CALABRESI E GENDREY"},"content":{"rendered":"<p>di <strong>Mattia Ala________<\/strong><\/p>\n<p><img decoding=\"async\" loading=\"lazy\" class=\"alignnone size-full wp-image-184523\" src=\"https:\/\/www.leccecronaca.it\/wordpress\/wp-content\/uploads\/2021\/06\/corvino.jpg\" alt=\"\" width=\"2048\" height=\"1636\" srcset=\"https:\/\/www.leccecronaca.it\/wordpress\/wp-content\/uploads\/2021\/06\/corvino.jpg 2048w, https:\/\/www.leccecronaca.it\/wordpress\/wp-content\/uploads\/2021\/06\/corvino-300x240.jpg 300w, https:\/\/www.leccecronaca.it\/wordpress\/wp-content\/uploads\/2021\/06\/corvino-1024x818.jpg 1024w, https:\/\/www.leccecronaca.it\/wordpress\/wp-content\/uploads\/2021\/06\/corvino-768x614.jpg 768w, https:\/\/www.leccecronaca.it\/wordpress\/wp-content\/uploads\/2021\/06\/corvino-1536x1227.jpg 1536w\" sizes=\"(max-width: 2048px) 100vw, 2048px\" \/>In un colpo solo <strong>Pantaleo Corvino<\/strong> (nella foto<strong>)<\/strong> ha sistemato la fascia destra difensiva del <strong>Lecce,\u00a0<\/strong>rimasta scoperta dopo l&#8217;addio di <strong>Maggio<\/strong> e <strong>Adjapong<\/strong>.<\/p>\n<p>Poco fa i salentini hanno ufficializzato l&#8217;arrivo alla corte di <strong>Marco Baroni\u00a0<\/strong> dei terzini\u00a0 <strong>Arturo Calabresi<\/strong> e <strong>Valentin Gendrey<\/strong>. Andiamo a conoscerli insieme:<\/p>\n<p><strong><img decoding=\"async\" loading=\"lazy\" class=\"alignnone size-full wp-image-186506\" src=\"https:\/\/www.leccecronaca.it\/wordpress\/wp-content\/uploads\/2021\/07\/calabresi.jpg\" alt=\"\" width=\"640\" height=\"557\" srcset=\"https:\/\/www.leccecronaca.it\/wordpress\/wp-content\/uploads\/2021\/07\/calabresi.jpg 640w, https:\/\/www.leccecronaca.it\/wordpress\/wp-content\/uploads\/2021\/07\/calabresi-300x261.jpg 300w\" sizes=\"(max-width: 640px) 100vw, 640px\" \/>ARTURO CALABRESI (<\/strong>nella foto<strong>)<\/strong>:\u00a0 Romano, classe 1996, figlio del noto attore <strong>Paolo Calabresi<\/strong>, nella rosa di <strong>Baroni<\/strong>, come abbiamo gi\u00e0 detto, andr\u00e0 a ricoprire il ruolo di terzino destro, ma grazie alla sua duttilit\u00e0 pu\u00f2 essere impiegato in tutte le posizioni del pacchetto arretrato.\u00a0 \u00a0 Discreta esperienza sia in A con le maglie di <strong>Cagliari<\/strong> e <strong>Bologna<\/strong>, sia in B, precisamente\u00a0 a<strong> Foggia<\/strong> e <strong>Brescia<\/strong>, intervallata da un anno in Francia all&#8217;<strong>Amiens<\/strong>,\u00a0 \u00a0arriva nel Salento\u00a0 a titolo definitivo dal <strong>Bologna<\/strong> con la volont\u00e0 di rilanciarsi in maglia giallorossa. Ha sottoscritto un contratto triennale con opzione di rinnovo per il quarto anno;<\/p>\n<p>&nbsp;<\/p>\n<p><strong><img decoding=\"async\" loading=\"lazy\" class=\"alignnone size-full wp-image-186507\" src=\"https:\/\/www.leccecronaca.it\/wordpress\/wp-content\/uploads\/2021\/07\/gendrey.jpg\" alt=\"\" width=\"1024\" height=\"768\" srcset=\"https:\/\/www.leccecronaca.it\/wordpress\/wp-content\/uploads\/2021\/07\/gendrey.jpg 1024w, https:\/\/www.leccecronaca.it\/wordpress\/wp-content\/uploads\/2021\/07\/gendrey-300x225.jpg 300w, https:\/\/www.leccecronaca.it\/wordpress\/wp-content\/uploads\/2021\/07\/gendrey-768x576.jpg 768w, https:\/\/www.leccecronaca.it\/wordpress\/wp-content\/uploads\/2021\/07\/gendrey-400x300.jpg 400w\" sizes=\"(max-width: 1024px) 100vw, 1024px\" \/>VALENTIN GENDREY <\/strong>(nella foto): come dicevamo, il secondo innesto per la fascia destra difensiva \u00e8 <strong>Valentin Gendrey<\/strong>. Francese, classe 2000, di propriet\u00e0 dell&#8217;<strong>Amiens<\/strong>,\u00a0 nonostante la giovanissima et\u00e0 ha gi\u00e0 una buona esperienza ed \u00e8 anche lui versatile, pu\u00f2 giocare infatti indifferentemente sulle corsie laterali e al centro. Arriva a <strong>Lecce<\/strong> a titolo definitivo con un contratto triennale, con opzione di rinnovo per altre due stagioni.<\/p>\n<p>&nbsp;<\/p>\n<p><strong>PICCOLA CURIOSITA&#8217;<\/strong>: Entrambi sono stati compagni all&#8217;<strong>Amiens<\/strong> di <strong>Alexis Blin<\/strong>, altro volto nuovo di questa campagna acquisti estiva dei salentini.<\/p>\n<fb:like href='https:\/\/www.leccecronaca.it\/index.php\/2021\/07\/29\/casa-lecce-doppio-colpo-di-corvino-ufficiali-calabresi-e-gendrey\/' send='true' layout='button_count' show_faces='true' width='450' height='65' action='recommend' colorscheme='light' font='lucida grande'><\/fb:like><span class=\"fb_share\"><fb:like href=\"https:\/\/www.leccecronaca.it\/index.php\/2021\/07\/29\/casa-lecce-doppio-colpo-di-corvino-ufficiali-calabresi-e-gendrey\/\" layout=\"button_count\"><\/fb:like><\/span>","protected":false},"excerpt":{"rendered":"<p>di Mattia Ala________ In un colpo solo Pantaleo Corvino (nella foto) ha sistemato la fascia destra difensiva del Lecce,\u00a0rimasta scoperta dopo l&#8217;addio di Maggio e Adjapong. Poco fa i salentini hanno ufficializzato l&#8217;arrivo alla corte di Marco Baroni\u00a0 dei terzini\u00a0 Arturo Calabresi e Valentin Gendrey. Andiamo a conoscerli insieme: ARTURO CALABRESI (nella foto):\u00a0 Romano, classe [&hellip;]<\/p>\n","protected":false},"author":4,"featured_media":184523,"comment_status":"open","ping_status":"closed","sticky":false,"template":"","format":"standard","meta":[],"categories":[28],"tags":[],"_links":{"self":[{"href":"https:\/\/www.leccecronaca.it\/index.php\/wp-json\/wp\/v2\/posts\/186505"}],"collection":[{"href":"https:\/\/www.leccecronaca.it\/index.php\/wp-json\/wp\/v2\/posts"}],"about":[{"href":"https:\/\/www.leccecronaca.it\/index.php\/wp-json\/wp\/v2\/types\/post"}],"author":[{"embeddable":true,"href":"https:\/\/www.leccecronaca.it\/index.php\/wp-json\/wp\/v2\/users\/4"}],"replies":[{"embeddable":true,"href":"https:\/\/www.leccecronaca.it\/index.php\/wp-json\/wp\/v2\/comments?post=186505"}],"version-history":[{"count":4,"href":"https:\/\/www.leccecronaca.it\/index.php\/wp-json\/wp\/v2\/posts\/186505\/revisions"}],"predecessor-version":[{"id":186517,"href":"https:\/\/www.leccecronaca.it\/index.php\/wp-json\/wp\/v2\/posts\/186505\/revisions\/186517"}],"wp:featuredmedia":[{"embeddable":true,"href":"https:\/\/www.leccecronaca.it\/index.php\/wp-json\/wp\/v2\/media\/184523"}],"wp:attachment":[{"href":"https:\/\/www.leccecronaca.it\/index.php\/wp-json\/wp\/v2\/media?parent=186505"}],"wp:term":[{"taxonomy":"category","embeddable":true,"href":"https:\/\/www.leccecronaca.it\/index.php\/wp-json\/wp\/v2\/categories?post=186505"},{"taxonomy":"post_tag","embeddable":true,"href":"https:\/\/www.leccecronaca.it\/index.php\/wp-json\/wp\/v2\/tags?post=186505"}],"curies":[{"name":"wp","href":"https:\/\/api.w.org\/{rel}","templated":true}]}}