{"id":186542,"date":"2021-07-30T15:32:08","date_gmt":"2021-07-30T13:32:08","guid":{"rendered":"http:\/\/www.leccecronaca.it\/?p=186542"},"modified":"2021-07-30T15:32:31","modified_gmt":"2021-07-30T13:32:31","slug":"la-polemica-il-presidente-emiliano-vive-su-facebook","status":"publish","type":"post","link":"https:\/\/www.leccecronaca.it\/index.php\/2021\/07\/30\/la-polemica-il-presidente-emiliano-vive-su-facebook\/","title":{"rendered":"LA POLEMICA \/ IL PRESIDENTE EMILIANO VIVE SU FACEBOOK"},"content":{"rendered":"<p><img decoding=\"async\" loading=\"lazy\" class=\"alignnone size-full wp-image-186543\" src=\"https:\/\/www.leccecronaca.it\/wordpress\/wp-content\/uploads\/2021\/07\/222628655_10163496193378084_2628210030121145328_n.jpg\" alt=\"\" width=\"1080\" height=\"1440\" srcset=\"https:\/\/www.leccecronaca.it\/wordpress\/wp-content\/uploads\/2021\/07\/222628655_10163496193378084_2628210030121145328_n.jpg 1080w, https:\/\/www.leccecronaca.it\/wordpress\/wp-content\/uploads\/2021\/07\/222628655_10163496193378084_2628210030121145328_n-225x300.jpg 225w, https:\/\/www.leccecronaca.it\/wordpress\/wp-content\/uploads\/2021\/07\/222628655_10163496193378084_2628210030121145328_n-768x1024.jpg 768w\" sizes=\"(max-width: 1080px) 100vw, 1080px\" \/>Riceviamo e volentieri pubblichiamo. Stefania Ronzino dell&#8217;associazione Nard\u00f2 Bene Comune ci manda per conoscenza la seguente lettera aperta inviata al presidente della Regione Puglia Michele Emiliano.________<\/p>\n<p><i>Gentile presidente,<\/i><\/p>\n<p>sappiamo che lei \u00e8 un tipo molto social, proprio come il sindaco della nostra citt\u00e0, e che usa la sua pagina Facebook per comunicare con i cittadini. Prima di scriverle questa lettera, abbiamo guardato proprio l\u00ec, per vedere di cosa si sta occupando in questo periodo.<\/p>\n<p><i><br \/>\nAbbiamo trovato post che la vedono presente alla conferenza della Notte della Taranta. Abbiamo trovato post per il Medimex di Taranto. Abbiamo trovato post sul mare pi\u00f9 pulito, sugli atleti pugliesi alle Olimpiadi, un post sul suo compleanno (a proposito, tanti auguri!) e finanche il video di un pappagallo. Che dire, la Puglia \u00e8 davvero meravigliosa, vista con i suoi occhi.<\/i><\/p>\n<p>&nbsp;<\/p>\n<p>Ora per\u00f2 vorremmo dirle ci\u00f2 che vediamo noi, cittadini pugliesi, con i nostri occhi.<\/p>\n<p><i>Vediamo code interminabili sotto il sole davanti al nostro hub vaccinale per cui si arriva a stare in sosta anche 3 o 4 ore. <\/i><\/p>\n<p><i>Vediamo incendi di uliveti disseccati dalla xylella che bruciano, e non solo quelli purtroppo, ogni giorno, e sentiamo l&#8217;odore acre che entra anche di notte nelle nostre case, costringendoci a tenere ben chiuse le finestre. <\/i><\/p>\n<p><i>Vediamo strade statali, provinciali, comunali, tratturi di campagna pieni di spazzatura. <\/i><\/p>\n<p><i>Vediamo assembramenti fuori dai locali. <\/i><\/p>\n<p><i>Vediamo le nostre marine tramortite dall&#8217;anarchia.<\/i><\/p>\n<p>&nbsp;<\/p>\n<p><i>Tutto questo \u00e8 solo una piccola parte di ci\u00f2 che i nostri occhi vedono in questa torrida estate.<br \/>\nVogliamo invitarla a guardare la Puglia con gli occhi di chi la vive senza privilegi, troppo spesso anche senza soldi.<\/i><\/p>\n<p><i><br \/>\nVenga a vivere una giornata tipo. Trascorra una mattinata in coda sotto il sole per una dose di vaccino. Trascorra una giornata intera nei roghi, accanto ai vigili del fuoco e ai volontari della Protezione civile, visto che spesso indossa la loro maglietta. Si faccia carico di una persona su una sedia a rotelle e la porti in giro per le nostre citt\u00e0, a sbrigare le sue cose: si render\u00e0 conto di quanto \u00e8 difficile. E perch\u00e9 no, trascorra una giornata intera nel pronto soccorso di Lecce.<\/i><\/p>\n<p>Magari vivendo alcune di queste esperienze vedr\u00e0 anche lei che la Puglia, e in particolare il Salento, non \u00e8 questa oasi paradisiaca che state vendendo ai turisti.<\/p>\n<p><i>Chi viene qui\u00a0<a class=\"matchTooltip\">oggi<\/a>, con questo panorama desolato, sporco, non curato, secco, bruciato, l&#8217;anno prossimo ci penser\u00e0 bene prima di tornare.<br \/>\n<\/i><\/p>\n<p><i>Presidente, si prenda cura della sua terra e della salute dei suoi cittadini.<br \/>\nInizi a parlarci dei numeri delle emergenze, sensibilizzi i cittadini non tanto alla DAD quanto a qualche lezione di educazione civica. La Puglia ne ha tanto bisogno.<\/i><\/p>\n<div><i>\u00a0<\/i><\/div>\n<div><i>Un caro saluto<\/i><\/div>\n<div>\n<p><i>Stefania Ronzino, insieme a tutti i soci di Nard\u00f2 Bene Comune<\/i><\/p>\n<div><\/div>\n<\/div>\n<fb:like href='https:\/\/www.leccecronaca.it\/index.php\/2021\/07\/30\/la-polemica-il-presidente-emiliano-vive-su-facebook\/' send='true' layout='button_count' show_faces='true' width='450' height='65' action='recommend' colorscheme='light' font='lucida grande'><\/fb:like><span class=\"fb_share\"><fb:like href=\"https:\/\/www.leccecronaca.it\/index.php\/2021\/07\/30\/la-polemica-il-presidente-emiliano-vive-su-facebook\/\" layout=\"button_count\"><\/fb:like><\/span>","protected":false},"excerpt":{"rendered":"<p>Riceviamo e volentieri pubblichiamo. Stefania Ronzino dell&#8217;associazione Nard\u00f2 Bene Comune ci manda per conoscenza la seguente lettera aperta inviata al presidente della Regione Puglia Michele Emiliano.________ Gentile presidente, sappiamo che lei \u00e8 un tipo molto social, proprio come il sindaco della nostra citt\u00e0, e che usa la sua pagina Facebook per comunicare con i cittadini. [&hellip;]<\/p>\n","protected":false},"author":4,"featured_media":186543,"comment_status":"open","ping_status":"closed","sticky":false,"template":"","format":"standard","meta":[],"categories":[69,76,36],"tags":[],"_links":{"self":[{"href":"https:\/\/www.leccecronaca.it\/index.php\/wp-json\/wp\/v2\/posts\/186542"}],"collection":[{"href":"https:\/\/www.leccecronaca.it\/index.php\/wp-json\/wp\/v2\/posts"}],"about":[{"href":"https:\/\/www.leccecronaca.it\/index.php\/wp-json\/wp\/v2\/types\/post"}],"author":[{"embeddable":true,"href":"https:\/\/www.leccecronaca.it\/index.php\/wp-json\/wp\/v2\/users\/4"}],"replies":[{"embeddable":true,"href":"https:\/\/www.leccecronaca.it\/index.php\/wp-json\/wp\/v2\/comments?post=186542"}],"version-history":[{"count":2,"href":"https:\/\/www.leccecronaca.it\/index.php\/wp-json\/wp\/v2\/posts\/186542\/revisions"}],"predecessor-version":[{"id":186545,"href":"https:\/\/www.leccecronaca.it\/index.php\/wp-json\/wp\/v2\/posts\/186542\/revisions\/186545"}],"wp:featuredmedia":[{"embeddable":true,"href":"https:\/\/www.leccecronaca.it\/index.php\/wp-json\/wp\/v2\/media\/186543"}],"wp:attachment":[{"href":"https:\/\/www.leccecronaca.it\/index.php\/wp-json\/wp\/v2\/media?parent=186542"}],"wp:term":[{"taxonomy":"category","embeddable":true,"href":"https:\/\/www.leccecronaca.it\/index.php\/wp-json\/wp\/v2\/categories?post=186542"},{"taxonomy":"post_tag","embeddable":true,"href":"https:\/\/www.leccecronaca.it\/index.php\/wp-json\/wp\/v2\/tags?post=186542"}],"curies":[{"name":"wp","href":"https:\/\/api.w.org\/{rel}","templated":true}]}}